{"id":28462,"date":"2020-06-14T00:22:03","date_gmt":"2020-06-14T00:22:03","guid":{"rendered":"https:\/\/jorgezanoni.com.br\/2019\/?p=28462"},"modified":"2020-06-14T00:22:03","modified_gmt":"2020-06-14T00:22:03","slug":"homem-morre-apos-ser-golpeado-com-faca-em-osvaldo-cruz","status":"publish","type":"post","link":"https:\/\/jorgezanoni.com.br\/2019\/homem-morre-apos-ser-golpeado-com-faca-em-osvaldo-cruz\/","title":{"rendered":"Homem morre ap\u00f3s ser golpeado com faca, em Osvaldo Cruz"},"content":{"rendered":"<p style=\"text-align: justify;\"><strong>Ocorr\u00eancia foi registrada neste s\u00e1bado (13).<\/strong><\/p>\n<p style=\"text-align: justify;\">Morreu no in\u00edcio da noite deste s\u00e1bado (13)\u00a0<a href=\"http:\/\/www.fmmetropole.com.br\/noticias\/policial\/homem-golpeado-por-faca-no-centro-de-osvaldo-cruz-13-06-2020\"><strong>Evandro Kova<\/strong><\/a><a href=\"http:\/\/www.fmmetropole.com.br\/noticias\/policial\/homem-golpeado-por-faca-no-centro-de-osvaldo-cruz-13-06-2020\">\u00a0que sofreu ferimentos causados por golpes de faca no centro de Osvaldo Cruz<\/a>.<\/p>\n<p style=\"text-align: justify;\">Segundo informa\u00e7\u00f5es levantadas no local, dois homens por motivos a serem investigados, entraram em vias de fato e um acabou golpeando o outro com uma faca.<\/p>\n<p style=\"text-align: justify;\">O autor da facada acertou duas vezes a regi\u00e3o da vir\u00edlha da v\u00edtima, que foi socorrido para a Santa Casa de Osvaldo Cruz pela Unidade de Resgate do Corpo de Bombeiros, por\u00e9m n\u00e3o resistiu aos ferimentos e acabou falecendo.<\/p>\n<p style=\"text-align: justify;\">A Pol\u00edcia Militar deteve o autor que foi encaminhado para a Santa Casa e posteriormente foi levado para Delegacia de Pol\u00edcia de Osvaldo Cruz.<\/p>\n<p style=\"text-align: justify;\">Ocorr\u00eancia segue em andamento.<\/p>\n<p style=\"text-align: justify;\"><em>Supervis\u00e3o de Acally Toledo*<\/em><\/p>\n<p style=\"text-align: justify;\">Fonte: fmmetropole.com.br<\/p>\n","protected":false},"excerpt":{"rendered":"<p>Ocorr\u00eancia foi registrada neste s\u00e1bado (13). Morreu no in\u00edcio da noite deste s\u00e1bado (13)\u00a0Evandro Kova\u00a0que sofreu ferimentos causados por golpes de faca no centro de Osvaldo Cruz. Segundo informa\u00e7\u00f5es levantadas no local, dois homens por motivos a serem investigados, entraram em vias de fato e um acabou golpeando o outro com uma faca. O autor [&hellip;]<\/p>\n","protected":false},"author":1,"featured_media":28463,"comment_status":"closed","ping_status":"open","sticky":false,"template":"","format":"standard","meta":{"footnotes":""},"categories":[110,2],"tags":[],"class_list":["post-28462","post","type-post","status-publish","format-standard","has-post-thumbnail","hentry","category-noticiasdestaque","category-policial"],"_links":{"self":[{"href":"https:\/\/jorgezanoni.com.br\/2019\/wp-json\/wp\/v2\/posts\/28462","targetHints":{"allow":["GET"]}}],"collection":[{"href":"https:\/\/jorgezanoni.com.br\/2019\/wp-json\/wp\/v2\/posts"}],"about":[{"href":"https:\/\/jorgezanoni.com.br\/2019\/wp-json\/wp\/v2\/types\/post"}],"author":[{"embeddable":true,"href":"https:\/\/jorgezanoni.com.br\/2019\/wp-json\/wp\/v2\/users\/1"}],"replies":[{"embeddable":true,"href":"https:\/\/jorgezanoni.com.br\/2019\/wp-json\/wp\/v2\/comments?post=28462"}],"version-history":[{"count":0,"href":"https:\/\/jorgezanoni.com.br\/2019\/wp-json\/wp\/v2\/posts\/28462\/revisions"}],"wp:featuredmedia":[{"embeddable":true,"href":"https:\/\/jorgezanoni.com.br\/2019\/wp-json\/wp\/v2\/media\/28463"}],"wp:attachment":[{"href":"https:\/\/jorgezanoni.com.br\/2019\/wp-json\/wp\/v2\/media?parent=28462"}],"wp:term":[{"taxonomy":"category","embeddable":true,"href":"https:\/\/jorgezanoni.com.br\/2019\/wp-json\/wp\/v2\/categories?post=28462"},{"taxonomy":"post_tag","embeddable":true,"href":"https:\/\/jorgezanoni.com.br\/2019\/wp-json\/wp\/v2\/tags?post=28462"}],"curies":[{"name":"wp","href":"https:\/\/api.w.org\/{rel}","templated":true}]}}