{"id":28459,"date":"2020-06-14T00:04:40","date_gmt":"2020-06-14T00:04:40","guid":{"rendered":"https:\/\/jorgezanoni.com.br\/2019\/?p=28459"},"modified":"2020-06-14T00:04:40","modified_gmt":"2020-06-14T00:04:40","slug":"apos-descobrir-gravidez-com-uma-semana-de-diferenca-mae-e-filha-dao-a-luz-no-mesmo-dia-experiencia-unica","status":"publish","type":"post","link":"https:\/\/jorgezanoni.com.br\/2019\/apos-descobrir-gravidez-com-uma-semana-de-diferenca-mae-e-filha-dao-a-luz-no-mesmo-dia-experiencia-unica\/","title":{"rendered":"Ap\u00f3s descobrir gravidez com uma semana de diferen\u00e7a, m\u00e3e e filha d\u00e3o \u00e0 luz no mesmo dia: &#8216;Experi\u00eancia \u00fanica&#8217;"},"content":{"rendered":"<h2 class=\"content-head__subtitle\" style=\"text-align: justify;\"><strong>K\u00e1tia e Natalie da Silva compartilharam momentos do pr\u00e9-natal at\u00e9 o parto. Agora, se recuperam na companhia dos pequenos Henrique e Alice, em S\u00e3o Roque (SP).<\/strong><\/h2>\n<div class=\"mc-column content-text active-extra-styles \" data-block-type=\"unstyled\" data-block-weight=\"40\" data-block-id=\"2\">\n<p class=\"content-text__container \" style=\"text-align: justify;\" data-track-category=\"Link no Texto\" data-track-links=\"\">K\u00e1tia da Silva e a filha, Natalie da Silva Pereira, 18 anos mais nova, j\u00e1 compartilharam muitos momentos juntas. Um dos mais especiais foi no come\u00e7o desta semana, quando deram \u00e0 luz juntas na Santa Casa de S\u00e3o Roque (SP).<\/p>\n<\/div>\n<div class=\"wall protected-content\">\n<div class=\"mc-column content-text active-extra-styles \" data-block-type=\"unstyled\" data-block-weight=\"31\" data-block-id=\"3\">\n<p class=\"content-text__container \" style=\"text-align: justify;\" data-track-category=\"Link no Texto\" data-track-links=\"\">Ao<strong>\u00a0G1<\/strong>, K\u00e1tia, de 39 anos, disse que as duas descobriram a gravidez com cerca de 10 dias de diferen\u00e7a. Primeiro, Natalie, 21 anos, contou que estava esperando o segundo filho.<\/p>\n<p class=\"content-text__container \" style=\"text-align: justify;\" data-track-category=\"Link no Texto\" data-track-links=\"\"><span style=\"font-style: italic; text-align: center;\">Quando ela contou, eu fiquei at\u00e9 brava, porque ela j\u00e1 tem o nen\u00ea de tr\u00eas anos. Mas a\u00ed, passaram-se uns 10 dias e eu descobri que tamb\u00e9m estava gr\u00e1vida! A partir da\u00ed, fizemos tudo juntas, do pr\u00e9-natal ao parto&#8221;, diz a m\u00e3e.<\/span><\/p>\n<div class=\"mc-column content-text active-extra-styles \" style=\"text-align: justify;\" data-block-type=\"unstyled\" data-block-weight=\"41\" data-block-id=\"7\">\n<p class=\"content-text__container \" data-track-category=\"Link no Texto\" data-track-links=\"\">Na ter\u00e7a-feira (9), m\u00e3e e filha entraram em trabalho de parto e, no mesmo centro cir\u00fargico, deram \u00e0 luz juntas. Os partos foram cesarianas. &#8220;Meu filho, Henrique, nasceu primeiro e, logo depois, minha filha teve a Alice, minha neta&#8221;, conta K\u00e1tia.<\/p>\n<\/div>\n<div class=\"mc-column content-text active-extra-styles \" style=\"text-align: justify;\" data-block-type=\"unstyled\" data-block-weight=\"20\" data-block-id=\"8\">\n<p class=\"content-text__container \" data-track-category=\"Link no Texto\" data-track-links=\"\">As duas receberam alta do hospital nesta quinta-feira (11). Para K\u00e1tia, passar pela experi\u00eancia ao lado da filha foi especial.<\/p>\n<\/div>\n<div class=\"row medium-uncollapsed content-media content-photo\" style=\"text-align: justify;\" data-block-type=\"backstage-photo\" data-block-id=\"9\">\n<div class=\"mc-column content-media__container\">\n<figure><img decoding=\"async\" class=\"i-amphtml-fill-content i-amphtml-replaced-content\" src=\"https:\/\/s2.glbimg.com\/TcbBQYV5Cj3TUheNxRodvOBy7A8=\/0x0:1025x595\/984x0\/smart\/filters:strip_icc()\/i.s3.glbimg.com\/v1\/AUTH_59edd422c0c84a879bd37670ae4f538a\/internal_photos\/bs\/2020\/l\/k\/SzFPe6Q4e7TBB7sm7DrA\/1591878033201965.jpg\" sizes=\"(max-width: 1242px) 648px, 100vw\" srcset=\"https:\/\/s2.glbimg.com\/W7Zxf1wi9y0rAkTlSvbKXOrqe5s=\/0x0:1025x595\/1000x0\/smart\/filters:strip_icc()\/i.s3.glbimg.com\/v1\/AUTH_59edd422c0c84a879bd37670ae4f538a\/internal_photos\/bs\/2020\/l\/k\/SzFPe6Q4e7TBB7sm7DrA\/1591878033201965.jpg 1000w, https:\/\/s2.glbimg.com\/TcbBQYV5Cj3TUheNxRodvOBy7A8=\/0x0:1025x595\/984x0\/smart\/filters:strip_icc()\/i.s3.glbimg.com\/v1\/AUTH_59edd422c0c84a879bd37670ae4f538a\/internal_photos\/bs\/2020\/l\/k\/SzFPe6Q4e7TBB7sm7DrA\/1591878033201965.jpg 984w, https:\/\/s2.glbimg.com\/6AdOzi4i14xRj338ER3ZL95FfJw=\/0x0:1025x595\/640x0\/smart\/filters:strip_icc()\/i.s3.glbimg.com\/v1\/AUTH_59edd422c0c84a879bd37670ae4f538a\/internal_photos\/bs\/2020\/l\/k\/SzFPe6Q4e7TBB7sm7DrA\/1591878033201965.jpg 640w, https:\/\/s2.glbimg.com\/IaNqIHjWvv3XKpNjEFFuMkoYsTI=\/0x0:1025x595\/600x0\/smart\/filters:strip_icc()\/i.s3.glbimg.com\/v1\/AUTH_59edd422c0c84a879bd37670ae4f538a\/internal_photos\/bs\/2020\/l\/k\/SzFPe6Q4e7TBB7sm7DrA\/1591878033201965.jpg 600w\" alt=\"M\u00e3e e filha d\u00e3o \u00e0 luz no mesmo dia em S\u00e3o Roque \u2014 Foto: Arquivo pessoal\" \/><\/figure>\n<p class=\"content-media__description \">M\u00e3e e filha d\u00e3o \u00e0 luz no mesmo dia em S\u00e3o Roque \u2014 Foto: Arquivo pessoal<\/p>\n<\/div>\n<\/div>\n<div class=\"mc-column content-text active-extra-styles \" style=\"text-align: justify;\" data-block-type=\"unstyled\" data-block-weight=\"22\" data-block-id=\"10\">\n<p class=\"content-text__container \" data-track-category=\"Link no Texto\" data-track-links=\"\">&#8220;\u00c9 uma experi\u00eancia \u00fanica. N\u00e3o tem como descrever a sensa\u00e7\u00e3o de ver dois filhos e uma neta, todos ao mesmo tempo&#8221;, conta.<\/p>\n<\/div>\n<div class=\"mc-column content-text active-extra-styles \" style=\"text-align: justify;\" data-block-type=\"unstyled\" data-block-weight=\"47\" data-block-id=\"11\">\n<p class=\"content-text__container \" data-track-category=\"Link no Texto\" data-track-links=\"\">Os parentescos podem confundir um pouco, j\u00e1 que K\u00e1tia \u00e9 m\u00e3e de Henrique, que \u00e9 tio de Alice, que \u00e9 filha de Natalie, que \u00e9 filha de K\u00e1tia. Mas, se tem uma coisa que essa fam\u00edlia tem certeza, \u00e9 de que nunca vai faltar amor e companheirismo.<\/p>\n<p class=\"content-text__container \" data-track-category=\"Link no Texto\" data-track-links=\"\"><span style=\"font-style: italic; text-align: center;\">Esperamos que eles cres\u00e7am juntos, sempre compartilhando momentos bons&#8221;, finaliza K\u00e1tia.<\/span><\/p>\n<\/div>\n<div class=\"row medium-uncollapsed content-media content-photo\" style=\"text-align: justify;\" data-block-type=\"backstage-photo\" data-block-id=\"13\">\n<div class=\"mc-column content-media__container\">\n<figure><img decoding=\"async\" class=\"i-amphtml-fill-content i-amphtml-replaced-content\" src=\"https:\/\/s2.glbimg.com\/EFEwanxHm12AVduqWXF1Vean-WE=\/0x0:1023x593\/984x0\/smart\/filters:strip_icc()\/i.s3.glbimg.com\/v1\/AUTH_59edd422c0c84a879bd37670ae4f538a\/internal_photos\/bs\/2020\/t\/Z\/PMYGPHQw2aNtDWqWO1bA\/1591878203597800.jpg\" sizes=\"(max-width: 1242px) 648px, 100vw\" srcset=\"https:\/\/s2.glbimg.com\/r1DHJB4eoK9XSknQijzpJcIlajs=\/0x0:1023x593\/1000x0\/smart\/filters:strip_icc()\/i.s3.glbimg.com\/v1\/AUTH_59edd422c0c84a879bd37670ae4f538a\/internal_photos\/bs\/2020\/t\/Z\/PMYGPHQw2aNtDWqWO1bA\/1591878203597800.jpg 1000w, https:\/\/s2.glbimg.com\/EFEwanxHm12AVduqWXF1Vean-WE=\/0x0:1023x593\/984x0\/smart\/filters:strip_icc()\/i.s3.glbimg.com\/v1\/AUTH_59edd422c0c84a879bd37670ae4f538a\/internal_photos\/bs\/2020\/t\/Z\/PMYGPHQw2aNtDWqWO1bA\/1591878203597800.jpg 984w, https:\/\/s2.glbimg.com\/1Bf3sZ_Omg2RVZPBZIu-cHT-gtw=\/0x0:1023x593\/640x0\/smart\/filters:strip_icc()\/i.s3.glbimg.com\/v1\/AUTH_59edd422c0c84a879bd37670ae4f538a\/internal_photos\/bs\/2020\/t\/Z\/PMYGPHQw2aNtDWqWO1bA\/1591878203597800.jpg 640w, https:\/\/s2.glbimg.com\/9r1Edn3Ohfgc3bD5sCjtKSvZHfE=\/0x0:1023x593\/600x0\/smart\/filters:strip_icc()\/i.s3.glbimg.com\/v1\/AUTH_59edd422c0c84a879bd37670ae4f538a\/internal_photos\/bs\/2020\/t\/Z\/PMYGPHQw2aNtDWqWO1bA\/1591878203597800.jpg 600w\" alt=\"M\u00e3e e filha d\u00e3o \u00e0 luz no mesmo dia em S\u00e3o Roque \u2014 Foto: Arquivo pessoal\" \/><\/figure>\n<p class=\"content-media__description \">M\u00e3e e filha d\u00e3o \u00e0 luz no mesmo dia em S\u00e3o Roque \u2014 Foto: Arquivo pessoal<\/p>\n<p>Fonte: G1<\/p>\n<\/div>\n<\/div>\n<div class=\"content-ads content-ads--reveal\" data-block-type=\"ads\" data-block-id=\"14\">\n<div id=\"banner_materia__00540eee-b7c2-438b-91e3-b5fe06e5595a\" class=\"tag-manager-publicidade-container mc-has-reveal mc-has-ad-lazyload tag-manager-publicidade-banner_materia__00540eee-b7c2-438b-91e3-b5fe06e5595a tag-manager-publicidade-container--carregado tag-manager-publicidade-container--visivel\" style=\"text-align: justify;\" data-id=\"banner_materia__00540eee-b7c2-438b-91e3-b5fe06e5595a\" data-google-query-id=\"CPa4pJSAgOoCFQ4GuQYd4MQCog\" data-cid=\"138313404806\" data-lid=\"5385726186\"><\/div>\n<\/div>\n<\/div>\n<\/div>\n","protected":false},"excerpt":{"rendered":"<p>K\u00e1tia e Natalie da Silva compartilharam momentos do pr\u00e9-natal at\u00e9 o parto. Agora, se recuperam na companhia dos pequenos Henrique e Alice, em S\u00e3o Roque (SP). K\u00e1tia da Silva e a filha, Natalie da Silva Pereira, 18 anos mais nova, j\u00e1 compartilharam muitos momentos juntas. Um dos mais especiais foi no come\u00e7o desta semana, quando [&hellip;]<\/p>\n","protected":false},"author":1,"featured_media":28460,"comment_status":"closed","ping_status":"open","sticky":false,"template":"","format":"standard","meta":{"footnotes":""},"categories":[114,110],"tags":[],"class_list":["post-28459","post","type-post","status-publish","format-standard","has-post-thumbnail","hentry","category-geralecomercio","category-noticiasdestaque"],"_links":{"self":[{"href":"https:\/\/jorgezanoni.com.br\/2019\/wp-json\/wp\/v2\/posts\/28459","targetHints":{"allow":["GET"]}}],"collection":[{"href":"https:\/\/jorgezanoni.com.br\/2019\/wp-json\/wp\/v2\/posts"}],"about":[{"href":"https:\/\/jorgezanoni.com.br\/2019\/wp-json\/wp\/v2\/types\/post"}],"author":[{"embeddable":true,"href":"https:\/\/jorgezanoni.com.br\/2019\/wp-json\/wp\/v2\/users\/1"}],"replies":[{"embeddable":true,"href":"https:\/\/jorgezanoni.com.br\/2019\/wp-json\/wp\/v2\/comments?post=28459"}],"version-history":[{"count":0,"href":"https:\/\/jorgezanoni.com.br\/2019\/wp-json\/wp\/v2\/posts\/28459\/revisions"}],"wp:featuredmedia":[{"embeddable":true,"href":"https:\/\/jorgezanoni.com.br\/2019\/wp-json\/wp\/v2\/media\/28460"}],"wp:attachment":[{"href":"https:\/\/jorgezanoni.com.br\/2019\/wp-json\/wp\/v2\/media?parent=28459"}],"wp:term":[{"taxonomy":"category","embeddable":true,"href":"https:\/\/jorgezanoni.com.br\/2019\/wp-json\/wp\/v2\/categories?post=28459"},{"taxonomy":"post_tag","embeddable":true,"href":"https:\/\/jorgezanoni.com.br\/2019\/wp-json\/wp\/v2\/tags?post=28459"}],"curies":[{"name":"wp","href":"https:\/\/api.w.org\/{rel}","templated":true}]}}