{"id":28456,"date":"2020-06-13T23:47:31","date_gmt":"2020-06-13T23:47:31","guid":{"rendered":"https:\/\/jorgezanoni.com.br\/2019\/?p=28456"},"modified":"2020-06-13T23:48:15","modified_gmt":"2020-06-13T23:48:15","slug":"bruno-covas-e-diagnosticado-com-coronavirus","status":"publish","type":"post","link":"https:\/\/jorgezanoni.com.br\/2019\/bruno-covas-e-diagnosticado-com-coronavirus\/","title":{"rendered":"Bruno Covas \u00e9 diagnosticado com coronav\u00edrus"},"content":{"rendered":"<h2 class=\"content-head__subtitle\" style=\"text-align: justify;\"><strong>Teste positivo veio depois de exame de rotina. Ele n\u00e3o apresenta sintomas e recebeu recomenda\u00e7\u00e3o para permanecer trabalhando em casa. Covas enfrenta um c\u00e2ncer.<\/strong><\/h2>\n<div class=\"mc-column content-text active-extra-styles \" data-block-type=\"unstyled\" data-block-weight=\"27\" data-block-id=\"2\">\n<p class=\"content-text__container \" style=\"text-align: justify;\" data-track-category=\"Link no Texto\" data-track-links=\"\">O prefeito de S\u00e3o Paulo, Bruno Covas, foi diagnosticado com coronav\u00edrus neste s\u00e1bado (13). Segundo a Prefeitura, o teste positivo veio depois de exame de rotina.<\/p>\n<\/div>\n<div class=\"wall protected-content\">\n<div class=\"mc-column content-text active-extra-styles \" style=\"text-align: justify;\" data-block-type=\"unstyled\" data-block-weight=\"26\" data-block-id=\"3\">\n<p class=\"content-text__container \" data-track-category=\"Link no Texto\" data-track-links=\"\">Ele passa bem, n\u00e3o apresenta sintomas e recebeu recomenda\u00e7\u00e3o de seu m\u00e9dico, Dr. Davi Uip, para permanecer trabalhando em casa e em observa\u00e7\u00e3o pelos pr\u00f3ximos dias.<\/p>\n<\/div>\n<div class=\"mc-column content-text active-extra-styles \" style=\"text-align: justify;\" data-block-type=\"unstyled\" data-block-weight=\"14\" data-block-id=\"4\">\n<p class=\"content-text__container \" data-track-category=\"Link no Texto\" data-track-links=\"\">Em v\u00eddeo postado no Instagram, Covas afirmou que n\u00e3o vai se licenciar do cargo.<\/p>\n<\/div>\n<div class=\"mc-column content-text active-extra-styles \" style=\"text-align: justify;\" data-block-type=\"unstyled\" data-block-weight=\"58\" data-block-id=\"5\">\n<p class=\"content-text__container \" data-track-category=\"Link no Texto\" data-track-links=\"\">&#8220;Depois de 4 testes negativos, hoje, infelizmente, testei positivo para a Covid-19. A orienta\u00e7\u00e3o \u00e9 ficar dentro de casa, j\u00e1 que n\u00e3o tenho sintomas, e n\u00e3o h\u00e1 necessidade de me licenciar do cargo de prefeito. Vou poder continuar a me reunir de forma online. A expectativa \u00e9 a de que eu fique aqui por 10 dias&#8221;, disse.<\/p>\n<\/div>\n<div class=\"mc-column content-text active-extra-styles\" style=\"text-align: justify;\" data-block-type=\"raw\" data-block-weight=\"1\" data-block-id=\"6\">\n<div class=\"content-intertitle\">\n<h2>C\u00e2ncer<\/h2>\n<\/div>\n<\/div>\n<div class=\"mc-column content-text active-extra-styles \" style=\"text-align: justify;\" data-block-type=\"unstyled\" data-block-weight=\"33\" data-block-id=\"7\">\n<p class=\"content-text__container \" data-track-category=\"Link no Texto\" data-track-links=\"\">Em maio, o prefeito foi internado no Hospital S\u00edrio-Liban\u00eas ap\u00f3s sintomas de desconforto abdominal e teve alta dois dias depois. &#8220;Os exames evidenciaram quadro de colite autolimitada (inflama\u00e7\u00e3o do intestino com melhora espont\u00e2nea)&#8221;.<\/p>\n<\/div>\n<div class=\"mc-column content-text active-extra-styles \" style=\"text-align: justify;\" data-block-type=\"unstyled\" data-block-weight=\"22\" data-block-id=\"8\">\n<p class=\"content-text__container \" data-track-category=\"Link no Texto\" data-track-links=\"\"><a href=\"https:\/\/g1.globo.com\/sp\/sao-paulo\/noticia\/2019\/10\/28\/bruno-covas-comecara-quimioterapia-para-tratar-cancer-na-transicao-entre-estomago-e-esofago-e-continuara-no-cargo.ghtml\">Covas faz tratamento contra um c\u00e2ncer diagnosticado, inicialmente, na c\u00e1rdia, transi\u00e7\u00e3o entre est\u00f4mago e es\u00f4fago<\/a>. Ele continua fazendo imunoterapia contra c\u00e2ncer linfonodos.<\/p>\n<\/div>\n<div class=\"mc-column content-text active-extra-styles \" style=\"text-align: justify;\" data-block-type=\"unstyled\" data-block-weight=\"31\" data-block-id=\"9\">\n<p class=\"content-text__container \" data-track-category=\"Link no Texto\" data-track-links=\"\">O prefeito Bruno Covas vem sendo acompanhado pelas equipes m\u00e9dicas coordenadas pelo Prof. Dr. David Uip, pelo Prof. Dr. Roberto Kalil Filho, Dr. Artur Katz e Dr. Tulio Eduardo Flesch Pfiffer.<\/p>\n<\/div>\n<div class=\"mc-column content-text active-extra-styles\" style=\"text-align: justify;\" data-block-type=\"raw\" data-block-weight=\"3\" data-block-id=\"11\">\n<div class=\"content-intertitle\">\n<h2>Descoberta do C\u00e2ncer<\/h2>\n<\/div>\n<\/div>\n<div class=\"mc-column content-text active-extra-styles \" style=\"text-align: justify;\" data-block-type=\"unstyled\" data-block-weight=\"46\" data-block-id=\"12\">\n<p class=\"content-text__container \" data-track-category=\"Link no Texto\" data-track-links=\"\">O prefeito foi internado pela primeira vez no dia 23 de outubro de 2019, quando chegou ao hospital com erisipela (infec\u00e7\u00e3o na perna), que evoluiu para trombose venosa profunda (co\u00e1gulos) na perna direita. Os co\u00e1gulos subiram para o pulm\u00e3o, causando o que \u00e9 chamado de embolia.<\/p>\n<\/div>\n<div class=\"mc-column content-text active-extra-styles \" style=\"text-align: justify;\" data-block-type=\"unstyled\" data-block-weight=\"25\" data-block-id=\"13\">\n<p class=\"content-text__container \" data-track-category=\"Link no Texto\" data-track-links=\"\">Durante os exames para localizar os co\u00e1gulos, m\u00e9dicos detectaram um c\u00e2ncer na c\u00e1rdia, regi\u00e3o entre o es\u00f4fago e o est\u00f4mago, com met\u00e1stase no f\u00edgado.<\/p>\n<\/div>\n<div class=\"mc-column content-text active-extra-styles \" style=\"text-align: justify;\" data-block-type=\"unstyled\" data-block-weight=\"21\" data-block-id=\"14\">\n<p class=\"content-text__container \" data-track-category=\"Link no Texto\" data-track-links=\"\">Covas passou por oito sess\u00f5es de quimioterapia mas, segundo a equipe m\u00e9dica, n\u00e3o foram suficientes para vencer o c\u00e2ncer.<\/p>\n<\/div>\n<div class=\"mc-column content-text active-extra-styles \" style=\"text-align: justify;\" data-block-type=\"unstyled\" data-block-weight=\"33\" data-block-id=\"15\">\n<p class=\"content-text__container \" data-track-category=\"Link no Texto\" data-track-links=\"\">No \u00faltimo boletim m\u00e9dico divulgado em 28 de abril, a equipe do S\u00edrio Liban\u00eas afirmou que Bruno Covas continua com c\u00e2ncer nos linfonodos, sendo necess\u00e1rio que ele continue com o tratamento de imunoterapia.<\/p>\n<\/div>\n<div class=\"mc-column content-text active-extra-styles \" style=\"text-align: justify;\" data-block-type=\"unstyled\" data-block-weight=\"31\" data-block-id=\"16\">\n<p class=\"content-text__container \" data-track-category=\"Link no Texto\" data-track-links=\"\">Na ocasi\u00e3o, o prefeito foi submetido a exames de controle, entre eles a resson\u00e2ncia magn\u00e9tica, &#8220;que demonstraram que o tratamento est\u00e1 sendo eficaz no combate ao c\u00e2ncer que persiste nos linfonodos&#8221;.<\/p>\n<\/div>\n<div class=\"mc-column content-text active-extra-styles \" data-block-type=\"unstyled\" data-block-weight=\"30\" data-block-id=\"17\">\n<p class=\"content-text__container \" style=\"text-align: justify;\" data-track-category=\"Link no Texto\" data-track-links=\"\">&#8220;Diante desse resultado, a equipe m\u00e9dica decidiu que o prefeito seguir\u00e1 realizando aplica\u00e7\u00f5es endovenosas de imunoterapia a cada tr\u00eas semanas&#8221;, informou a nota assinada pelos m\u00e9dicos em 28 de abril.<\/p>\n<p style=\"text-align: justify;\" data-track-category=\"Link no Texto\" data-track-links=\"\">Fonte: G1<\/p>\n<\/div>\n<\/div>\n","protected":false},"excerpt":{"rendered":"<p>Teste positivo veio depois de exame de rotina. Ele n\u00e3o apresenta sintomas e recebeu recomenda\u00e7\u00e3o para permanecer trabalhando em casa. Covas enfrenta um c\u00e2ncer. O prefeito de S\u00e3o Paulo, Bruno Covas, foi diagnosticado com coronav\u00edrus neste s\u00e1bado (13). Segundo a Prefeitura, o teste positivo veio depois de exame de rotina. Ele passa bem, n\u00e3o apresenta [&hellip;]<\/p>\n","protected":false},"author":1,"featured_media":28457,"comment_status":"closed","ping_status":"open","sticky":false,"template":"","format":"standard","meta":{"footnotes":""},"categories":[110,116],"tags":[],"class_list":["post-28456","post","type-post","status-publish","format-standard","has-post-thumbnail","hentry","category-noticiasdestaque","category-politicaeeconomia"],"_links":{"self":[{"href":"https:\/\/jorgezanoni.com.br\/2019\/wp-json\/wp\/v2\/posts\/28456","targetHints":{"allow":["GET"]}}],"collection":[{"href":"https:\/\/jorgezanoni.com.br\/2019\/wp-json\/wp\/v2\/posts"}],"about":[{"href":"https:\/\/jorgezanoni.com.br\/2019\/wp-json\/wp\/v2\/types\/post"}],"author":[{"embeddable":true,"href":"https:\/\/jorgezanoni.com.br\/2019\/wp-json\/wp\/v2\/users\/1"}],"replies":[{"embeddable":true,"href":"https:\/\/jorgezanoni.com.br\/2019\/wp-json\/wp\/v2\/comments?post=28456"}],"version-history":[{"count":0,"href":"https:\/\/jorgezanoni.com.br\/2019\/wp-json\/wp\/v2\/posts\/28456\/revisions"}],"wp:featuredmedia":[{"embeddable":true,"href":"https:\/\/jorgezanoni.com.br\/2019\/wp-json\/wp\/v2\/media\/28457"}],"wp:attachment":[{"href":"https:\/\/jorgezanoni.com.br\/2019\/wp-json\/wp\/v2\/media?parent=28456"}],"wp:term":[{"taxonomy":"category","embeddable":true,"href":"https:\/\/jorgezanoni.com.br\/2019\/wp-json\/wp\/v2\/categories?post=28456"},{"taxonomy":"post_tag","embeddable":true,"href":"https:\/\/jorgezanoni.com.br\/2019\/wp-json\/wp\/v2\/tags?post=28456"}],"curies":[{"name":"wp","href":"https:\/\/api.w.org\/{rel}","templated":true}]}}