{"id":28426,"date":"2020-06-13T19:41:08","date_gmt":"2020-06-13T19:41:08","guid":{"rendered":"https:\/\/jorgezanoni.com.br\/2019\/?p=28426"},"modified":"2020-06-13T19:41:08","modified_gmt":"2020-06-13T19:41:08","slug":"entenda-a-diferenca-de-numeros-de-casos-de-covid-19-do-quadro-da-prefeitura-de-dracena-e-do-boletim-da-santa-casa","status":"publish","type":"post","link":"https:\/\/jorgezanoni.com.br\/2019\/entenda-a-diferenca-de-numeros-de-casos-de-covid-19-do-quadro-da-prefeitura-de-dracena-e-do-boletim-da-santa-casa\/","title":{"rendered":"Entenda a diferen\u00e7a de n\u00fameros de casos de Covid-19 do quadro da Prefeitura de Dracena e do boletim da Santa Casa."},"content":{"rendered":"<p style=\"text-align: justify;\">Novamente a Prefeitura de Dracena vem a p\u00fablico esclarecer a diferen\u00e7a dos n\u00fameros de casos suspeitos\/confirmados\/\u00f3bitos dos quadros informativos da Santa Casa e da municipalidade.<\/p>\n<p style=\"text-align: justify;\">Em primeiro lugar deve-se deixar claro que a Santa casa n\u00e3o faz parte da administra\u00e7\u00e3o municipal, a Santa Casa \u00e9 uma irmandade aut\u00f4noma e com provedoria pr\u00f3pria. A Santa Casa recebe pa<span class=\"text_exposed_show\">cientes de Dracena e mais doze cidades da nossa regi\u00e3o.<\/span><\/p>\n<div class=\"text_exposed_show\">\n<p style=\"text-align: justify;\">A Santa Casa contabiliza em n\u00fameros apenas as pessoas que passaram por atendimento e\/ou interna\u00e7\u00e3o nas suas depend\u00eancias hospitalares.<\/p>\n<p style=\"text-align: justify;\">A Prefeitura de Dracena est\u00e1 testando a popula\u00e7\u00e3o com testes r\u00e1pidos, e o que precisa ser entendido \u00e9 que nem todas as pessoas que testam positivo para Covid-19 necessitam de interna\u00e7\u00e3o, na verdade a esmagadora maioria de caso positivo est\u00e1 sendo tratada em casa, por isolamento domiciliar e acompanhamento da Secretaria Municipal de Sa\u00fade, por este motivo esses casos positivos n\u00e3o s\u00e3o registrados pela Santa Casa.<\/p>\n<p style=\"text-align: justify;\">Exemplo: A Prefeitura de Dracena divulga 02 casos de \u00f3bito e a Santa Casa divulga 03 \u00f3bitos. Dos tr\u00eas \u00f3bitos confirmados pela Santa Casa, dois eram moradores de Dracena e um era de outra cidade, todos faleceram durante interna\u00e7\u00e3o na Santa Casa, portanto, os tr\u00eas casos s\u00e3o contabilizados no quadro da Santa Casa, enquanto que a Prefeitura de Dracena contabiliza somente os \u00f3bitos dos dois moradores da nossa cidade. Essa mesma l\u00f3gica de racioc\u00ednio vale para os casos confirmados, suspeitos e curados em nossa cidade.<\/p>\n<p style=\"text-align: justify;\">Infelizmente o julgamento p\u00fablico da popula\u00e7\u00e3o no Facebook \u00e9 cruel, temos acompanhado muitas pessoas dizendo e publicando que estamos mentindo, ocultando ou manipulando dados, mas a verdade \u00e9 que ambos os quadros est\u00e3o corretos, por\u00e9m cada um com sua particularidade. A Santa Casa est\u00e1 correta ao divulgar os casos em que ela atende, e a Prefeitura est\u00e1 correta em divulgar os casos dos dracenenses que passaram por atendimento na Santa Casa e tamb\u00e9m daqueles que n\u00e3o precisaram de interna\u00e7\u00e3o.<\/p>\n<p style=\"text-align: justify;\">Asseguramos que o nosso quadro \u00e9 o n\u00famero real dentro do nosso munic\u00edpio, atualmente com 62 casos confirmados (sendo 31 curados), ou seja, temos hoje em Dracena 29 pessoas com o v\u00edrus ativo em tratamento, sendo 02 internadas e 27 em isolamento domiciliar. Dois casos vieram a \u00f3bito.<\/p>\n<p style=\"text-align: justify;\">A Prefeitura de Dracena vem fazendo esse esclarecimento diariamente e assim continuaremos, iremos repetir a explica\u00e7\u00e3o o quanto for necess\u00e1rio, mas pedimos a compreens\u00e3o dos moradores e paci\u00eancia na leitura completa de nossas publica\u00e7\u00f5es. Busque informa\u00e7\u00f5es em fontes confi\u00e1veis, busquem conhecimento, informem-se antes de disparar uma rajada de cr\u00edticas sem ao menos pesquisar sobre o assunto.<\/p>\n<p style=\"text-align: justify;\">Fonte: https:\/\/www.facebook.com\/prefeituradracena\/<\/p>\n<\/div>\n","protected":false},"excerpt":{"rendered":"<p>Novamente a Prefeitura de Dracena vem a p\u00fablico esclarecer a diferen\u00e7a dos n\u00fameros de casos suspeitos\/confirmados\/\u00f3bitos dos quadros informativos da Santa Casa e da municipalidade. Em primeiro lugar deve-se deixar claro que a Santa casa n\u00e3o faz parte da administra\u00e7\u00e3o municipal, a Santa Casa \u00e9 uma irmandade aut\u00f4noma e com provedoria pr\u00f3pria. A Santa Casa [&hellip;]<\/p>\n","protected":false},"author":1,"featured_media":28427,"comment_status":"closed","ping_status":"open","sticky":false,"template":"","format":"standard","meta":{"footnotes":""},"categories":[179,184,110],"tags":[],"class_list":["post-28426","post","type-post","status-publish","format-standard","has-post-thumbnail","hentry","category-cidadeseregiao","category-dracena","category-noticiasdestaque"],"_links":{"self":[{"href":"https:\/\/jorgezanoni.com.br\/2019\/wp-json\/wp\/v2\/posts\/28426","targetHints":{"allow":["GET"]}}],"collection":[{"href":"https:\/\/jorgezanoni.com.br\/2019\/wp-json\/wp\/v2\/posts"}],"about":[{"href":"https:\/\/jorgezanoni.com.br\/2019\/wp-json\/wp\/v2\/types\/post"}],"author":[{"embeddable":true,"href":"https:\/\/jorgezanoni.com.br\/2019\/wp-json\/wp\/v2\/users\/1"}],"replies":[{"embeddable":true,"href":"https:\/\/jorgezanoni.com.br\/2019\/wp-json\/wp\/v2\/comments?post=28426"}],"version-history":[{"count":0,"href":"https:\/\/jorgezanoni.com.br\/2019\/wp-json\/wp\/v2\/posts\/28426\/revisions"}],"wp:featuredmedia":[{"embeddable":true,"href":"https:\/\/jorgezanoni.com.br\/2019\/wp-json\/wp\/v2\/media\/28427"}],"wp:attachment":[{"href":"https:\/\/jorgezanoni.com.br\/2019\/wp-json\/wp\/v2\/media?parent=28426"}],"wp:term":[{"taxonomy":"category","embeddable":true,"href":"https:\/\/jorgezanoni.com.br\/2019\/wp-json\/wp\/v2\/categories?post=28426"},{"taxonomy":"post_tag","embeddable":true,"href":"https:\/\/jorgezanoni.com.br\/2019\/wp-json\/wp\/v2\/tags?post=28426"}],"curies":[{"name":"wp","href":"https:\/\/api.w.org\/{rel}","templated":true}]}}