{"id":28423,"date":"2020-06-13T18:40:51","date_gmt":"2020-06-13T18:40:51","guid":{"rendered":"https:\/\/jorgezanoni.com.br\/2019\/?p=28423"},"modified":"2020-06-13T18:40:51","modified_gmt":"2020-06-13T18:40:51","slug":"motorista-e-socorrido-em-estado-grave-apos-batida-entre-duas-carretas-na-rodovia-assis-chateaubriand","status":"publish","type":"post","link":"https:\/\/jorgezanoni.com.br\/2019\/motorista-e-socorrido-em-estado-grave-apos-batida-entre-duas-carretas-na-rodovia-assis-chateaubriand\/","title":{"rendered":"Motorista \u00e9 socorrido em estado grave ap\u00f3s batida entre duas carretas na Rodovia Assis Chateaubriand"},"content":{"rendered":"<h2 class=\"content-head__subtitle\" style=\"text-align: justify;\"><strong>Acidente ocorreu no trecho de Presidente Prudente. V\u00edtima foi socorrida pelo Corpo de Bombeiros e encaminhada para o Hospital Regional (HR).<\/strong><\/h2>\n<div class=\"mc-column content-text active-extra-styles \" data-block-type=\"unstyled\" data-block-weight=\"33\" data-block-id=\"2\">\n<p class=\"content-text__container \" style=\"text-align: justify;\" data-track-category=\"Link no Texto\" data-track-links=\"\">Um acidente de tr\u00e2nsito entre duas carretas deixou um homem de 40 anos ferido em estado grave na tarde desta sexta-feira (12), no km 461,6 da Rodovia Assis Chateaubriand (SP-425), em\u00a0<a href=\"https:\/\/g1.globo.com\/sp\/presidente-prudente-regiao\/cidade\/presidente-prudente\/\">Presidente Prudente<\/a>.<\/p>\n<\/div>\n<div class=\"wall protected-content\">\n<div class=\"mc-column content-text active-extra-styles \" style=\"text-align: justify;\" data-block-type=\"unstyled\" data-block-weight=\"30\" data-block-id=\"3\">\n<p class=\"content-text__container \" data-track-category=\"Link no Texto\" data-track-links=\"\">De acordo com informa\u00e7\u00f5es da Pol\u00edcia Militar Rodovi\u00e1ria, os dois ve\u00edculos seguiam no sentido Pirapozinho \u2013 Rodovia Raposo Tavares (SP-270), quando por motivos a serem esclarecidos, houve a colis\u00e3o traseira.<\/p>\n<\/div>\n<div class=\"mc-column content-text active-extra-styles \" style=\"text-align: justify;\" data-block-type=\"unstyled\" data-block-weight=\"36\" data-block-id=\"4\">\n<p class=\"content-text__container \" data-track-category=\"Link no Texto\" data-track-links=\"\">O motorista do segundo ve\u00edculo foi socorrido pelo Corpo de Bombeiros e encaminhado para o Hospital Regional (HR) com uma poss\u00edvel fratura no f\u00eamur. O outro condutor, de 42 anos, n\u00e3o se feriu, conforme a pol\u00edcia.<\/p>\n<\/div>\n<div class=\"mc-column content-text active-extra-styles \" style=\"text-align: justify;\" data-block-type=\"unstyled\" data-block-weight=\"13\" data-block-id=\"5\">\n<p class=\"content-text__container \" data-track-category=\"Link no Texto\" data-track-links=\"\">O segundo ve\u00edculo estava carregado com pedra brita. J\u00e1 o outro seguia vazio.<\/p>\n<\/div>\n<div class=\"mc-column content-text active-extra-styles \" style=\"text-align: justify;\" data-block-type=\"unstyled\" data-block-weight=\"15\" data-block-id=\"6\">\n<p class=\"content-text__container \" data-track-category=\"Link no Texto\" data-track-links=\"\">A per\u00edcia compareceu ao local e um laudo deve apontar as reais causas do acidente.<\/p>\n<\/div>\n<div class=\"mc-column content-text active-extra-styles \" style=\"text-align: justify;\" data-block-type=\"unstyled\" data-block-weight=\"26\" data-block-id=\"7\">\n<p class=\"content-text__container \" data-track-category=\"Link no Texto\" data-track-links=\"\">Equipes do Departamento de Estrada de Rodagem (DER) tamb\u00e9m compareceram ao local da batida. Durante o atendimento da ocorr\u00eancia o tr\u00e2nsito fluiu normalmente com meia pista.<\/p>\n<\/div>\n<div class=\"mc-column content-text active-extra-styles\" style=\"text-align: justify;\" data-block-type=\"raw\" data-block-weight=\"3\" data-block-id=\"8\">\n<div class=\"content-intertitle\">\n<h2>Estado de sa\u00fade<\/h2>\n<\/div>\n<\/div>\n<div class=\"mc-column content-text active-extra-styles \" style=\"text-align: justify;\" data-block-type=\"unstyled\" data-block-weight=\"26\" data-block-id=\"9\">\n<p class=\"content-text__container \" data-track-category=\"Link no Texto\" data-track-links=\"\">O Hospital Regional informou ao\u00a0<strong>G1\u00a0<\/strong>no in\u00edcio da noite desta sexta-feira que o estado de sa\u00fade do paciente, um homem de 40 anos, \u00e9 est\u00e1vel.<\/p>\n<\/div>\n<div class=\"row medium-uncollapsed content-media content-photo\" style=\"text-align: justify;\" data-block-type=\"backstage-photo\" data-block-id=\"10\">\n<div class=\"mc-column content-media__container\">\n<figure><img decoding=\"async\" class=\"i-amphtml-fill-content i-amphtml-replaced-content\" src=\"https:\/\/s2.glbimg.com\/UrvJO8b8OL_T-Z5M6QBugnNa-kM=\/0x267:581x704\/984x0\/smart\/filters:strip_icc()\/i.s3.glbimg.com\/v1\/AUTH_59edd422c0c84a879bd37670ae4f538a\/internal_photos\/bs\/2020\/8\/b\/h76Q3bRx6Bh71oVnQ0EA\/whatsapp-image-2020-06-12-at-17.43.03.jpeg\" sizes=\"(max-width: 1242px) 648px, 100vw\" srcset=\"https:\/\/s2.glbimg.com\/KdtoI3VRWJxrY-_5AK81awsS2lU=\/0x267:581x704\/1000x0\/smart\/filters:strip_icc()\/i.s3.glbimg.com\/v1\/AUTH_59edd422c0c84a879bd37670ae4f538a\/internal_photos\/bs\/2020\/8\/b\/h76Q3bRx6Bh71oVnQ0EA\/whatsapp-image-2020-06-12-at-17.43.03.jpeg 1000w, https:\/\/s2.glbimg.com\/UrvJO8b8OL_T-Z5M6QBugnNa-kM=\/0x267:581x704\/984x0\/smart\/filters:strip_icc()\/i.s3.glbimg.com\/v1\/AUTH_59edd422c0c84a879bd37670ae4f538a\/internal_photos\/bs\/2020\/8\/b\/h76Q3bRx6Bh71oVnQ0EA\/whatsapp-image-2020-06-12-at-17.43.03.jpeg 984w, https:\/\/s2.glbimg.com\/RxZByV7JghoYxuakm9ODxIUSOiw=\/0x267:581x704\/640x0\/smart\/filters:strip_icc()\/i.s3.glbimg.com\/v1\/AUTH_59edd422c0c84a879bd37670ae4f538a\/internal_photos\/bs\/2020\/8\/b\/h76Q3bRx6Bh71oVnQ0EA\/whatsapp-image-2020-06-12-at-17.43.03.jpeg 640w, https:\/\/s2.glbimg.com\/-HHMjgradYBUp0LSgiyvb9EX3Tc=\/0x267:581x704\/600x0\/smart\/filters:strip_icc()\/i.s3.glbimg.com\/v1\/AUTH_59edd422c0c84a879bd37670ae4f538a\/internal_photos\/bs\/2020\/8\/b\/h76Q3bRx6Bh71oVnQ0EA\/whatsapp-image-2020-06-12-at-17.43.03.jpeg 600w\" alt=\"Acidente entre carretas ocorreu em Presidente Prudente \u2014 Foto: Pol\u00edcia Militar Rodovi\u00e1ria\" \/><\/figure>\n<p class=\"content-media__description \">Acidente entre carretas ocorreu em Presidente Prudente \u2014 Foto: Pol\u00edcia Militar Rodovi\u00e1ria<\/p>\n<\/div>\n<\/div>\n<div class=\"row medium-uncollapsed content-media content-photo\" style=\"text-align: justify;\" data-block-type=\"backstage-photo\" data-block-id=\"12\">\n<div class=\"mc-column content-media__container\">\n<figure><img decoding=\"async\" class=\"i-amphtml-fill-content i-amphtml-replaced-content\" src=\"https:\/\/s2.glbimg.com\/sapRFQHDSifaQaNCJK1TcDKSiMs=\/0x0:1280x960\/984x0\/smart\/filters:strip_icc()\/i.s3.glbimg.com\/v1\/AUTH_59edd422c0c84a879bd37670ae4f538a\/internal_photos\/bs\/2020\/l\/X\/h6YGw0TYAuVRabZSlCkQ\/whatsapp-image-2020-06-12-at-17.35.06.jpeg\" sizes=\"(max-width: 1242px) 648px, 100vw\" srcset=\"https:\/\/s2.glbimg.com\/A4nXLWUjPdmra1plNar0LwFV7z8=\/0x0:1280x960\/1000x0\/smart\/filters:strip_icc()\/i.s3.glbimg.com\/v1\/AUTH_59edd422c0c84a879bd37670ae4f538a\/internal_photos\/bs\/2020\/l\/X\/h6YGw0TYAuVRabZSlCkQ\/whatsapp-image-2020-06-12-at-17.35.06.jpeg 1000w, https:\/\/s2.glbimg.com\/sapRFQHDSifaQaNCJK1TcDKSiMs=\/0x0:1280x960\/984x0\/smart\/filters:strip_icc()\/i.s3.glbimg.com\/v1\/AUTH_59edd422c0c84a879bd37670ae4f538a\/internal_photos\/bs\/2020\/l\/X\/h6YGw0TYAuVRabZSlCkQ\/whatsapp-image-2020-06-12-at-17.35.06.jpeg 984w, https:\/\/s2.glbimg.com\/0rhUNYC668sTKdFIgBKmjYqU1kc=\/0x0:1280x960\/640x0\/smart\/filters:strip_icc()\/i.s3.glbimg.com\/v1\/AUTH_59edd422c0c84a879bd37670ae4f538a\/internal_photos\/bs\/2020\/l\/X\/h6YGw0TYAuVRabZSlCkQ\/whatsapp-image-2020-06-12-at-17.35.06.jpeg 640w, https:\/\/s2.glbimg.com\/CkOOTmzA347P8E2kZzBRdQ3SKlk=\/0x0:1280x960\/600x0\/smart\/filters:strip_icc()\/i.s3.glbimg.com\/v1\/AUTH_59edd422c0c84a879bd37670ae4f538a\/internal_photos\/bs\/2020\/l\/X\/h6YGw0TYAuVRabZSlCkQ\/whatsapp-image-2020-06-12-at-17.35.06.jpeg 600w\" alt=\"Acidente entre carretas ocorreu em Presidente Prudente \u2014 Foto: Wellington Roberto\/G1\" \/><\/figure>\n<p class=\"content-media__description \">Acidente entre carretas ocorreu em Presidente Prudente \u2014 Foto: Wellington Roberto\/G1<\/p>\n<\/div>\n<\/div>\n<div class=\"row medium-uncollapsed content-media content-photo\" style=\"text-align: justify;\" data-block-type=\"backstage-photo\" data-block-id=\"13\">\n<div class=\"mc-column content-media__container\">\n<figure><img decoding=\"async\" class=\"i-amphtml-fill-content i-amphtml-replaced-content\" src=\"https:\/\/s2.glbimg.com\/jhiur0cij_7Pb1G_sx_Kw9jihas=\/0x0:1280x960\/984x0\/smart\/filters:strip_icc()\/i.s3.glbimg.com\/v1\/AUTH_59edd422c0c84a879bd37670ae4f538a\/internal_photos\/bs\/2020\/9\/T\/2yBot2S3WsHnrZeDqMag\/whatsapp-image-2020-06-12-at-17.35.07.jpeg\" sizes=\"(max-width: 1242px) 648px, 100vw\" srcset=\"https:\/\/s2.glbimg.com\/xZbyINXFietgoaZ1r5m2mhD0Hzc=\/0x0:1280x960\/1000x0\/smart\/filters:strip_icc()\/i.s3.glbimg.com\/v1\/AUTH_59edd422c0c84a879bd37670ae4f538a\/internal_photos\/bs\/2020\/9\/T\/2yBot2S3WsHnrZeDqMag\/whatsapp-image-2020-06-12-at-17.35.07.jpeg 1000w, https:\/\/s2.glbimg.com\/jhiur0cij_7Pb1G_sx_Kw9jihas=\/0x0:1280x960\/984x0\/smart\/filters:strip_icc()\/i.s3.glbimg.com\/v1\/AUTH_59edd422c0c84a879bd37670ae4f538a\/internal_photos\/bs\/2020\/9\/T\/2yBot2S3WsHnrZeDqMag\/whatsapp-image-2020-06-12-at-17.35.07.jpeg 984w, https:\/\/s2.glbimg.com\/FylH8x6J0WiTvvJj5-r1Iw28C-I=\/0x0:1280x960\/640x0\/smart\/filters:strip_icc()\/i.s3.glbimg.com\/v1\/AUTH_59edd422c0c84a879bd37670ae4f538a\/internal_photos\/bs\/2020\/9\/T\/2yBot2S3WsHnrZeDqMag\/whatsapp-image-2020-06-12-at-17.35.07.jpeg 640w, https:\/\/s2.glbimg.com\/Saj9e058FkwIE5xLlye2xx21Zx8=\/0x0:1280x960\/600x0\/smart\/filters:strip_icc()\/i.s3.glbimg.com\/v1\/AUTH_59edd422c0c84a879bd37670ae4f538a\/internal_photos\/bs\/2020\/9\/T\/2yBot2S3WsHnrZeDqMag\/whatsapp-image-2020-06-12-at-17.35.07.jpeg 600w\" alt=\"Acidente entre carretas ocorreu em Presidente Prudente \u2014 Foto: Wellington Roberto\/G1\" \/><\/figure>\n<p class=\"content-media__description \">Acidente entre carretas ocorreu em Presidente Prudente \u2014 Foto: Wellington Roberto\/G1<\/p>\n<\/div>\n<\/div>\n<div class=\"row medium-uncollapsed content-media content-photo\" style=\"text-align: justify;\" data-block-type=\"backstage-photo\" data-block-id=\"14\">\n<div class=\"mc-column content-media__container\">\n<figure><img decoding=\"async\" class=\"i-amphtml-fill-content i-amphtml-replaced-content\" src=\"https:\/\/s2.glbimg.com\/M7rTEZJg8lYjmrtJHBOTWfw8M7k=\/0x0:1280x960\/984x0\/smart\/filters:strip_icc()\/i.s3.glbimg.com\/v1\/AUTH_59edd422c0c84a879bd37670ae4f538a\/internal_photos\/bs\/2020\/5\/a\/mQnPmqRIWpKRWOPlgaaw\/whatsapp-image-2020-06-12-at-17.35.08.jpeg\" sizes=\"(max-width: 1242px) 648px, 100vw\" srcset=\"https:\/\/s2.glbimg.com\/dKy3PJegFYwW3a6K1eMlIzaCmtk=\/0x0:1280x960\/1000x0\/smart\/filters:strip_icc()\/i.s3.glbimg.com\/v1\/AUTH_59edd422c0c84a879bd37670ae4f538a\/internal_photos\/bs\/2020\/5\/a\/mQnPmqRIWpKRWOPlgaaw\/whatsapp-image-2020-06-12-at-17.35.08.jpeg 1000w, https:\/\/s2.glbimg.com\/M7rTEZJg8lYjmrtJHBOTWfw8M7k=\/0x0:1280x960\/984x0\/smart\/filters:strip_icc()\/i.s3.glbimg.com\/v1\/AUTH_59edd422c0c84a879bd37670ae4f538a\/internal_photos\/bs\/2020\/5\/a\/mQnPmqRIWpKRWOPlgaaw\/whatsapp-image-2020-06-12-at-17.35.08.jpeg 984w, https:\/\/s2.glbimg.com\/1OOv5obkg1Lf0fCHU4XALFKMdTg=\/0x0:1280x960\/640x0\/smart\/filters:strip_icc()\/i.s3.glbimg.com\/v1\/AUTH_59edd422c0c84a879bd37670ae4f538a\/internal_photos\/bs\/2020\/5\/a\/mQnPmqRIWpKRWOPlgaaw\/whatsapp-image-2020-06-12-at-17.35.08.jpeg 640w, https:\/\/s2.glbimg.com\/zUY1wl0iAQZl-HBJ09AD03ttk3U=\/0x0:1280x960\/600x0\/smart\/filters:strip_icc()\/i.s3.glbimg.com\/v1\/AUTH_59edd422c0c84a879bd37670ae4f538a\/internal_photos\/bs\/2020\/5\/a\/mQnPmqRIWpKRWOPlgaaw\/whatsapp-image-2020-06-12-at-17.35.08.jpeg 600w\" alt=\"Acidente entre carretas ocorreu em Presidente Prudente \u2014 Foto: Wellington Roberto\/G1\" \/><\/figure>\n<p class=\"content-media__description \">Acidente entre carretas ocorreu em Presidente Prudente \u2014 Foto: Wellington Roberto\/G1<\/p>\n<\/div>\n<\/div>\n<div class=\"row medium-uncollapsed content-media content-photo\" style=\"text-align: justify;\" data-block-type=\"backstage-photo\" data-block-id=\"16\">\n<div class=\"mc-column content-media__container\">\n<figure><img decoding=\"async\" class=\"i-amphtml-fill-content i-amphtml-replaced-content\" src=\"https:\/\/s2.glbimg.com\/E90XytW5tuj7HdiiD44pTQdDcFY=\/0x0:1280x960\/984x0\/smart\/filters:strip_icc()\/i.s3.glbimg.com\/v1\/AUTH_59edd422c0c84a879bd37670ae4f538a\/internal_photos\/bs\/2020\/A\/N\/JntqpHSKalCCmkC28Avw\/whatsapp-image-2020-06-12-at-17.35.09.jpeg\" sizes=\"(max-width: 1242px) 648px, 100vw\" srcset=\"https:\/\/s2.glbimg.com\/FK7ZbUCkZlZCtANyY4CyQJZFld8=\/0x0:1280x960\/1000x0\/smart\/filters:strip_icc()\/i.s3.glbimg.com\/v1\/AUTH_59edd422c0c84a879bd37670ae4f538a\/internal_photos\/bs\/2020\/A\/N\/JntqpHSKalCCmkC28Avw\/whatsapp-image-2020-06-12-at-17.35.09.jpeg 1000w, https:\/\/s2.glbimg.com\/E90XytW5tuj7HdiiD44pTQdDcFY=\/0x0:1280x960\/984x0\/smart\/filters:strip_icc()\/i.s3.glbimg.com\/v1\/AUTH_59edd422c0c84a879bd37670ae4f538a\/internal_photos\/bs\/2020\/A\/N\/JntqpHSKalCCmkC28Avw\/whatsapp-image-2020-06-12-at-17.35.09.jpeg 984w, https:\/\/s2.glbimg.com\/jy3u0PeU9egt-PvHqS3aUj4ZrbY=\/0x0:1280x960\/640x0\/smart\/filters:strip_icc()\/i.s3.glbimg.com\/v1\/AUTH_59edd422c0c84a879bd37670ae4f538a\/internal_photos\/bs\/2020\/A\/N\/JntqpHSKalCCmkC28Avw\/whatsapp-image-2020-06-12-at-17.35.09.jpeg 640w, https:\/\/s2.glbimg.com\/T54KYWiKp1J2GYZjPs70JWfn5vg=\/0x0:1280x960\/600x0\/smart\/filters:strip_icc()\/i.s3.glbimg.com\/v1\/AUTH_59edd422c0c84a879bd37670ae4f538a\/internal_photos\/bs\/2020\/A\/N\/JntqpHSKalCCmkC28Avw\/whatsapp-image-2020-06-12-at-17.35.09.jpeg 600w\" alt=\"Acidente entre carretas ocorreu em Presidente Prudente \u2014 Foto: Wellington Roberto\/G1\" \/><\/figure>\n<p class=\"content-media__description \">Acidente entre carretas ocorreu em Presidente Prudente \u2014 Foto: Wellington Roberto\/G1<\/p>\n<\/div>\n<\/div>\n<div class=\"row medium-uncollapsed content-media content-photo\" style=\"text-align: justify;\" data-block-type=\"backstage-photo\" data-block-id=\"17\">\n<div class=\"mc-column content-media__container\">\n<figure><img decoding=\"async\" class=\"i-amphtml-fill-content i-amphtml-replaced-content\" src=\"https:\/\/s2.glbimg.com\/uuEb30mXSUk6YkUfU2iOQietLMQ=\/0x0:1280x960\/984x0\/smart\/filters:strip_icc()\/i.s3.glbimg.com\/v1\/AUTH_59edd422c0c84a879bd37670ae4f538a\/internal_photos\/bs\/2020\/e\/8\/kIzJ1kQZmQCg8ZHHUfgw\/whatsapp-image-2020-06-12-at-17.35.10.jpeg\" sizes=\"(max-width: 1242px) 648px, 100vw\" srcset=\"https:\/\/s2.glbimg.com\/s4XD4Eaz5Zkt7t-sZP_dne94QM4=\/0x0:1280x960\/1000x0\/smart\/filters:strip_icc()\/i.s3.glbimg.com\/v1\/AUTH_59edd422c0c84a879bd37670ae4f538a\/internal_photos\/bs\/2020\/e\/8\/kIzJ1kQZmQCg8ZHHUfgw\/whatsapp-image-2020-06-12-at-17.35.10.jpeg 1000w, https:\/\/s2.glbimg.com\/uuEb30mXSUk6YkUfU2iOQietLMQ=\/0x0:1280x960\/984x0\/smart\/filters:strip_icc()\/i.s3.glbimg.com\/v1\/AUTH_59edd422c0c84a879bd37670ae4f538a\/internal_photos\/bs\/2020\/e\/8\/kIzJ1kQZmQCg8ZHHUfgw\/whatsapp-image-2020-06-12-at-17.35.10.jpeg 984w, https:\/\/s2.glbimg.com\/t3xFe6KSPAIkfxD6qPp1yUe6l04=\/0x0:1280x960\/640x0\/smart\/filters:strip_icc()\/i.s3.glbimg.com\/v1\/AUTH_59edd422c0c84a879bd37670ae4f538a\/internal_photos\/bs\/2020\/e\/8\/kIzJ1kQZmQCg8ZHHUfgw\/whatsapp-image-2020-06-12-at-17.35.10.jpeg 640w, https:\/\/s2.glbimg.com\/Ziab8W96e94ilwvzTaB0UHEmhZo=\/0x0:1280x960\/600x0\/smart\/filters:strip_icc()\/i.s3.glbimg.com\/v1\/AUTH_59edd422c0c84a879bd37670ae4f538a\/internal_photos\/bs\/2020\/e\/8\/kIzJ1kQZmQCg8ZHHUfgw\/whatsapp-image-2020-06-12-at-17.35.10.jpeg 600w\" alt=\"Acidente entre carretas ocorreu em Presidente Prudente \u2014 Foto: Wellington Roberto\/G1\" \/><\/figure>\n<p class=\"content-media__description \">Acidente entre carretas ocorreu em Presidente Prudente \u2014 Foto: Wellington Roberto\/G1<\/p>\n<\/div>\n<\/div>\n<div class=\"row medium-uncollapsed content-media content-photo\" style=\"text-align: justify;\" data-block-type=\"backstage-photo\" data-block-id=\"18\">\n<div class=\"mc-column content-media__container\">\n<figure><img decoding=\"async\" class=\"i-amphtml-fill-content i-amphtml-replaced-content\" src=\"https:\/\/s2.glbimg.com\/V2fFeBngeR3RA9czhqRYvcs7TIk=\/0x0:1280x960\/984x0\/smart\/filters:strip_icc()\/i.s3.glbimg.com\/v1\/AUTH_59edd422c0c84a879bd37670ae4f538a\/internal_photos\/bs\/2020\/I\/1\/de3qRGRJ2Y7pJA5MAbYA\/whatsapp-image-2020-06-12-at-17.35.10-1-.jpeg\" sizes=\"(max-width: 1242px) 648px, 100vw\" srcset=\"https:\/\/s2.glbimg.com\/BL5BBd4ZdLjIGt0veLG9GrEmXg0=\/0x0:1280x960\/1000x0\/smart\/filters:strip_icc()\/i.s3.glbimg.com\/v1\/AUTH_59edd422c0c84a879bd37670ae4f538a\/internal_photos\/bs\/2020\/I\/1\/de3qRGRJ2Y7pJA5MAbYA\/whatsapp-image-2020-06-12-at-17.35.10-1-.jpeg 1000w, https:\/\/s2.glbimg.com\/V2fFeBngeR3RA9czhqRYvcs7TIk=\/0x0:1280x960\/984x0\/smart\/filters:strip_icc()\/i.s3.glbimg.com\/v1\/AUTH_59edd422c0c84a879bd37670ae4f538a\/internal_photos\/bs\/2020\/I\/1\/de3qRGRJ2Y7pJA5MAbYA\/whatsapp-image-2020-06-12-at-17.35.10-1-.jpeg 984w, https:\/\/s2.glbimg.com\/QCOK4yMC9AJRQ9oYEGFhqd2LIM4=\/0x0:1280x960\/640x0\/smart\/filters:strip_icc()\/i.s3.glbimg.com\/v1\/AUTH_59edd422c0c84a879bd37670ae4f538a\/internal_photos\/bs\/2020\/I\/1\/de3qRGRJ2Y7pJA5MAbYA\/whatsapp-image-2020-06-12-at-17.35.10-1-.jpeg 640w, https:\/\/s2.glbimg.com\/ulijgBySfmb7B431jQ2A1i6fO3A=\/0x0:1280x960\/600x0\/smart\/filters:strip_icc()\/i.s3.glbimg.com\/v1\/AUTH_59edd422c0c84a879bd37670ae4f538a\/internal_photos\/bs\/2020\/I\/1\/de3qRGRJ2Y7pJA5MAbYA\/whatsapp-image-2020-06-12-at-17.35.10-1-.jpeg 600w\" alt=\"Acidente entre carretas ocorreu em Presidente Prudente \u2014 Foto: Wellington Roberto\/G1\" \/><\/figure>\n<p class=\"content-media__description \">Acidente entre carretas ocorreu em Presidente Prudente \u2014 Foto: Wellington Roberto\/G1<\/p>\n<p>Fonte: G1<\/p>\n<\/div>\n<\/div>\n<div class=\"content-ads content-ads--reveal\" style=\"text-align: justify;\" data-block-type=\"ads\" data-block-id=\"19\">\n<div id=\"banner_materia__f1426006-7d8b-42e0-a412-c2e68f2c4dea\" class=\"tag-manager-publicidade-container mc-has-reveal mc-has-ad-lazyload tag-manager-publicidade-banner_materia__f1426006-7d8b-42e0-a412-c2e68f2c4dea tag-manager-publicidade-container--carregado tag-manager-publicidade-container--visivel\" data-id=\"banner_materia__f1426006-7d8b-42e0-a412-c2e68f2c4dea\" data-google-query-id=\"COv6yYe4_-kCFegwuQYdHkQPtg\" data-cid=\"138314225251\" data-lid=\"5389580331\">\n<div id=\"google_ads_iframe_\/95377733\/tvg_G1\/Sua_Regiao&gt;Sudeste&gt;Sao_Paulo_(Pres_Prudente)_4__container__\" style=\"box-sizing: inherit; margin: auto; padding: 0px; border: 0pt none; font: inherit; vertical-align: baseline; width: 970px; max-width: 100%; text-align: center;\"><iframe id=\"google_ads_iframe_\/95377733\/tvg_G1\/Sua_Regiao&gt;Sudeste&gt;Sao_Paulo_(Pres_Prudente)_4\" style=\"box-sizing: inherit; margin: 0px; padding: 0px; border: 0px; font: inherit; vertical-align: bottom;\" title=\"3rd party ad content\" name=\"google_ads_iframe_\/95377733\/tvg_G1\/Sua_Regiao&gt;Sudeste&gt;Sao_Paulo_(Pres_Prudente)_4\" width=\"970\" height=\"250\" frameborder=\"0\" marginwidth=\"0\" marginheight=\"0\" scrolling=\"no\" sandbox=\"allow-forms allow-pointer-lock allow-popups allow-popups-to-escape-sandbox allow-same-origin allow-scripts allow-top-navigation-by-user-activation\" data-google-container-id=\"5\" data-load-complete=\"true\" data-mce-fragment=\"1\"><\/iframe><\/div>\n<\/div>\n<\/div>\n<div class=\"row medium-uncollapsed content-media content-photo\" data-block-type=\"backstage-photo\" data-block-id=\"20\">\n<div class=\"mc-column content-media__container\">\n<figure style=\"text-align: justify;\"><img decoding=\"async\" class=\"i-amphtml-fill-content i-amphtml-replaced-content\" src=\"https:\/\/s2.glbimg.com\/gewj84djgmS3V8ZQ_S-xxaPambM=\/0x0:1280x960\/984x0\/smart\/filters:strip_icc()\/i.s3.glbimg.com\/v1\/AUTH_59edd422c0c84a879bd37670ae4f538a\/internal_photos\/bs\/2020\/J\/5\/5ESVlYSDGB1vGnFqbjxw\/whatsapp-image-2020-06-12-at-17.35.12-1-.jpeg\" sizes=\"(max-width: 1242px) 648px, 100vw\" srcset=\"https:\/\/s2.glbimg.com\/5qW_Cz1C6TNcXMY1m-LzMZ0m10U=\/0x0:1280x960\/1000x0\/smart\/filters:strip_icc()\/i.s3.glbimg.com\/v1\/AUTH_59edd422c0c84a879bd37670ae4f538a\/internal_photos\/bs\/2020\/J\/5\/5ESVlYSDGB1vGnFqbjxw\/whatsapp-image-2020-06-12-at-17.35.12-1-.jpeg 1000w, https:\/\/s2.glbimg.com\/gewj84djgmS3V8ZQ_S-xxaPambM=\/0x0:1280x960\/984x0\/smart\/filters:strip_icc()\/i.s3.glbimg.com\/v1\/AUTH_59edd422c0c84a879bd37670ae4f538a\/internal_photos\/bs\/2020\/J\/5\/5ESVlYSDGB1vGnFqbjxw\/whatsapp-image-2020-06-12-at-17.35.12-1-.jpeg 984w, https:\/\/s2.glbimg.com\/KLIy54AGS4X68a9b5Wskc1qCq_0=\/0x0:1280x960\/640x0\/smart\/filters:strip_icc()\/i.s3.glbimg.com\/v1\/AUTH_59edd422c0c84a879bd37670ae4f538a\/internal_photos\/bs\/2020\/J\/5\/5ESVlYSDGB1vGnFqbjxw\/whatsapp-image-2020-06-12-at-17.35.12-1-.jpeg 640w, https:\/\/s2.glbimg.com\/LM3vFJ4vHYPT2rA-XLNXo13ka9w=\/0x0:1280x960\/600x0\/smart\/filters:strip_icc()\/i.s3.glbimg.com\/v1\/AUTH_59edd422c0c84a879bd37670ae4f538a\/internal_photos\/bs\/2020\/J\/5\/5ESVlYSDGB1vGnFqbjxw\/whatsapp-image-2020-06-12-at-17.35.12-1-.jpeg 600w\" alt=\"Acidente entre carretas ocorreu em Presidente Prudente \u2014 Foto: Wellington Roberto\/G1\" \/><\/figure>\n<p class=\"content-media__description \" style=\"text-align: justify;\">Acidente entre carretas ocorreu em Presidente Prudente \u2014 Foto: Wellington Roberto\/G1<\/p>\n<\/div>\n<\/div>\n<\/div>\n","protected":false},"excerpt":{"rendered":"<p>Acidente ocorreu no trecho de Presidente Prudente. V\u00edtima foi socorrida pelo Corpo de Bombeiros e encaminhada para o Hospital Regional (HR). Um acidente de tr\u00e2nsito entre duas carretas deixou um homem de 40 anos ferido em estado grave na tarde desta sexta-feira (12), no km 461,6 da Rodovia Assis Chateaubriand (SP-425), em\u00a0Presidente Prudente. De acordo [&hellip;]<\/p>\n","protected":false},"author":1,"featured_media":28424,"comment_status":"closed","ping_status":"open","sticky":false,"template":"","format":"standard","meta":{"footnotes":""},"categories":[170,110],"tags":[],"class_list":["post-28423","post","type-post","status-publish","format-standard","has-post-thumbnail","hentry","category-acidentes","category-noticiasdestaque"],"_links":{"self":[{"href":"https:\/\/jorgezanoni.com.br\/2019\/wp-json\/wp\/v2\/posts\/28423","targetHints":{"allow":["GET"]}}],"collection":[{"href":"https:\/\/jorgezanoni.com.br\/2019\/wp-json\/wp\/v2\/posts"}],"about":[{"href":"https:\/\/jorgezanoni.com.br\/2019\/wp-json\/wp\/v2\/types\/post"}],"author":[{"embeddable":true,"href":"https:\/\/jorgezanoni.com.br\/2019\/wp-json\/wp\/v2\/users\/1"}],"replies":[{"embeddable":true,"href":"https:\/\/jorgezanoni.com.br\/2019\/wp-json\/wp\/v2\/comments?post=28423"}],"version-history":[{"count":0,"href":"https:\/\/jorgezanoni.com.br\/2019\/wp-json\/wp\/v2\/posts\/28423\/revisions"}],"wp:featuredmedia":[{"embeddable":true,"href":"https:\/\/jorgezanoni.com.br\/2019\/wp-json\/wp\/v2\/media\/28424"}],"wp:attachment":[{"href":"https:\/\/jorgezanoni.com.br\/2019\/wp-json\/wp\/v2\/media?parent=28423"}],"wp:term":[{"taxonomy":"category","embeddable":true,"href":"https:\/\/jorgezanoni.com.br\/2019\/wp-json\/wp\/v2\/categories?post=28423"},{"taxonomy":"post_tag","embeddable":true,"href":"https:\/\/jorgezanoni.com.br\/2019\/wp-json\/wp\/v2\/tags?post=28423"}],"curies":[{"name":"wp","href":"https:\/\/api.w.org\/{rel}","templated":true}]}}