{"id":28420,"date":"2020-06-13T18:29:06","date_gmt":"2020-06-13T18:29:06","guid":{"rendered":"https:\/\/jorgezanoni.com.br\/2019\/?p=28420"},"modified":"2020-06-13T18:29:06","modified_gmt":"2020-06-13T18:29:06","slug":"camara-municipal-vota-na-proxima-segunda-feira-pedido-de-abertura-de-cp-contra-o-prefeito-de-presidente-prudente","status":"publish","type":"post","link":"https:\/\/jorgezanoni.com.br\/2019\/camara-municipal-vota-na-proxima-segunda-feira-pedido-de-abertura-de-cp-contra-o-prefeito-de-presidente-prudente\/","title":{"rendered":"C\u00e2mara Municipal vota na pr\u00f3xima segunda-feira pedido de abertura de CP contra o prefeito de Presidente Prudente"},"content":{"rendered":"<h2 class=\"content-head__subtitle\" style=\"text-align: justify;\"><strong>Den\u00fancia apresentada por um morador aponta sucess\u00e3o de situa\u00e7\u00f5es que justificariam a cassa\u00e7\u00e3o do mandato. Executivo afirma que pedido \u2018n\u00e3o tem qualquer fundamento\u2019.<\/strong><\/h2>\n<div class=\"mc-column content-text active-extra-styles \" data-block-type=\"unstyled\" data-block-weight=\"46\" data-block-id=\"2\">\n<p class=\"content-text__container \" style=\"text-align: justify;\" data-track-category=\"Link no Texto\" data-track-links=\"\">A C\u00e2mara Municipal de\u00a0<a href=\"https:\/\/g1.globo.com\/sp\/presidente-prudente-regiao\/cidade\/presidente-prudente\/\">Presidente Prudente<\/a>\u00a0ir\u00e1 votar na sess\u00e3o ordin\u00e1ria da pr\u00f3xima segunda-feira (15), com in\u00edcio \u00e0s 14h, a possibilidade de instaura\u00e7\u00e3o de uma Comiss\u00e3o Processante (CP) contra o prefeito Nelson Roberto Bugalho (PSDB), a partir de uma den\u00fancia formulada por um morador da cidade.<\/p>\n<\/div>\n<div class=\"wall protected-content\">\n<div class=\"mc-column content-text active-extra-styles \" style=\"text-align: justify;\" data-block-type=\"unstyled\" data-block-weight=\"41\" data-block-id=\"3\">\n<p class=\"content-text__container \" data-track-category=\"Link no Texto\" data-track-links=\"\">O Poder Legislativo informou nesta sexta-feira (12) que seguir\u00e1 o rito determinado pelo decreto-lei federal 201\/1967, segundo o qual, de posse da den\u00fancia, o presidente da C\u00e2mara, Demerson Dias (PSB), determinar\u00e1 sua leitura e consultar\u00e1 a Casa sobre o seu recebimento.<\/p>\n<\/div>\n<div class=\"mc-column content-text active-extra-styles \" style=\"text-align: justify;\" data-block-type=\"unstyled\" data-block-weight=\"31\" data-block-id=\"4\">\n<p class=\"content-text__container \" data-track-category=\"Link no Texto\" data-track-links=\"\">Se o voto da maioria dos vereadores presentes \u00e0 sess\u00e3o indicar o recebimento da den\u00fancia, ser\u00e1 constitu\u00edda no mesmo dia a Comiss\u00e3o Processante que ter\u00e1 a incumb\u00eancia de apurar o caso.<\/p>\n<\/div>\n<div class=\"mc-column content-text active-extra-styles \" style=\"text-align: justify;\" data-block-type=\"unstyled\" data-block-weight=\"23\" data-block-id=\"5\">\n<p class=\"content-text__container \" data-track-category=\"Link no Texto\" data-track-links=\"\">A CP, se for criada, dever\u00e1 contar com tr\u00eas vereadores sorteados, os quais eleger\u00e3o, tamb\u00e9m no mesmo dia, o presidente e o relator.<\/p>\n<\/div>\n<div class=\"mc-column content-text active-extra-styles \" style=\"text-align: justify;\" data-block-type=\"unstyled\" data-block-weight=\"27\" data-block-id=\"6\">\n<p class=\"content-text__container \" data-track-category=\"Link no Texto\" data-track-links=\"\">A den\u00fancia foi protocolada na \u00faltima quarta-feira (10) na C\u00e2mara Municipal pelo cidad\u00e3o Luis Fernando Pinheiro Gesse, que pede a abertura de uma CP contra o prefeito.<\/p>\n<\/div>\n<div class=\"mc-column content-text active-extra-styles \" style=\"text-align: justify;\" data-block-type=\"unstyled\" data-block-weight=\"29\" data-block-id=\"7\">\n<p class=\"content-text__container \" data-track-category=\"Link no Texto\" data-track-links=\"\">O denunciante aponta uma s\u00e9rie de situa\u00e7\u00f5es que, segundo ele, seriam suficientes para a instaura\u00e7\u00e3o da CP e, em consequ\u00eancia, a poss\u00edvel cassa\u00e7\u00e3o do mandato do prefeito pelos vereadores.<\/p>\n<\/div>\n<div class=\"mc-column content-text active-extra-styles \" style=\"text-align: justify;\" data-block-type=\"unstyled\" data-block-weight=\"150\" data-block-id=\"8\">\n<p class=\"content-text__container \" data-track-category=\"Link no Texto\" data-track-links=\"\">Entre as situa\u00e7\u00f5es citadas pelo denunciante, est\u00e3o a retirada e a constru\u00e7\u00e3o no mesmo local da ciclovia da zona norte; nomea\u00e7\u00f5es de cargos comissionados; atraso de sal\u00e1rio dos servidores; uso indevido da imagem dos servidores em campanha publicit\u00e1ria; utiliza\u00e7\u00e3o da m\u00e1quina para propaganda de empresa particular; falta de provid\u00eancias nas enchentes do Parque do Povo, mesmo com decis\u00e3o judicial; demora na implanta\u00e7\u00e3o do programa Bom Prato, prometido para fevereiro deste ano e n\u00e3o finalizado, mesmo ap\u00f3s a\u00e7\u00e3o judicial da Defensoria P\u00fablica do Estado de S\u00e3o Paulo; gasto exacerbado com publicidade; fechamento de escolas e falta de seguran\u00e7a nas mesmas, com descumprimento de lei municipal para a implanta\u00e7\u00e3o de c\u00e2meras de monitoramento; inaugura\u00e7\u00e3o de obras com problemas estruturais, como as piscinas do Centro Ol\u00edmpico e a escola do Parque Alexandrina; constantes epidemias de dengue, com mortes; atraso na entrega do Abrigo de Animais; e o abandono do bairro Terras de Imoplan.<\/p>\n<p class=\"content-text__container \" data-track-category=\"Link no Texto\" data-track-links=\"\"><span style=\"font-style: italic; text-align: center;\">&#8220;\u00c9 p\u00fablico e not\u00f3rio que a cidade de Presidente Prudente vive em tese um colapso total, notadamente no que concerne a administra\u00e7\u00e3o p\u00fablica do Poder Executivo municipal&#8221;, diz o denunciante.<\/span><\/p>\n<\/div>\n<div class=\"mc-column content-text active-extra-styles \" style=\"text-align: justify;\" data-block-type=\"unstyled\" data-block-weight=\"45\" data-block-id=\"11\">\n<p class=\"content-text__container \" data-track-category=\"Link no Texto\" data-track-links=\"\">&#8220;O chefe do Poder Executivo, senhor Nelson Roberto Bugalho, vem demonstrando uma poss\u00edvel perda do controle do comando e das execu\u00e7\u00f5es de atribui\u00e7\u00f5es de atividades b\u00e1sicas, deixando de promover em tese o bem-estar dos seus habitantes, que deveria ser a fun\u00e7\u00e3o do prefeito&#8221;, afirma Gesse.<\/p>\n<\/div>\n<div class=\"mc-column content-text active-extra-styles\" style=\"text-align: justify;\" data-block-type=\"raw\" data-block-weight=\"2\" data-block-id=\"12\">\n<div class=\"content-intertitle\">\n<h2>Outro lado<\/h2>\n<\/div>\n<\/div>\n<div class=\"mc-column content-text active-extra-styles \" style=\"text-align: justify;\" data-block-type=\"unstyled\" data-block-weight=\"63\" data-block-id=\"13\">\n<p class=\"content-text__container \" data-track-category=\"Link no Texto\" data-track-links=\"\">Em nota ao\u00a0<strong>G1\u00a0<\/strong>nesta sexta-feira (12), o Poder Executivo pontuou que o prefeito Nelson Roberto Bugalho afirma estar convicto de que \u201co pedido de cassa\u00e7\u00e3o apresentado n\u00e3o tem qualquer fundamento, pois se baseia em den\u00fancias j\u00e1 apuradas e arquivadas pelo Minist\u00e9rio P\u00fablico por serem inver\u00eddicas, al\u00e9m de argumenta\u00e7\u00f5es fr\u00e1geis e quest\u00f5es administrativas que n\u00e3o justificam em hip\u00f3tese alguma o pedido em quest\u00e3o\u201d.<\/p>\n<\/div>\n<div class=\"mc-column content-text active-extra-styles \" data-block-type=\"unstyled\" data-block-weight=\"27\" data-block-id=\"14\">\n<p class=\"content-text__container \" style=\"text-align: justify;\" data-track-category=\"Link no Texto\" data-track-links=\"\">\u201cD\u00e1-se a impress\u00e3o de que o pedido foi formulado com outros interesses e interessados, apenas para causar constrangimento ao Chefe do Executivo\u201d, salientou a Prefeitura ao\u00a0<strong>G1<\/strong>.<\/p>\n<p class=\"content-text__container \" style=\"text-align: justify;\" data-track-category=\"Link no Texto\" data-track-links=\"\"><span style=\"font-style: italic; text-align: center;\">\u201cEspera-se que os vereadores analisem com cautela e responsabilidade o teor do referido requerimento, que se configura como uma afronta aos valores morais e \u00e9ticos que regem a gest\u00e3o do atual prefeito municipal, al\u00e9m de caracterizar poss\u00edveis il\u00edcitos penais e civis que ser\u00e3o devidamente apurados\u201d, concluiu a Prefeitura.<\/span><\/p>\n<p style=\"text-align: justify;\" data-track-category=\"Link no Texto\" data-track-links=\"\">Fonte: G1<\/p>\n<\/div>\n<\/div>\n","protected":false},"excerpt":{"rendered":"<p>Den\u00fancia apresentada por um morador aponta sucess\u00e3o de situa\u00e7\u00f5es que justificariam a cassa\u00e7\u00e3o do mandato. Executivo afirma que pedido \u2018n\u00e3o tem qualquer fundamento\u2019. A C\u00e2mara Municipal de\u00a0Presidente Prudente\u00a0ir\u00e1 votar na sess\u00e3o ordin\u00e1ria da pr\u00f3xima segunda-feira (15), com in\u00edcio \u00e0s 14h, a possibilidade de instaura\u00e7\u00e3o de uma Comiss\u00e3o Processante (CP) contra o prefeito Nelson Roberto Bugalho [&hellip;]<\/p>\n","protected":false},"author":1,"featured_media":28421,"comment_status":"closed","ping_status":"open","sticky":false,"template":"","format":"standard","meta":{"footnotes":""},"categories":[110,116],"tags":[],"class_list":["post-28420","post","type-post","status-publish","format-standard","has-post-thumbnail","hentry","category-noticiasdestaque","category-politicaeeconomia"],"_links":{"self":[{"href":"https:\/\/jorgezanoni.com.br\/2019\/wp-json\/wp\/v2\/posts\/28420","targetHints":{"allow":["GET"]}}],"collection":[{"href":"https:\/\/jorgezanoni.com.br\/2019\/wp-json\/wp\/v2\/posts"}],"about":[{"href":"https:\/\/jorgezanoni.com.br\/2019\/wp-json\/wp\/v2\/types\/post"}],"author":[{"embeddable":true,"href":"https:\/\/jorgezanoni.com.br\/2019\/wp-json\/wp\/v2\/users\/1"}],"replies":[{"embeddable":true,"href":"https:\/\/jorgezanoni.com.br\/2019\/wp-json\/wp\/v2\/comments?post=28420"}],"version-history":[{"count":0,"href":"https:\/\/jorgezanoni.com.br\/2019\/wp-json\/wp\/v2\/posts\/28420\/revisions"}],"wp:featuredmedia":[{"embeddable":true,"href":"https:\/\/jorgezanoni.com.br\/2019\/wp-json\/wp\/v2\/media\/28421"}],"wp:attachment":[{"href":"https:\/\/jorgezanoni.com.br\/2019\/wp-json\/wp\/v2\/media?parent=28420"}],"wp:term":[{"taxonomy":"category","embeddable":true,"href":"https:\/\/jorgezanoni.com.br\/2019\/wp-json\/wp\/v2\/categories?post=28420"},{"taxonomy":"post_tag","embeddable":true,"href":"https:\/\/jorgezanoni.com.br\/2019\/wp-json\/wp\/v2\/tags?post=28420"}],"curies":[{"name":"wp","href":"https:\/\/api.w.org\/{rel}","templated":true}]}}