{"id":28365,"date":"2020-06-13T01:38:33","date_gmt":"2020-06-13T01:38:33","guid":{"rendered":"https:\/\/jorgezanoni.com.br\/2019\/?p=28365"},"modified":"2020-06-13T01:38:33","modified_gmt":"2020-06-13T01:38:33","slug":"curso-de-estetica-do-cep-ume-promove-webpalestras","status":"publish","type":"post","link":"https:\/\/jorgezanoni.com.br\/2019\/curso-de-estetica-do-cep-ume-promove-webpalestras\/","title":{"rendered":"Curso de Est\u00e9tica do CEP\/UME promove webpalestras"},"content":{"rendered":"<p dir=\"ltr\" style=\"text-align: justify;\">Estamos em isolamento social devido \u00e0 pandemia, mas nem por isso o CEP\/UME parou!\u00a0 As atividades est\u00e3o sendo mediadas por tecnologias. O curso T\u00e9cnico em Est\u00e9tica do CEP\/UME, unidade mantida pela Fundec, tem trazido webpalestras para seus alunos.<br \/>\nNo dia 27 de maio, o empres\u00e1rio Thiago Flavio de Souza, propriet\u00e1rio do Spa Arzani e da Cl\u00ednica Arzani Est\u00e9tica, da cidade de Lins (SP), participou de uma palestra virtual com os alunos do curso T\u00e9cnico em Est\u00e9tica do CEP\/UME. O palestrante descreveu as etapas iniciais da implanta\u00e7\u00e3o de uma cl\u00ednica est\u00e9tica, falando sobre licen\u00e7as e autoriza\u00e7\u00f5es municipais e de \u00f3rg\u00e3os reguladores e tamb\u00e9m sobre parcerias e modelos de contrato de trabalho. Na segunda etapa, relatou a import\u00e2ncia do controle de qualidade, controle financeiro, infraestrutura e \u00e9tica profissional. A palestra fez parte da disciplina de Empreendedorismo e Gest\u00e3o de Qualidade, do Prof. Tiago Ferreira Lima de David.<\/p>\n<p dir=\"ltr\" style=\"text-align: justify;\">No dia 2 de junho, a dire\u00e7\u00e3o da escola e a coordena\u00e7\u00e3o do curso proporcionaram aos alunos uma webpalestra sobre a pandemia, com o intuito de os acolher e orientar.<\/p>\n<p dir=\"ltr\" style=\"text-align: justify;\">A palestra foi conduzida pela psic\u00f3loga convidada Fl\u00e1via de Carvalho Lucas Velo, com apoio da professora Paloma Fava Felix.<\/p>\n<p dir=\"ltr\" style=\"text-align: justify;\">Foram momentos de muitas compreens\u00f5es e reflex\u00f5es, levando os alunos a identificarem suas emo\u00e7\u00f5es e pensarem na necessidade de uma reorganiza\u00e7\u00e3o da rotina, deixando dicas de como podemos combater o isolamento social e continuar nossa caminhada de forma\u00e7\u00e3o.<\/p>\n<p dir=\"ltr\" style=\"text-align: justify;\">A diretora do CEP\/UME Julia Portari destacou que essas atividades s\u00e3o importantes para colocar os alunos em contato com o mercado de trabalho, despertar nos estudantes novas vis\u00f5es empreendedoras e favorecer a troca de experi\u00eancias. &#8220;Essas atividades tamb\u00e9m trazem a eles momentos de reflex\u00f5es sobre o atual cen\u00e1rio mundial e sobre suas expectativas para o futuro&#8221;, acrescentou a diretora.<\/p>\n<p dir=\"ltr\" style=\"text-align: justify;\">&#8220;As webpalestras t\u00eam agregado muito em nossa forma\u00e7\u00e3o como esteticistas. Devido ao cen\u00e1rio atual em que nos encontramos, n\u00e3o podemos nos reunir presencialmente, mas isso tem sido feito pela internet, o que faz a gente n\u00e3o perder o ritmo dos estudos. Todos os convidados t\u00eam uma trajet\u00f3ria incr\u00edvel para compartilhar com a gente. \u00c9 sempre muito bom ouvir conselhos de profissionais que atingiram o sucesso e nos inspiram com suas hist\u00f3rias.&#8221; &#8211; Depoimento da aluna Bianca Zanolo Mainente, do 1\u00ba termo do curso T\u00e9cnico em Est\u00e9tica.<\/p>\n<p dir=\"ltr\" style=\"text-align: justify;\">&#8220;As webpalestras t\u00eam por objetivo acrescentar conte\u00fado, informa\u00e7\u00f5es e experi\u00eancias pr\u00e1ticas \u00e0 grade curricular, estimulando o aluno a enriquecer cada vez mais seus conhecimentos profissionais e pessoais&#8221;, finalizou a coordenadora do curso Cynthia Esteves.<span id=\"gmail-docs-internal-guid-712420e4-7fff-4179-4c99-d5ad10559b00\"><\/span><\/p>\n<div class=\"gmail_signature\" dir=\"ltr\">\n<div dir=\"ltr\" style=\"text-align: justify;\">Carolina Colnago<br \/>\nAssistente de Comunica\u00e7\u00e3o<br \/>\nFunda\u00e7\u00e3o Dracenense de Educa\u00e7\u00e3o e Cultura<\/div>\n<\/div>\n","protected":false},"excerpt":{"rendered":"<p>Estamos em isolamento social devido \u00e0 pandemia, mas nem por isso o CEP\/UME parou!\u00a0 As atividades est\u00e3o sendo mediadas por tecnologias. O curso T\u00e9cnico em Est\u00e9tica do CEP\/UME, unidade mantida pela Fundec, tem trazido webpalestras para seus alunos. No dia 27 de maio, o empres\u00e1rio Thiago Flavio de Souza, propriet\u00e1rio do Spa Arzani e da [&hellip;]<\/p>\n","protected":false},"author":1,"featured_media":28366,"comment_status":"closed","ping_status":"open","sticky":false,"template":"","format":"standard","meta":{"footnotes":""},"categories":[122],"tags":[],"class_list":["post-28365","post","type-post","status-publish","format-standard","has-post-thumbnail","hentry","category-saudeeducacaoeconcurso"],"_links":{"self":[{"href":"https:\/\/jorgezanoni.com.br\/2019\/wp-json\/wp\/v2\/posts\/28365","targetHints":{"allow":["GET"]}}],"collection":[{"href":"https:\/\/jorgezanoni.com.br\/2019\/wp-json\/wp\/v2\/posts"}],"about":[{"href":"https:\/\/jorgezanoni.com.br\/2019\/wp-json\/wp\/v2\/types\/post"}],"author":[{"embeddable":true,"href":"https:\/\/jorgezanoni.com.br\/2019\/wp-json\/wp\/v2\/users\/1"}],"replies":[{"embeddable":true,"href":"https:\/\/jorgezanoni.com.br\/2019\/wp-json\/wp\/v2\/comments?post=28365"}],"version-history":[{"count":0,"href":"https:\/\/jorgezanoni.com.br\/2019\/wp-json\/wp\/v2\/posts\/28365\/revisions"}],"wp:featuredmedia":[{"embeddable":true,"href":"https:\/\/jorgezanoni.com.br\/2019\/wp-json\/wp\/v2\/media\/28366"}],"wp:attachment":[{"href":"https:\/\/jorgezanoni.com.br\/2019\/wp-json\/wp\/v2\/media?parent=28365"}],"wp:term":[{"taxonomy":"category","embeddable":true,"href":"https:\/\/jorgezanoni.com.br\/2019\/wp-json\/wp\/v2\/categories?post=28365"},{"taxonomy":"post_tag","embeddable":true,"href":"https:\/\/jorgezanoni.com.br\/2019\/wp-json\/wp\/v2\/tags?post=28365"}],"curies":[{"name":"wp","href":"https:\/\/api.w.org\/{rel}","templated":true}]}}