{"id":28358,"date":"2020-06-13T01:18:31","date_gmt":"2020-06-13T01:18:31","guid":{"rendered":"https:\/\/jorgezanoni.com.br\/2019\/?p=28358"},"modified":"2020-06-13T01:18:31","modified_gmt":"2020-06-13T01:18:31","slug":"auminizacao-a-melhor-solucao","status":"publish","type":"post","link":"https:\/\/jorgezanoni.com.br\/2019\/auminizacao-a-melhor-solucao\/","title":{"rendered":"Auminiza\u00e7\u00e3o, a melhor solu\u00e7\u00e3o"},"content":{"rendered":"<p style=\"text-align: justify;\"><strong>AUMINIZA\u00c7\u00c3O , A MELHOR SOLU\u00c7\u00c3O\u00a0 \u00a0 \u00a0 \u00a0 \u00a0 \u00a0 \u00a0 \u00a0 \u00a0 \u00a0 \u00a0 \u00a0 \u00a0 \u00a0 \u00a0 \u00a0 \u00a0 \u00a0 \u00a0 \u00a0 \u00a0 \u00a0 \u00a0 \u00a0 \u00a0 \u00a0 \u00a0 \u00a0 \u00a0 \u00a0 \u00a0 \u00a0 \u00a0 \u00a0 \u00a0 \u00a0 \u00a0 \u00a0 \u00a0 \u00a0 \u00a0 \u00a0 \u00a0 \u00a0 \u00a0 \u00a0\u00a0<\/strong><\/p>\n<p style=\"text-align: justify;\"><strong>*CLAUDIVAL CLEMENTE.<\/strong><\/p>\n<p style=\"text-align: justify;\"><strong>**CLAUDIVAL MOURA CLEMENTE<\/strong><\/p>\n<p style=\"text-align: justify;\">Os cientistas desde a divulga\u00e7\u00e3o da exist\u00eancia do SARS-Cov2, respons\u00e1vel pela Covid19, t\u00eam se dedicado continuamente ao estudo da natureza do v\u00edrus, desde a forma de contamina\u00e7\u00e3o at\u00e9 uma maneira eficaz de combate-lo, pois, de um lado, o v\u00edrus pela sua pr\u00f3pria natureza, quer sobreviver; de outro lado, os estudiosos querem encontrar uma forma de exterm\u00ednio total.<\/p>\n<p style=\"text-align: justify;\">Uma das primeiras descobertas, para minimizar o cont\u00e1gio, foi a indica\u00e7\u00e3o do isolamento social, determinando a suspens\u00e3o das atividades n\u00e3o essenciais, para diminuir a quantidade de pessoas nas ruas, evitando-se as aglomera\u00e7\u00f5es, pois o cont\u00e1gio do v\u00edrus \u00e9 de pessoa a pessoa.<\/p>\n<p style=\"text-align: justify;\">Os negacionistas, ou seja, aquelas pessoas que discordam da letalidade e mortalidade da doen\u00e7a provocada pelo v\u00edrus, sempre se opuseram \u00e0 pr\u00e1tica do distanciamento social, por dois motivos: desprezam as descobertas dos cientistas a respeito do impacto do v\u00edrus na sociedade e ao mesmo tempo defendem a tese de que o v\u00edrus deixar\u00e1 de existir quando a maior parte da popula\u00e7\u00e3o for contaminada, com a exist\u00eancia da chamada \u201cimuniza\u00e7\u00e3o do rebanho.\u201d<\/p>\n<p style=\"text-align: justify;\">Esta teoria \u00e9 que grande parte da popula\u00e7\u00e3o, entre 70 e 80% da popula\u00e7\u00e3o seja contaminada, adquirindo anticorpos para n\u00e3o se contaminar novamente e o restante das pessoas, por conta deste \u00edndice de contamina\u00e7\u00e3o n\u00e3o seria contagiada, permanecendo toda a popula\u00e7\u00e3o imune \u00e0 doen\u00e7a.<\/p>\n<p style=\"text-align: justify;\">Contudo, em se tratando do SARS-Cov2, o v\u00edrus se disfar\u00e7a em uma prote\u00edna, a prote\u00edna \u201cs\u201d, entra no organismo e destr\u00f3i as c\u00e9lulas indo diretamente aos pulm\u00f5es e pode provocar uma doen\u00e7a respirat\u00f3ria aguda, que na maior parte dos casos exige interna\u00e7\u00e3o em Unidade de Terapia Intensiva e utiliza\u00e7\u00e3o de respirador, face ao comprometimento dos pulm\u00f5es. Quanto maior o n\u00famero de contaminados, maior a utiliza\u00e7\u00e3o das UTIs, com probabilidade de colapso no sistema de sa\u00fade p\u00fablica.<\/p>\n<p style=\"text-align: justify;\">A \u00fanica forma de realmente combater a ocorr\u00eancia da Covid19 \u00e9 com a imuniza\u00e7\u00e3o por meio de vacinas, que s\u00e3o fabricadas com os pr\u00f3prios v\u00edrus, atenuados, agindo no interior do organismo humano estimulam o sistema imunol\u00f3gico a produzir anticorpos, prote\u00ednas que ajudam a combater a doen\u00e7a. \u00c9 um processo complicado e demorado dentro do organismo, pois a produ\u00e7\u00e3o das defesas acaba por permitir a doen\u00e7a; mas como os v\u00edrus da vacina s\u00e3o mortos ou enfraquecidos, a doen\u00e7a s\u00f3 se desenvolve para proteger o indiv\u00edduo que recebeu a vacina. Com a doen\u00e7a desenvolvida no organismo, a vacina cria a \u201cmem\u00f3ria imunol\u00f3gica\u201d e em caso de nova infec\u00e7\u00e3o pelo mesmo v\u00edrus, a resposta do corpo \u00e9 imediata, repelindo o v\u00edrus, criando uma barreira impenetr\u00e1vel, impedindo a contamina\u00e7\u00e3o de outras pessoas, mesmo aquelas que n\u00e3o foram vacinadas.<\/p>\n<p style=\"text-align: justify;\">V\u00e1rios cientistas, do mundo todo est\u00e3o pesquisando uma vacina para o SARS-Cov2, inclusive o bilion\u00e1rio Bill Gates, fundador da Microsoft e mantenedor daBill &amp; Melinda Gates Foundation, financiando 7 empresas que pesquisam sobre vacinas para a Covid19. Bill, inclusive, tem um projeto magn\u00edfico para construir empresas que ir\u00e3o produzir outros tipos de vacinas nos pa\u00edses pobres, pois em v\u00e1rias localidades existem s\u00e9rios problemas com outras doen\u00e7as, em nosso pa\u00eds j\u00e1 foram extintas a algum tempo.<\/p>\n<p style=\"text-align: justify;\">No Brasil , existem duas possibilidades no desenvolvimento das vacinas. Uma pesquisa desenvolvida em parceria pela Universidade de Oxford e FIOCRUZ, que j\u00e1 est\u00e1 na terceira fase dos estudos, ou seja, onde se estuda a seguran\u00e7a do produto em seres humanos. Os pesquisadores est\u00e3o otimistas porque os cientistas usam fragmentos de prote\u00ednas injetados nos corpos dos seres humanos, como parte dos estudos que foram realizados para a SARS(S\u00edndrome Respirat\u00f3ria Aguda) surgida em 2012.<\/p>\n<p style=\"text-align: justify;\">A outra linha de frente se concentra em uma vacina desenvolvida pelo Instituto Butantan, tamb\u00e9m na fase 3 conforme an\u00fancio do governador do Estado de S\u00e3o Paulo. Esta vacina utiliza um v\u00edrus desativado, com a vantagem de que o usu\u00e1rio n\u00e3o entra em contato com o v\u00edrus SARS-Cov2, o que, sem d\u00favida, \u00e9 muito mais seguro \u00e0s pessoas que forem vacinadas.<\/p>\n<p style=\"text-align: justify;\">Enquanto as vacinas n\u00e3o s\u00e3o lan\u00e7adas, vamos continuar com as medidas protetivas de sempre: lavar as m\u00e3os com frequ\u00eancia, evitar tocar a boca, o nariz e os olhos com as m\u00e3os, cobrir a boca quando tossir ou espirrar, assim como higienizar sempre as m\u00e3os com \u00e1lcool gel e todas as mercadorias que receberem em casa ou que comprarem nos mercados. Saindo de casa, use sempre as m\u00e1scaras, com a devida cautela, evitando aglomera\u00e7\u00f5es. Nunca toque na m\u00e1scara e n\u00e3o \u00e9 necess\u00e1rio baixar ou tirar a m\u00e1scara para falar ao celular ou ouvir ou gravar alguma mensagem no watts. A m\u00e1scara \u00e9 a melhor prote\u00e7\u00e3o no momento.<\/p>\n<p style=\"text-align: justify;\">Juntos somos mais fortes, juntos venceremos. O Brasil ir\u00e1 vencer o v\u00edrus. O Brasil precisa de todos n\u00f3s.<\/p>\n<p style=\"text-align: justify;\">Participe enviando d\u00favidas, coment\u00e1rios ou sugest\u00f5es para<a href=\"mailto:bcrcconsultoria@gmail.com\">bcrcnews.wixsite.com<\/a> e tamb\u00e9m no facebook, onde podereler este e outros artigos. At\u00e9 a pr\u00f3xima.<\/p>\n<p style=\"text-align: justify;\">*Formado em Direito pela UENP &#8211; Universidade Estadual de Direito do Norte Pioneiro em Jacarezinho e em Administra\u00e7\u00e3o de Empresas nas Faculdades Integradas de Ourinhos. MBA em Comunica\u00e7\u00e3o Corporativa pela Universidade Est\u00e1cio de S\u00e1(em curso) . S\u00f3cio s\u00eanior da BCRC Consultoria em Comunica\u00e7\u00e3o.<\/p>\n<p style=\"text-align: justify;\">** Revis\u00e3o e colabora\u00e7\u00e3o\u00a0 &#8211; Administrador de Empresas pela Universidade Cidade de S\u00e3o Paulo &#8211; UNICID.<\/p>\n","protected":false},"excerpt":{"rendered":"<p>AUMINIZA\u00c7\u00c3O , A MELHOR SOLU\u00c7\u00c3O\u00a0 \u00a0 \u00a0 \u00a0 \u00a0 \u00a0 \u00a0 \u00a0 \u00a0 \u00a0 \u00a0 \u00a0 \u00a0 \u00a0 \u00a0 \u00a0 \u00a0 \u00a0 \u00a0 \u00a0 \u00a0 \u00a0 \u00a0 \u00a0 \u00a0 \u00a0 \u00a0 \u00a0 \u00a0 \u00a0 \u00a0 \u00a0 \u00a0 \u00a0 \u00a0 \u00a0 \u00a0 \u00a0 \u00a0 \u00a0 \u00a0 \u00a0 \u00a0 \u00a0 \u00a0 \u00a0\u00a0 *CLAUDIVAL CLEMENTE. **CLAUDIVAL MOURA CLEMENTE [&hellip;]<\/p>\n","protected":false},"author":1,"featured_media":28359,"comment_status":"closed","ping_status":"open","sticky":false,"template":"","format":"standard","meta":{"footnotes":""},"categories":[175],"tags":[],"class_list":["post-28358","post","type-post","status-publish","format-standard","has-post-thumbnail","hentry","category-artigos"],"_links":{"self":[{"href":"https:\/\/jorgezanoni.com.br\/2019\/wp-json\/wp\/v2\/posts\/28358","targetHints":{"allow":["GET"]}}],"collection":[{"href":"https:\/\/jorgezanoni.com.br\/2019\/wp-json\/wp\/v2\/posts"}],"about":[{"href":"https:\/\/jorgezanoni.com.br\/2019\/wp-json\/wp\/v2\/types\/post"}],"author":[{"embeddable":true,"href":"https:\/\/jorgezanoni.com.br\/2019\/wp-json\/wp\/v2\/users\/1"}],"replies":[{"embeddable":true,"href":"https:\/\/jorgezanoni.com.br\/2019\/wp-json\/wp\/v2\/comments?post=28358"}],"version-history":[{"count":0,"href":"https:\/\/jorgezanoni.com.br\/2019\/wp-json\/wp\/v2\/posts\/28358\/revisions"}],"wp:featuredmedia":[{"embeddable":true,"href":"https:\/\/jorgezanoni.com.br\/2019\/wp-json\/wp\/v2\/media\/28359"}],"wp:attachment":[{"href":"https:\/\/jorgezanoni.com.br\/2019\/wp-json\/wp\/v2\/media?parent=28358"}],"wp:term":[{"taxonomy":"category","embeddable":true,"href":"https:\/\/jorgezanoni.com.br\/2019\/wp-json\/wp\/v2\/categories?post=28358"},{"taxonomy":"post_tag","embeddable":true,"href":"https:\/\/jorgezanoni.com.br\/2019\/wp-json\/wp\/v2\/tags?post=28358"}],"curies":[{"name":"wp","href":"https:\/\/api.w.org\/{rel}","templated":true}]}}