{"id":28307,"date":"2020-06-12T18:05:26","date_gmt":"2020-06-12T18:05:26","guid":{"rendered":"https:\/\/jorgezanoni.com.br\/2019\/?p=28307"},"modified":"2020-06-12T18:05:26","modified_gmt":"2020-06-12T18:05:26","slug":"aniversariantes-do-dia-12-06-20","status":"publish","type":"post","link":"https:\/\/jorgezanoni.com.br\/2019\/aniversariantes-do-dia-12-06-20\/","title":{"rendered":"Aniversariantes do Dia 12\/06\/20"},"content":{"rendered":"<p>PARABENIZAMOS OS ANIVERSARIANTES DE HOJE:<\/p>\n<p><img loading=\"lazy\" decoding=\"async\" class=\"alignnone size-full wp-image-28308\" src=\"https:\/\/jorgezanoni.com.br\/2019\/wp-content\/uploads\/2020\/06\/Ademir-Aranda-Pacheco.jpg\" alt=\"\" width=\"562\" height=\"960\" srcset=\"https:\/\/jorgezanoni.com.br\/2019\/wp-content\/uploads\/2020\/06\/Ademir-Aranda-Pacheco.jpg 562w, https:\/\/jorgezanoni.com.br\/2019\/wp-content\/uploads\/2020\/06\/Ademir-Aranda-Pacheco-176x300.jpg 176w, https:\/\/jorgezanoni.com.br\/2019\/wp-content\/uploads\/2020\/06\/Ademir-Aranda-Pacheco-246x420.jpg 246w\" sizes=\"auto, (max-width: 562px) 100vw, 562px\" \/> Ademir Aranda Pacheco<\/p>\n<p><img loading=\"lazy\" decoding=\"async\" class=\"alignnone size-full wp-image-28309\" src=\"https:\/\/jorgezanoni.com.br\/2019\/wp-content\/uploads\/2020\/06\/Ademir-Libert-Dias.jpg\" alt=\"\" width=\"768\" height=\"768\" srcset=\"https:\/\/jorgezanoni.com.br\/2019\/wp-content\/uploads\/2020\/06\/Ademir-Libert-Dias.jpg 768w, https:\/\/jorgezanoni.com.br\/2019\/wp-content\/uploads\/2020\/06\/Ademir-Libert-Dias-300x300.jpg 300w, https:\/\/jorgezanoni.com.br\/2019\/wp-content\/uploads\/2020\/06\/Ademir-Libert-Dias-150x150.jpg 150w, https:\/\/jorgezanoni.com.br\/2019\/wp-content\/uploads\/2020\/06\/Ademir-Libert-Dias-696x696.jpg 696w, https:\/\/jorgezanoni.com.br\/2019\/wp-content\/uploads\/2020\/06\/Ademir-Libert-Dias-420x420.jpg 420w\" sizes=\"auto, (max-width: 768px) 100vw, 768px\" \/>Ademir Libert Dias<\/p>\n<p><img loading=\"lazy\" decoding=\"async\" class=\"alignnone size-full wp-image-28310\" src=\"https:\/\/jorgezanoni.com.br\/2019\/wp-content\/uploads\/2020\/06\/Angelica-Grecco-Correia.jpg\" alt=\"\" width=\"720\" height=\"960\" srcset=\"https:\/\/jorgezanoni.com.br\/2019\/wp-content\/uploads\/2020\/06\/Angelica-Grecco-Correia.jpg 720w, https:\/\/jorgezanoni.com.br\/2019\/wp-content\/uploads\/2020\/06\/Angelica-Grecco-Correia-225x300.jpg 225w, https:\/\/jorgezanoni.com.br\/2019\/wp-content\/uploads\/2020\/06\/Angelica-Grecco-Correia-696x928.jpg 696w, https:\/\/jorgezanoni.com.br\/2019\/wp-content\/uploads\/2020\/06\/Angelica-Grecco-Correia-315x420.jpg 315w\" sizes=\"auto, (max-width: 720px) 100vw, 720px\" \/>Angelina Grecco Correia<\/p>\n<p><img loading=\"lazy\" decoding=\"async\" class=\"alignnone size-full wp-image-28311\" src=\"https:\/\/jorgezanoni.com.br\/2019\/wp-content\/uploads\/2020\/06\/Antonio-Moraes.jpg\" alt=\"\" width=\"540\" height=\"960\" srcset=\"https:\/\/jorgezanoni.com.br\/2019\/wp-content\/uploads\/2020\/06\/Antonio-Moraes.jpg 540w, https:\/\/jorgezanoni.com.br\/2019\/wp-content\/uploads\/2020\/06\/Antonio-Moraes-169x300.jpg 169w, https:\/\/jorgezanoni.com.br\/2019\/wp-content\/uploads\/2020\/06\/Antonio-Moraes-236x420.jpg 236w\" sizes=\"auto, (max-width: 540px) 100vw, 540px\" \/> Antonio Moraes<\/p>\n<p><img loading=\"lazy\" decoding=\"async\" class=\"alignnone size-full wp-image-28313\" src=\"https:\/\/jorgezanoni.com.br\/2019\/wp-content\/uploads\/2020\/06\/Daniela-Maranho1.jpg\" alt=\"\" width=\"649\" height=\"811\" srcset=\"https:\/\/jorgezanoni.com.br\/2019\/wp-content\/uploads\/2020\/06\/Daniela-Maranho1.jpg 649w, https:\/\/jorgezanoni.com.br\/2019\/wp-content\/uploads\/2020\/06\/Daniela-Maranho1-240x300.jpg 240w, https:\/\/jorgezanoni.com.br\/2019\/wp-content\/uploads\/2020\/06\/Daniela-Maranho1-336x420.jpg 336w\" sizes=\"auto, (max-width: 649px) 100vw, 649px\" \/>Daniela Maranho<\/p>\n<p><img loading=\"lazy\" decoding=\"async\" class=\"alignnone size-full wp-image-28314\" src=\"https:\/\/jorgezanoni.com.br\/2019\/wp-content\/uploads\/2020\/06\/Dulce-Adorno-Sitta.jpg\" alt=\"\" width=\"429\" height=\"430\" srcset=\"https:\/\/jorgezanoni.com.br\/2019\/wp-content\/uploads\/2020\/06\/Dulce-Adorno-Sitta.jpg 429w, https:\/\/jorgezanoni.com.br\/2019\/wp-content\/uploads\/2020\/06\/Dulce-Adorno-Sitta-300x300.jpg 300w, https:\/\/jorgezanoni.com.br\/2019\/wp-content\/uploads\/2020\/06\/Dulce-Adorno-Sitta-150x150.jpg 150w, https:\/\/jorgezanoni.com.br\/2019\/wp-content\/uploads\/2020\/06\/Dulce-Adorno-Sitta-419x420.jpg 419w\" sizes=\"auto, (max-width: 429px) 100vw, 429px\" \/> Dulce Adorno Sitta<\/p>\n<p><img loading=\"lazy\" decoding=\"async\" class=\"alignnone size-full wp-image-28315\" src=\"https:\/\/jorgezanoni.com.br\/2019\/wp-content\/uploads\/2020\/06\/Eder-Pantaroto.jpg\" alt=\"\" width=\"600\" height=\"600\" srcset=\"https:\/\/jorgezanoni.com.br\/2019\/wp-content\/uploads\/2020\/06\/Eder-Pantaroto.jpg 600w, https:\/\/jorgezanoni.com.br\/2019\/wp-content\/uploads\/2020\/06\/Eder-Pantaroto-300x300.jpg 300w, https:\/\/jorgezanoni.com.br\/2019\/wp-content\/uploads\/2020\/06\/Eder-Pantaroto-150x150.jpg 150w, https:\/\/jorgezanoni.com.br\/2019\/wp-content\/uploads\/2020\/06\/Eder-Pantaroto-420x420.jpg 420w\" sizes=\"auto, (max-width: 600px) 100vw, 600px\" \/> Eder Pantaroto<\/p>\n<p><img loading=\"lazy\" decoding=\"async\" class=\"alignnone size-full wp-image-28316\" src=\"https:\/\/jorgezanoni.com.br\/2019\/wp-content\/uploads\/2020\/06\/Edgard-Ticha-filho-Hugo-12-06-1.jpg\" alt=\"\" width=\"1280\" height=\"960\" srcset=\"https:\/\/jorgezanoni.com.br\/2019\/wp-content\/uploads\/2020\/06\/Edgard-Ticha-filho-Hugo-12-06-1.jpg 1280w, https:\/\/jorgezanoni.com.br\/2019\/wp-content\/uploads\/2020\/06\/Edgard-Ticha-filho-Hugo-12-06-1-300x225.jpg 300w, https:\/\/jorgezanoni.com.br\/2019\/wp-content\/uploads\/2020\/06\/Edgard-Ticha-filho-Hugo-12-06-1-1024x768.jpg 1024w, https:\/\/jorgezanoni.com.br\/2019\/wp-content\/uploads\/2020\/06\/Edgard-Ticha-filho-Hugo-12-06-1-768x576.jpg 768w, https:\/\/jorgezanoni.com.br\/2019\/wp-content\/uploads\/2020\/06\/Edgard-Ticha-filho-Hugo-12-06-1-80x60.jpg 80w, https:\/\/jorgezanoni.com.br\/2019\/wp-content\/uploads\/2020\/06\/Edgard-Ticha-filho-Hugo-12-06-1-265x198.jpg 265w, https:\/\/jorgezanoni.com.br\/2019\/wp-content\/uploads\/2020\/06\/Edgard-Ticha-filho-Hugo-12-06-1-696x522.jpg 696w, https:\/\/jorgezanoni.com.br\/2019\/wp-content\/uploads\/2020\/06\/Edgard-Ticha-filho-Hugo-12-06-1-1068x801.jpg 1068w, https:\/\/jorgezanoni.com.br\/2019\/wp-content\/uploads\/2020\/06\/Edgard-Ticha-filho-Hugo-12-06-1-560x420.jpg 560w\" sizes=\"auto, (max-width: 1280px) 100vw, 1280px\" \/>Aniversariante Hugo com o pai Edgard (Ticha)<\/p>\n<p><img loading=\"lazy\" decoding=\"async\" class=\"alignnone size-full wp-image-28317\" src=\"https:\/\/jorgezanoni.com.br\/2019\/wp-content\/uploads\/2020\/06\/Eliana-Melo.jpg\" alt=\"\" width=\"960\" height=\"960\" srcset=\"https:\/\/jorgezanoni.com.br\/2019\/wp-content\/uploads\/2020\/06\/Eliana-Melo.jpg 960w, https:\/\/jorgezanoni.com.br\/2019\/wp-content\/uploads\/2020\/06\/Eliana-Melo-300x300.jpg 300w, https:\/\/jorgezanoni.com.br\/2019\/wp-content\/uploads\/2020\/06\/Eliana-Melo-150x150.jpg 150w, https:\/\/jorgezanoni.com.br\/2019\/wp-content\/uploads\/2020\/06\/Eliana-Melo-768x768.jpg 768w, https:\/\/jorgezanoni.com.br\/2019\/wp-content\/uploads\/2020\/06\/Eliana-Melo-696x696.jpg 696w, https:\/\/jorgezanoni.com.br\/2019\/wp-content\/uploads\/2020\/06\/Eliana-Melo-420x420.jpg 420w\" sizes=\"auto, (max-width: 960px) 100vw, 960px\" \/>Eliana Melo<\/p>\n<p><img loading=\"lazy\" decoding=\"async\" class=\"alignnone size-full wp-image-28318\" src=\"https:\/\/jorgezanoni.com.br\/2019\/wp-content\/uploads\/2020\/06\/Fabiana-Camuci.jpg\" alt=\"\" width=\"960\" height=\"960\" srcset=\"https:\/\/jorgezanoni.com.br\/2019\/wp-content\/uploads\/2020\/06\/Fabiana-Camuci.jpg 960w, https:\/\/jorgezanoni.com.br\/2019\/wp-content\/uploads\/2020\/06\/Fabiana-Camuci-300x300.jpg 300w, https:\/\/jorgezanoni.com.br\/2019\/wp-content\/uploads\/2020\/06\/Fabiana-Camuci-150x150.jpg 150w, https:\/\/jorgezanoni.com.br\/2019\/wp-content\/uploads\/2020\/06\/Fabiana-Camuci-768x768.jpg 768w, https:\/\/jorgezanoni.com.br\/2019\/wp-content\/uploads\/2020\/06\/Fabiana-Camuci-696x696.jpg 696w, https:\/\/jorgezanoni.com.br\/2019\/wp-content\/uploads\/2020\/06\/Fabiana-Camuci-420x420.jpg 420w\" sizes=\"auto, (max-width: 960px) 100vw, 960px\" \/>Fabiana Camuci<\/p>\n<p><img loading=\"lazy\" decoding=\"async\" class=\"alignnone size-full wp-image-28319\" src=\"https:\/\/jorgezanoni.com.br\/2019\/wp-content\/uploads\/2020\/06\/Jakelini-Isabella-Gon\u00e7alves.jpg\" alt=\"\" width=\"944\" height=\"960\" srcset=\"https:\/\/jorgezanoni.com.br\/2019\/wp-content\/uploads\/2020\/06\/Jakelini-Isabella-Gon\u00e7alves.jpg 944w, https:\/\/jorgezanoni.com.br\/2019\/wp-content\/uploads\/2020\/06\/Jakelini-Isabella-Gon\u00e7alves-295x300.jpg 295w, https:\/\/jorgezanoni.com.br\/2019\/wp-content\/uploads\/2020\/06\/Jakelini-Isabella-Gon\u00e7alves-768x781.jpg 768w, https:\/\/jorgezanoni.com.br\/2019\/wp-content\/uploads\/2020\/06\/Jakelini-Isabella-Gon\u00e7alves-696x708.jpg 696w, https:\/\/jorgezanoni.com.br\/2019\/wp-content\/uploads\/2020\/06\/Jakelini-Isabella-Gon\u00e7alves-413x420.jpg 413w\" sizes=\"auto, (max-width: 944px) 100vw, 944px\" \/>Jakelini Isabella Gon\u00e7alves<\/p>\n<p><img loading=\"lazy\" decoding=\"async\" class=\"alignnone size-full wp-image-28320\" src=\"https:\/\/jorgezanoni.com.br\/2019\/wp-content\/uploads\/2020\/06\/K\u00e1tia-Ragassi.jpg\" alt=\"\" width=\"960\" height=\"953\" srcset=\"https:\/\/jorgezanoni.com.br\/2019\/wp-content\/uploads\/2020\/06\/K\u00e1tia-Ragassi.jpg 960w, https:\/\/jorgezanoni.com.br\/2019\/wp-content\/uploads\/2020\/06\/K\u00e1tia-Ragassi-300x298.jpg 300w, https:\/\/jorgezanoni.com.br\/2019\/wp-content\/uploads\/2020\/06\/K\u00e1tia-Ragassi-150x150.jpg 150w, https:\/\/jorgezanoni.com.br\/2019\/wp-content\/uploads\/2020\/06\/K\u00e1tia-Ragassi-768x762.jpg 768w, https:\/\/jorgezanoni.com.br\/2019\/wp-content\/uploads\/2020\/06\/K\u00e1tia-Ragassi-696x691.jpg 696w, https:\/\/jorgezanoni.com.br\/2019\/wp-content\/uploads\/2020\/06\/K\u00e1tia-Ragassi-423x420.jpg 423w\" sizes=\"auto, (max-width: 960px) 100vw, 960px\" \/>K\u00e1tia Ragassi<\/p>\n<p><img loading=\"lazy\" decoding=\"async\" class=\"alignnone size-full wp-image-28321\" src=\"https:\/\/jorgezanoni.com.br\/2019\/wp-content\/uploads\/2020\/06\/Lucicarla-Foratto-Monte.jpg\" alt=\"\" width=\"539\" height=\"542\" srcset=\"https:\/\/jorgezanoni.com.br\/2019\/wp-content\/uploads\/2020\/06\/Lucicarla-Foratto-Monte.jpg 539w, https:\/\/jorgezanoni.com.br\/2019\/wp-content\/uploads\/2020\/06\/Lucicarla-Foratto-Monte-298x300.jpg 298w, https:\/\/jorgezanoni.com.br\/2019\/wp-content\/uploads\/2020\/06\/Lucicarla-Foratto-Monte-150x150.jpg 150w, https:\/\/jorgezanoni.com.br\/2019\/wp-content\/uploads\/2020\/06\/Lucicarla-Foratto-Monte-418x420.jpg 418w\" sizes=\"auto, (max-width: 539px) 100vw, 539px\" \/> Lucicarla Foratto Monte<\/p>\n<p><img loading=\"lazy\" decoding=\"async\" class=\"alignnone size-full wp-image-28322\" src=\"https:\/\/jorgezanoni.com.br\/2019\/wp-content\/uploads\/2020\/06\/Luiz-Paulo.jpg\" alt=\"\" width=\"717\" height=\"960\" srcset=\"https:\/\/jorgezanoni.com.br\/2019\/wp-content\/uploads\/2020\/06\/Luiz-Paulo.jpg 717w, https:\/\/jorgezanoni.com.br\/2019\/wp-content\/uploads\/2020\/06\/Luiz-Paulo-224x300.jpg 224w, https:\/\/jorgezanoni.com.br\/2019\/wp-content\/uploads\/2020\/06\/Luiz-Paulo-696x932.jpg 696w, https:\/\/jorgezanoni.com.br\/2019\/wp-content\/uploads\/2020\/06\/Luiz-Paulo-314x420.jpg 314w\" sizes=\"auto, (max-width: 717px) 100vw, 717px\" \/>Luiz Paulo<\/p>\n<p><img loading=\"lazy\" decoding=\"async\" class=\"alignnone size-full wp-image-28323\" src=\"https:\/\/jorgezanoni.com.br\/2019\/wp-content\/uploads\/2020\/06\/Maisa-Jacon.jpg\" alt=\"\" width=\"720\" height=\"728\" srcset=\"https:\/\/jorgezanoni.com.br\/2019\/wp-content\/uploads\/2020\/06\/Maisa-Jacon.jpg 720w, https:\/\/jorgezanoni.com.br\/2019\/wp-content\/uploads\/2020\/06\/Maisa-Jacon-297x300.jpg 297w, https:\/\/jorgezanoni.com.br\/2019\/wp-content\/uploads\/2020\/06\/Maisa-Jacon-696x704.jpg 696w, https:\/\/jorgezanoni.com.br\/2019\/wp-content\/uploads\/2020\/06\/Maisa-Jacon-415x420.jpg 415w\" sizes=\"auto, (max-width: 720px) 100vw, 720px\" \/>Maisa Jacon<\/p>\n<p><img loading=\"lazy\" decoding=\"async\" class=\"alignnone size-full wp-image-28324\" src=\"https:\/\/jorgezanoni.com.br\/2019\/wp-content\/uploads\/2020\/06\/Marta-do-Ros\u00e1rio-Vicentin.jpg\" alt=\"\" width=\"719\" height=\"719\" srcset=\"https:\/\/jorgezanoni.com.br\/2019\/wp-content\/uploads\/2020\/06\/Marta-do-Ros\u00e1rio-Vicentin.jpg 719w, https:\/\/jorgezanoni.com.br\/2019\/wp-content\/uploads\/2020\/06\/Marta-do-Ros\u00e1rio-Vicentin-300x300.jpg 300w, https:\/\/jorgezanoni.com.br\/2019\/wp-content\/uploads\/2020\/06\/Marta-do-Ros\u00e1rio-Vicentin-150x150.jpg 150w, https:\/\/jorgezanoni.com.br\/2019\/wp-content\/uploads\/2020\/06\/Marta-do-Ros\u00e1rio-Vicentin-696x696.jpg 696w, https:\/\/jorgezanoni.com.br\/2019\/wp-content\/uploads\/2020\/06\/Marta-do-Ros\u00e1rio-Vicentin-420x420.jpg 420w\" sizes=\"auto, (max-width: 719px) 100vw, 719px\" \/>Marta do Ros\u00e1rio Vicentin<\/p>\n<p><img loading=\"lazy\" decoding=\"async\" class=\"alignnone size-full wp-image-28325\" src=\"https:\/\/jorgezanoni.com.br\/2019\/wp-content\/uploads\/2020\/06\/Pena-Junior.jpg\" alt=\"\" width=\"960\" height=\"956\" srcset=\"https:\/\/jorgezanoni.com.br\/2019\/wp-content\/uploads\/2020\/06\/Pena-Junior.jpg 960w, https:\/\/jorgezanoni.com.br\/2019\/wp-content\/uploads\/2020\/06\/Pena-Junior-300x300.jpg 300w, https:\/\/jorgezanoni.com.br\/2019\/wp-content\/uploads\/2020\/06\/Pena-Junior-150x150.jpg 150w, https:\/\/jorgezanoni.com.br\/2019\/wp-content\/uploads\/2020\/06\/Pena-Junior-768x765.jpg 768w, https:\/\/jorgezanoni.com.br\/2019\/wp-content\/uploads\/2020\/06\/Pena-Junior-696x693.jpg 696w, https:\/\/jorgezanoni.com.br\/2019\/wp-content\/uploads\/2020\/06\/Pena-Junior-422x420.jpg 422w\" sizes=\"auto, (max-width: 960px) 100vw, 960px\" \/>Pena Junior<\/p>\n<p><img loading=\"lazy\" decoding=\"async\" class=\"alignnone size-full wp-image-28327\" src=\"https:\/\/jorgezanoni.com.br\/2019\/wp-content\/uploads\/2020\/06\/Verusca-Pessoa.jpg\" alt=\"\" width=\"320\" height=\"320\" srcset=\"https:\/\/jorgezanoni.com.br\/2019\/wp-content\/uploads\/2020\/06\/Verusca-Pessoa.jpg 320w, https:\/\/jorgezanoni.com.br\/2019\/wp-content\/uploads\/2020\/06\/Verusca-Pessoa-300x300.jpg 300w, https:\/\/jorgezanoni.com.br\/2019\/wp-content\/uploads\/2020\/06\/Verusca-Pessoa-150x150.jpg 150w\" sizes=\"auto, (max-width: 320px) 100vw, 320px\" \/>Verusca Pessoa<\/p>\n","protected":false},"excerpt":{"rendered":"<p>PARABENIZAMOS OS ANIVERSARIANTES DE HOJE: Ademir Aranda Pacheco Ademir Libert Dias Angelina Grecco Correia Antonio Moraes Daniela Maranho Dulce Adorno Sitta Eder Pantaroto Aniversariante Hugo com o pai Edgard (Ticha) Eliana Melo Fabiana Camuci Jakelini Isabella Gon\u00e7alves K\u00e1tia Ragassi Lucicarla Foratto Monte Luiz Paulo Maisa Jacon Marta do Ros\u00e1rio Vicentin Pena Junior Verusca Pessoa<\/p>\n","protected":false},"author":1,"featured_media":28313,"comment_status":"closed","ping_status":"open","sticky":false,"template":"","format":"standard","meta":{"footnotes":""},"categories":[174],"tags":[],"class_list":["post-28307","post","type-post","status-publish","format-standard","has-post-thumbnail","hentry","category-aniversariantes"],"_links":{"self":[{"href":"https:\/\/jorgezanoni.com.br\/2019\/wp-json\/wp\/v2\/posts\/28307","targetHints":{"allow":["GET"]}}],"collection":[{"href":"https:\/\/jorgezanoni.com.br\/2019\/wp-json\/wp\/v2\/posts"}],"about":[{"href":"https:\/\/jorgezanoni.com.br\/2019\/wp-json\/wp\/v2\/types\/post"}],"author":[{"embeddable":true,"href":"https:\/\/jorgezanoni.com.br\/2019\/wp-json\/wp\/v2\/users\/1"}],"replies":[{"embeddable":true,"href":"https:\/\/jorgezanoni.com.br\/2019\/wp-json\/wp\/v2\/comments?post=28307"}],"version-history":[{"count":0,"href":"https:\/\/jorgezanoni.com.br\/2019\/wp-json\/wp\/v2\/posts\/28307\/revisions"}],"wp:featuredmedia":[{"embeddable":true,"href":"https:\/\/jorgezanoni.com.br\/2019\/wp-json\/wp\/v2\/media\/28313"}],"wp:attachment":[{"href":"https:\/\/jorgezanoni.com.br\/2019\/wp-json\/wp\/v2\/media?parent=28307"}],"wp:term":[{"taxonomy":"category","embeddable":true,"href":"https:\/\/jorgezanoni.com.br\/2019\/wp-json\/wp\/v2\/categories?post=28307"},{"taxonomy":"post_tag","embeddable":true,"href":"https:\/\/jorgezanoni.com.br\/2019\/wp-json\/wp\/v2\/tags?post=28307"}],"curies":[{"name":"wp","href":"https:\/\/api.w.org\/{rel}","templated":true}]}}