{"id":28133,"date":"2020-06-11T16:17:14","date_gmt":"2020-06-11T16:17:14","guid":{"rendered":"https:\/\/jorgezanoni.com.br\/2019\/?p=28133"},"modified":"2020-06-11T16:17:14","modified_gmt":"2020-06-11T16:17:14","slug":"o-que-penso-sobre-a-reforma-da-praca-rotary","status":"publish","type":"post","link":"https:\/\/jorgezanoni.com.br\/2019\/o-que-penso-sobre-a-reforma-da-praca-rotary\/","title":{"rendered":"O que penso sobre a reforma da Pra\u00e7a Rotary"},"content":{"rendered":"<p style=\"text-align: justify;\"><strong>Quero aqui deixar bem claro, que \u00e9 a opini\u00e3o pessoal de um cidad\u00e3o dracenense que est\u00e1 pr\u00f3ximo de completar 60 anos que mora na cidade e conhece toda sua hist\u00f3ria.<\/strong><\/p>\n<p style=\"text-align: justify;\">N\u00e3o quero me dirigir a Prefeito Municipal, a Vereadores, a Minist\u00e9rio P\u00fablico, a respons\u00e1veis pelo Meio Ambiente, a Secret\u00e1rios, enfim a ningu\u00e9m especificamente, n\u00e3o vou criticar, n\u00e3o vou elogiar, apenas me dirijo a pessoas de bom censo.<\/p>\n<p style=\"text-align: justify;\">Come\u00e7o querendo entender porque mexer em algo que est\u00e1 bom, que est\u00e1 funcionando, que est\u00e1 atendendo bem a popula\u00e7\u00e3o, em detrimento de muitos outros locais que poderiam ter melhorias necess\u00e1rias que ali n\u00e3o precisa.<\/p>\n<p style=\"text-align: justify;\">Quando o mundo clama atrav\u00e9s do Meio Ambiente, se cortam \u00e1rvores lindas, frondosas, que fazem uma sombra incr\u00edvel e agrad\u00e1vel. Ser\u00e1 que h\u00e1 vinte e poucos anos quem plantou as \u00e1rvores no local realmente foi errado? N\u00e3o sabia qual esp\u00e9cie seriam as ideais para uma pra\u00e7a? Mesmo que sejam plantadas outras no local, v\u00e3o mais muitos anos para crescer, e ai provavelmente n\u00e3o estarei aqui para conferir quem est\u00e1 certo, se as pessoas que cuidam das coisas hoje ou de tempos atr\u00e1s.<\/p>\n<p style=\"text-align: justify;\">Ser\u00e1 que ao menos em respeito, os rotarianos que pelo menos uma vez ao ano plantam uma \u00e1rvore naquela Pra\u00e7a que eles emprestam o nome &#8220;Pra\u00e7a Rotary&#8221;, foram consultados se eram favor\u00e1veis ou o que achavam das mudan\u00e7as?<\/p>\n<p style=\"text-align: justify;\">Temos exemplos da saudosa Pra\u00e7a da Bandeira, que parece ser marco de cada administra\u00e7\u00e3o que passa pela cidade no intuito de melhorar (j\u00e1 foram feitos at\u00e9 caixotes) e parece que existe um &#8220;feiti\u00e7o&#8221; desde que passou a se chamar Pra\u00e7a Arthur Pagnozzi, dando nome h\u00e1 grande cidad\u00e3o e um dos pioneiros da cidade, muda, muda, e nunca mais foi a mesma, s\u00f3 tem piorado, n\u00e3o \u00e9 digna de uma cidade como Dracena.<\/p>\n<p style=\"text-align: justify;\">Ser\u00e1 que em vez de se investir tanto em um s\u00f3 local, um valor consider\u00e1vel, n\u00e3o seria mais interessante &#8220;dividir o p\u00e3o&#8221; e atender um n\u00famero maior de locais, tipo fazer cal\u00e7amento, colocar bancos e melhorar o aspecto de outras Pra\u00e7as? No pr\u00f3prio setor Leste da cidade t\u00e1 cheio de pra\u00e7as que tem apenas e t\u00e3o somente \u00e1rvores plantadas e vez e quando \u00e9 dado uma ro\u00e7ada no mato. Porque n\u00e3o usar pouco dinheiro e fazer mais locais?<\/p>\n<p style=\"text-align: justify;\">Por conta de nosso trabalho vimos e ouvimos os mais diversos coment\u00e1rios, inclusive de moradores das imedia\u00e7\u00f5es da Pra\u00e7a Rotary, e n\u00e3o temos nenhuma situa\u00e7\u00e3o em que exista um mun\u00edcipe euf\u00f3rico com essa obra, a grande maioria absoluta \u00e9 contr\u00e1ria e acha um absurdo o que est\u00e1 sendo feito.<\/p>\n<p style=\"text-align: justify;\">Observamos os mais diversos setores, at\u00e9 a forma como foi aprovado com rapidez a obra e todos ficam perguntando, como se resolveu fazer isso e j\u00e1 est\u00e1 fazendo, enquanto Teatro Municipal, a pr\u00f3pria Pra\u00e7a da Matriz e tantas outras obras est\u00e3o emperradas na burocracia.<\/p>\n<p style=\"text-align: justify;\">A hist\u00f3ria nesses quase sessenta anos que aqui estamos se repete, ou seja, nos tr\u00eas primeiros anos tem que colocar a casa em ordem, no \u00faltimo ano obras no intuito de tentar mostrar que \u00e9 uma grande administra\u00e7\u00e3o, ou seja fazer em meses o que n\u00e3o fez em mais de tr\u00eas anos, e ai o de sempre, contas e mais contas para o sucessor pagar, e se reeleito, vamos que vamos.<\/p>\n<p style=\"text-align: justify;\">Fica ai ent\u00e3o o desabafo como cidad\u00e3o que somos e pagadores de impostos, n\u00e3o s\u00f3 na Pra\u00e7a Rotary, mas em todos os setores da cidade, ser\u00e1 que est\u00e1 sendo feito o melhor? Ser\u00e1 que a maioria est\u00e1 contente? \u00c9 isso mesmo que o povo quer dos administradores?<\/p>\n<p><img loading=\"lazy\" decoding=\"async\" class=\"alignnone size-full wp-image-28155\" src=\"https:\/\/jorgezanoni.com.br\/2019\/wp-content\/uploads\/2020\/06\/pra\u00e7a1-3.jpg\" alt=\"\" width=\"1024\" height=\"768\" srcset=\"https:\/\/jorgezanoni.com.br\/2019\/wp-content\/uploads\/2020\/06\/pra\u00e7a1-3.jpg 1024w, https:\/\/jorgezanoni.com.br\/2019\/wp-content\/uploads\/2020\/06\/pra\u00e7a1-3-300x225.jpg 300w, https:\/\/jorgezanoni.com.br\/2019\/wp-content\/uploads\/2020\/06\/pra\u00e7a1-3-768x576.jpg 768w, https:\/\/jorgezanoni.com.br\/2019\/wp-content\/uploads\/2020\/06\/pra\u00e7a1-3-80x60.jpg 80w, https:\/\/jorgezanoni.com.br\/2019\/wp-content\/uploads\/2020\/06\/pra\u00e7a1-3-265x198.jpg 265w, https:\/\/jorgezanoni.com.br\/2019\/wp-content\/uploads\/2020\/06\/pra\u00e7a1-3-696x522.jpg 696w, https:\/\/jorgezanoni.com.br\/2019\/wp-content\/uploads\/2020\/06\/pra\u00e7a1-3-560x420.jpg 560w\" sizes=\"auto, (max-width: 1024px) 100vw, 1024px\" \/> <img loading=\"lazy\" decoding=\"async\" class=\"alignnone size-full wp-image-28156\" src=\"https:\/\/jorgezanoni.com.br\/2019\/wp-content\/uploads\/2020\/06\/pra\u00e7a2-3.jpg\" alt=\"\" width=\"1024\" height=\"768\" srcset=\"https:\/\/jorgezanoni.com.br\/2019\/wp-content\/uploads\/2020\/06\/pra\u00e7a2-3.jpg 1024w, https:\/\/jorgezanoni.com.br\/2019\/wp-content\/uploads\/2020\/06\/pra\u00e7a2-3-300x225.jpg 300w, https:\/\/jorgezanoni.com.br\/2019\/wp-content\/uploads\/2020\/06\/pra\u00e7a2-3-768x576.jpg 768w, https:\/\/jorgezanoni.com.br\/2019\/wp-content\/uploads\/2020\/06\/pra\u00e7a2-3-80x60.jpg 80w, https:\/\/jorgezanoni.com.br\/2019\/wp-content\/uploads\/2020\/06\/pra\u00e7a2-3-265x198.jpg 265w, https:\/\/jorgezanoni.com.br\/2019\/wp-content\/uploads\/2020\/06\/pra\u00e7a2-3-696x522.jpg 696w, https:\/\/jorgezanoni.com.br\/2019\/wp-content\/uploads\/2020\/06\/pra\u00e7a2-3-560x420.jpg 560w\" sizes=\"auto, (max-width: 1024px) 100vw, 1024px\" \/> <img loading=\"lazy\" decoding=\"async\" class=\"alignnone size-full wp-image-28157\" src=\"https:\/\/jorgezanoni.com.br\/2019\/wp-content\/uploads\/2020\/06\/pra\u00e7a3-3.jpg\" alt=\"\" width=\"1024\" height=\"768\" srcset=\"https:\/\/jorgezanoni.com.br\/2019\/wp-content\/uploads\/2020\/06\/pra\u00e7a3-3.jpg 1024w, https:\/\/jorgezanoni.com.br\/2019\/wp-content\/uploads\/2020\/06\/pra\u00e7a3-3-300x225.jpg 300w, https:\/\/jorgezanoni.com.br\/2019\/wp-content\/uploads\/2020\/06\/pra\u00e7a3-3-768x576.jpg 768w, https:\/\/jorgezanoni.com.br\/2019\/wp-content\/uploads\/2020\/06\/pra\u00e7a3-3-80x60.jpg 80w, https:\/\/jorgezanoni.com.br\/2019\/wp-content\/uploads\/2020\/06\/pra\u00e7a3-3-265x198.jpg 265w, https:\/\/jorgezanoni.com.br\/2019\/wp-content\/uploads\/2020\/06\/pra\u00e7a3-3-696x522.jpg 696w, https:\/\/jorgezanoni.com.br\/2019\/wp-content\/uploads\/2020\/06\/pra\u00e7a3-3-560x420.jpg 560w\" sizes=\"auto, (max-width: 1024px) 100vw, 1024px\" \/> <img loading=\"lazy\" decoding=\"async\" class=\"alignnone size-full wp-image-28158\" src=\"https:\/\/jorgezanoni.com.br\/2019\/wp-content\/uploads\/2020\/06\/pra\u00e7a4-3.jpg\" alt=\"\" width=\"1024\" height=\"768\" srcset=\"https:\/\/jorgezanoni.com.br\/2019\/wp-content\/uploads\/2020\/06\/pra\u00e7a4-3.jpg 1024w, https:\/\/jorgezanoni.com.br\/2019\/wp-content\/uploads\/2020\/06\/pra\u00e7a4-3-300x225.jpg 300w, https:\/\/jorgezanoni.com.br\/2019\/wp-content\/uploads\/2020\/06\/pra\u00e7a4-3-768x576.jpg 768w, https:\/\/jorgezanoni.com.br\/2019\/wp-content\/uploads\/2020\/06\/pra\u00e7a4-3-80x60.jpg 80w, https:\/\/jorgezanoni.com.br\/2019\/wp-content\/uploads\/2020\/06\/pra\u00e7a4-3-265x198.jpg 265w, https:\/\/jorgezanoni.com.br\/2019\/wp-content\/uploads\/2020\/06\/pra\u00e7a4-3-696x522.jpg 696w, https:\/\/jorgezanoni.com.br\/2019\/wp-content\/uploads\/2020\/06\/pra\u00e7a4-3-560x420.jpg 560w\" sizes=\"auto, (max-width: 1024px) 100vw, 1024px\" \/> <img loading=\"lazy\" decoding=\"async\" class=\"alignnone size-full wp-image-28159\" src=\"https:\/\/jorgezanoni.com.br\/2019\/wp-content\/uploads\/2020\/06\/pra\u00e7a5-3.jpg\" alt=\"\" width=\"1024\" height=\"768\" srcset=\"https:\/\/jorgezanoni.com.br\/2019\/wp-content\/uploads\/2020\/06\/pra\u00e7a5-3.jpg 1024w, https:\/\/jorgezanoni.com.br\/2019\/wp-content\/uploads\/2020\/06\/pra\u00e7a5-3-300x225.jpg 300w, https:\/\/jorgezanoni.com.br\/2019\/wp-content\/uploads\/2020\/06\/pra\u00e7a5-3-768x576.jpg 768w, https:\/\/jorgezanoni.com.br\/2019\/wp-content\/uploads\/2020\/06\/pra\u00e7a5-3-80x60.jpg 80w, https:\/\/jorgezanoni.com.br\/2019\/wp-content\/uploads\/2020\/06\/pra\u00e7a5-3-265x198.jpg 265w, https:\/\/jorgezanoni.com.br\/2019\/wp-content\/uploads\/2020\/06\/pra\u00e7a5-3-696x522.jpg 696w, https:\/\/jorgezanoni.com.br\/2019\/wp-content\/uploads\/2020\/06\/pra\u00e7a5-3-560x420.jpg 560w\" sizes=\"auto, (max-width: 1024px) 100vw, 1024px\" \/> <img loading=\"lazy\" decoding=\"async\" class=\"alignnone size-full wp-image-28160\" src=\"https:\/\/jorgezanoni.com.br\/2019\/wp-content\/uploads\/2020\/06\/pra\u00e7a6-3.jpg\" alt=\"\" width=\"1024\" height=\"768\" srcset=\"https:\/\/jorgezanoni.com.br\/2019\/wp-content\/uploads\/2020\/06\/pra\u00e7a6-3.jpg 1024w, https:\/\/jorgezanoni.com.br\/2019\/wp-content\/uploads\/2020\/06\/pra\u00e7a6-3-300x225.jpg 300w, https:\/\/jorgezanoni.com.br\/2019\/wp-content\/uploads\/2020\/06\/pra\u00e7a6-3-768x576.jpg 768w, https:\/\/jorgezanoni.com.br\/2019\/wp-content\/uploads\/2020\/06\/pra\u00e7a6-3-80x60.jpg 80w, https:\/\/jorgezanoni.com.br\/2019\/wp-content\/uploads\/2020\/06\/pra\u00e7a6-3-265x198.jpg 265w, https:\/\/jorgezanoni.com.br\/2019\/wp-content\/uploads\/2020\/06\/pra\u00e7a6-3-696x522.jpg 696w, https:\/\/jorgezanoni.com.br\/2019\/wp-content\/uploads\/2020\/06\/pra\u00e7a6-3-560x420.jpg 560w\" sizes=\"auto, (max-width: 1024px) 100vw, 1024px\" \/> <img loading=\"lazy\" decoding=\"async\" class=\"alignnone size-full wp-image-28161\" src=\"https:\/\/jorgezanoni.com.br\/2019\/wp-content\/uploads\/2020\/06\/pra\u00e7a7-3.jpg\" alt=\"\" width=\"1024\" height=\"768\" srcset=\"https:\/\/jorgezanoni.com.br\/2019\/wp-content\/uploads\/2020\/06\/pra\u00e7a7-3.jpg 1024w, https:\/\/jorgezanoni.com.br\/2019\/wp-content\/uploads\/2020\/06\/pra\u00e7a7-3-300x225.jpg 300w, https:\/\/jorgezanoni.com.br\/2019\/wp-content\/uploads\/2020\/06\/pra\u00e7a7-3-768x576.jpg 768w, https:\/\/jorgezanoni.com.br\/2019\/wp-content\/uploads\/2020\/06\/pra\u00e7a7-3-80x60.jpg 80w, https:\/\/jorgezanoni.com.br\/2019\/wp-content\/uploads\/2020\/06\/pra\u00e7a7-3-265x198.jpg 265w, https:\/\/jorgezanoni.com.br\/2019\/wp-content\/uploads\/2020\/06\/pra\u00e7a7-3-696x522.jpg 696w, https:\/\/jorgezanoni.com.br\/2019\/wp-content\/uploads\/2020\/06\/pra\u00e7a7-3-560x420.jpg 560w\" sizes=\"auto, (max-width: 1024px) 100vw, 1024px\" \/><\/p>\n<p>&nbsp;<\/p>\n<p>&nbsp;<\/p>\n<p style=\"text-align: justify;\">Jorge Luiz Zanoni &#8211; morador de Dracena a 60 anos<\/p>\n<p style=\"text-align: justify;\">\n<p style=\"text-align: justify;\">\n","protected":false},"excerpt":{"rendered":"<p>Quero aqui deixar bem claro, que \u00e9 a opini\u00e3o pessoal de um cidad\u00e3o dracenense que est\u00e1 pr\u00f3ximo de completar 60 anos que mora na cidade e conhece toda sua hist\u00f3ria. N\u00e3o quero me dirigir a Prefeito Municipal, a Vereadores, a Minist\u00e9rio P\u00fablico, a respons\u00e1veis pelo Meio Ambiente, a Secret\u00e1rios, enfim a ningu\u00e9m especificamente, n\u00e3o vou [&hellip;]<\/p>\n","protected":false},"author":1,"featured_media":28162,"comment_status":"closed","ping_status":"open","sticky":false,"template":"","format":"standard","meta":{"footnotes":""},"categories":[175,110],"tags":[],"class_list":["post-28133","post","type-post","status-publish","format-standard","has-post-thumbnail","hentry","category-artigos","category-noticiasdestaque"],"_links":{"self":[{"href":"https:\/\/jorgezanoni.com.br\/2019\/wp-json\/wp\/v2\/posts\/28133","targetHints":{"allow":["GET"]}}],"collection":[{"href":"https:\/\/jorgezanoni.com.br\/2019\/wp-json\/wp\/v2\/posts"}],"about":[{"href":"https:\/\/jorgezanoni.com.br\/2019\/wp-json\/wp\/v2\/types\/post"}],"author":[{"embeddable":true,"href":"https:\/\/jorgezanoni.com.br\/2019\/wp-json\/wp\/v2\/users\/1"}],"replies":[{"embeddable":true,"href":"https:\/\/jorgezanoni.com.br\/2019\/wp-json\/wp\/v2\/comments?post=28133"}],"version-history":[{"count":0,"href":"https:\/\/jorgezanoni.com.br\/2019\/wp-json\/wp\/v2\/posts\/28133\/revisions"}],"wp:featuredmedia":[{"embeddable":true,"href":"https:\/\/jorgezanoni.com.br\/2019\/wp-json\/wp\/v2\/media\/28162"}],"wp:attachment":[{"href":"https:\/\/jorgezanoni.com.br\/2019\/wp-json\/wp\/v2\/media?parent=28133"}],"wp:term":[{"taxonomy":"category","embeddable":true,"href":"https:\/\/jorgezanoni.com.br\/2019\/wp-json\/wp\/v2\/categories?post=28133"},{"taxonomy":"post_tag","embeddable":true,"href":"https:\/\/jorgezanoni.com.br\/2019\/wp-json\/wp\/v2\/tags?post=28133"}],"curies":[{"name":"wp","href":"https:\/\/api.w.org\/{rel}","templated":true}]}}