{"id":28098,"date":"2020-06-11T02:35:10","date_gmt":"2020-06-11T02:35:10","guid":{"rendered":"https:\/\/jorgezanoni.com.br\/2019\/?p=28098"},"modified":"2020-06-11T02:35:10","modified_gmt":"2020-06-11T02:35:10","slug":"eu-avisei-elle-nao-o-coiso","status":"publish","type":"post","link":"https:\/\/jorgezanoni.com.br\/2019\/eu-avisei-elle-nao-o-coiso\/","title":{"rendered":"Eu avisei&#8230;Elle n\u00e3o&#8230;o coiso&#8230;"},"content":{"rendered":"<p style=\"text-align: justify;\"><strong>EU AVISEI&#8230; ELLE N\u00c3O&#8230; O COISO&#8230;<\/strong><\/p>\n<p style=\"text-align: justify;\"><em>\u201cTenta\u00e7\u00f5es. S\u00e3o coisas erradas que parecem certas na ocasi\u00e3o, mas embora as coisas certas pare\u00e7am erradas \u00e0s vezes, \u00e0s vezes uma coisa errada pode estar certa no momento errado ou vice-versa.\u201d (Pin\u00f3quio)<\/em><\/p>\n<p style=\"text-align: justify;\"><strong><em>S\u00e9rgio Barbosa (*)<\/em><\/strong><\/p>\n<p style=\"text-align: justify;\">N\u00e3o tem com deixar de escrever sobre os muitos desencontros da POL\u00cdTICA neste cen\u00e1rio mais do que interessante e CRUEL para a sociedade, tendo em vista o CAPIT\u00c3O DE ARAQUE que comanda este PA\u00cdS DO FAZ DE CONTA&#8230;<\/p>\n<p style=\"text-align: justify;\">Mesmo que seja pra DAR MURRO EM PONTA DE FACA com tais textos e outros, faz-se necess\u00e1rio para uma HIGIENIZA\u00c7\u00c3O MENTAL pra n\u00e3o esquecer-se do EU AVISEI, ainda, ELLE N\u00c3O&#8230;<\/p>\n<p style=\"text-align: justify;\">Por\u00e9m, nem sempre os CONSELHOS s\u00e3o atendidos pelos\/as outros\/as e assim por diante, afinal de contas, O QUE SERIA DO VERMELHO SE TODOS GOSTASSEM DO BRANCO&#8230;<\/p>\n<p style=\"text-align: justify;\">Portanto, todos\/as fazem as suas escolhas para um lado ou para o outro, entretanto, tais op\u00e7\u00f5es nem sempre s\u00e3o assumidas por um dos lados, ainda mais na \u00e1rea da POL\u00cdTICA&#8230;<\/p>\n<p style=\"text-align: justify;\">O TEMPO em pauta continua correndo contra este mesmo TEMPO, assim, a ESCOLHA de uma MAIORIA DESINFORMADA nas \u00faltimas ELEI\u00c7\u00d5ES deste PA\u00cdS DO FAZ DE CONTA, colocaram no Executivo um PERSONAGEM que est\u00e1 na IDADE DAS PEDRAS&#8230;<\/p>\n<p style=\"text-align: justify;\">Infelizmente este PA\u00cdS n\u00e3o aprende com as LI\u00c7\u00d5ES DO PASSADO e assim, vamos trombando e caindo pelas tabelas dos desmandos deste BOZZONARO com seus COISOS com COISAS&#8230;<\/p>\n<p style=\"text-align: justify;\">Isso sem esquecer que o tal MINIST\u00c9RIOS DOS IN\u00daTEIS \u00e9 uma ABERRA\u00c7\u00c3O em n\u00edvel internacional com suas DECLARA\u00c7\u00d5ES sem \u201cp\u00e9\u201d e muito menos \u201ccabe\u00e7a\u201d pra pensar sobre qualquer coisa que se possa imaginar&#8230;<\/p>\n<p style=\"text-align: justify;\">Pra ser REAL neste cen\u00e1rio de AP\u00d3CRIFOS que est\u00e3o al\u00e9m das MIL NOITES com BOZZOBAB\u00c1 e sua TURMA DE PILANTRAS, ainda, em todos os setores deste GOVERNO BOZZONARO&#8230;<\/p>\n<p style=\"text-align: justify;\">E tem mais, ou seja, SE VOC\u00ca PENSA QUE T\u00c1 RUIM, PODE PIORAR&#8230;<\/p>\n<p style=\"text-align: justify;\">Existem muitas TEORIAS DA CONSPIRA\u00c7\u00c3O circulando em todas as \u00e1reas, pra variar, tais Teorias buscam confundir os desavisados quanto aos interesses destas Organiza\u00e7\u00f5es, Grupos e QUADRILHAS INSTITUCIONALIZADAS, todas querem LUCRAR com tais desinforma\u00e7\u00f5es&#8230;<\/p>\n<p style=\"text-align: justify;\">N\u00e3o se pode deixar de lado os tais ROBOS que est\u00e3o trabalhando em TEMPO INTEGRAL nas REDES SOCIAIS para a turma do BOZZONARO com seus COISOS com COISAS&#8230;<\/p>\n<p style=\"text-align: justify;\">REFOR\u00c7ANDO, EU AVISEI&#8230; ELLE N\u00c3O&#8230; O COISO&#8230;<\/p>\n<p style=\"text-align: justify;\"><strong><em>________________________<\/em><\/strong><\/p>\n<p style=\"text-align: justify;\"><strong><em>(*) jornalista diplomado e professor universit\u00e1rio.<\/em><\/strong><\/p>\n","protected":false},"excerpt":{"rendered":"<p>EU AVISEI&#8230; ELLE N\u00c3O&#8230; O COISO&#8230; \u201cTenta\u00e7\u00f5es. S\u00e3o coisas erradas que parecem certas na ocasi\u00e3o, mas embora as coisas certas pare\u00e7am erradas \u00e0s vezes, \u00e0s vezes uma coisa errada pode estar certa no momento errado ou vice-versa.\u201d (Pin\u00f3quio) S\u00e9rgio Barbosa (*) N\u00e3o tem com deixar de escrever sobre os muitos desencontros da POL\u00cdTICA neste cen\u00e1rio [&hellip;]<\/p>\n","protected":false},"author":1,"featured_media":28099,"comment_status":"closed","ping_status":"open","sticky":false,"template":"","format":"standard","meta":{"footnotes":""},"categories":[175],"tags":[],"class_list":["post-28098","post","type-post","status-publish","format-standard","has-post-thumbnail","hentry","category-artigos"],"_links":{"self":[{"href":"https:\/\/jorgezanoni.com.br\/2019\/wp-json\/wp\/v2\/posts\/28098","targetHints":{"allow":["GET"]}}],"collection":[{"href":"https:\/\/jorgezanoni.com.br\/2019\/wp-json\/wp\/v2\/posts"}],"about":[{"href":"https:\/\/jorgezanoni.com.br\/2019\/wp-json\/wp\/v2\/types\/post"}],"author":[{"embeddable":true,"href":"https:\/\/jorgezanoni.com.br\/2019\/wp-json\/wp\/v2\/users\/1"}],"replies":[{"embeddable":true,"href":"https:\/\/jorgezanoni.com.br\/2019\/wp-json\/wp\/v2\/comments?post=28098"}],"version-history":[{"count":0,"href":"https:\/\/jorgezanoni.com.br\/2019\/wp-json\/wp\/v2\/posts\/28098\/revisions"}],"wp:featuredmedia":[{"embeddable":true,"href":"https:\/\/jorgezanoni.com.br\/2019\/wp-json\/wp\/v2\/media\/28099"}],"wp:attachment":[{"href":"https:\/\/jorgezanoni.com.br\/2019\/wp-json\/wp\/v2\/media?parent=28098"}],"wp:term":[{"taxonomy":"category","embeddable":true,"href":"https:\/\/jorgezanoni.com.br\/2019\/wp-json\/wp\/v2\/categories?post=28098"},{"taxonomy":"post_tag","embeddable":true,"href":"https:\/\/jorgezanoni.com.br\/2019\/wp-json\/wp\/v2\/tags?post=28098"}],"curies":[{"name":"wp","href":"https:\/\/api.w.org\/{rel}","templated":true}]}}