{"id":28094,"date":"2020-06-11T00:52:49","date_gmt":"2020-06-11T00:52:49","guid":{"rendered":"https:\/\/jorgezanoni.com.br\/2019\/?p=28094"},"modified":"2020-06-11T00:52:49","modified_gmt":"2020-06-11T00:52:49","slug":"casos-de-coronavirus-confirmados-na-regiao-de-presidente-prudente-em-10-de-junho","status":"publish","type":"post","link":"https:\/\/jorgezanoni.com.br\/2019\/casos-de-coronavirus-confirmados-na-regiao-de-presidente-prudente-em-10-de-junho\/","title":{"rendered":"Casos de coronav\u00edrus confirmados na regi\u00e3o de Presidente Prudente em 10 de junho"},"content":{"rendered":"<div class=\"mc-column content-text active-extra-styles active-capital-letter\" data-block-type=\"unstyled\" data-block-weight=\"22\" data-block-id=\"1\">\n<p class=\"content-text__container theme-color-primary-first-letter\" style=\"text-align: justify;\" data-track-category=\"Link no Texto\" data-track-links=\"\"><strong>Novos casos confirmados de Covid-19 foram divulgados nesta quarta-feira (10), por meio das Secretarias Municipais de Sa\u00fade, na regi\u00e3o de Presidente Prudente.<\/strong><\/p>\n<\/div>\n<div class=\"wall protected-content\">\n<div class=\"mc-column content-text active-extra-styles\" style=\"text-align: justify;\" data-block-type=\"raw\" data-block-weight=\"2\" data-block-id=\"2\">\n<div class=\"content-intertitle\">\n<h2>Santo Anast\u00e1cio<\/h2>\n<\/div>\n<\/div>\n<div class=\"mc-column content-text active-extra-styles \" style=\"text-align: justify;\" data-block-type=\"unstyled\" data-block-weight=\"38\" data-block-id=\"3\">\n<p class=\"content-text__container \" data-track-category=\"Link no Texto\" data-track-links=\"\">A Prefeitura de\u00a0<a href=\"https:\/\/g1.globo.com\/sp\/presidente-prudente-regiao\/cidade\/santo-anastacio\/\">Santo Anast\u00e1cio<\/a>\u00a0informou a segunda morte confirmada pelo novo coronav\u00edrus no munic\u00edpio. A v\u00edtima \u00e9 um policial penal, de 38 anos, que trabalhava em uma penitenci\u00e1ria em S\u00e3o Paulo (SP), mas morava em Santo Anast\u00e1cio.<\/p>\n<\/div>\n<div class=\"mc-column content-text active-extra-styles \" style=\"text-align: justify;\" data-block-type=\"unstyled\" data-block-weight=\"23\" data-block-id=\"4\">\n<p class=\"content-text__container \" data-track-category=\"Link no Texto\" data-track-links=\"\">O boletim oficial indica que a cidade possui dez casos confirmados de Covid-19, sete suspeitos, 22 descartados, uma pessoa hospitalizada e sete curadas.<\/p>\n<\/div>\n<div class=\"row medium-uncollapsed content-media content-photo\" style=\"text-align: justify;\" data-block-type=\"backstage-photo\" data-block-id=\"5\">\n<div class=\"mc-column content-media__container\">\n<figure><img decoding=\"async\" class=\"i-amphtml-fill-content i-amphtml-replaced-content\" src=\"https:\/\/s2.glbimg.com\/jJJhIeFjMaNPnz_x7n8XCFkOko4=\/0x0:1024x576\/984x0\/smart\/filters:strip_icc()\/i.s3.glbimg.com\/v1\/AUTH_59edd422c0c84a879bd37670ae4f538a\/internal_photos\/bs\/2020\/r\/Z\/CAbe4cRvW4meuXAdBIaw\/boletim-coronavirus-30-03-2020-45-1024x576.jpg\" sizes=\"(max-width: 1242px) 648px, 100vw\" srcset=\"https:\/\/s2.glbimg.com\/e5y2DNEOHZ63sbLDPj1LzDPy54U=\/0x0:1024x576\/1000x0\/smart\/filters:strip_icc()\/i.s3.glbimg.com\/v1\/AUTH_59edd422c0c84a879bd37670ae4f538a\/internal_photos\/bs\/2020\/r\/Z\/CAbe4cRvW4meuXAdBIaw\/boletim-coronavirus-30-03-2020-45-1024x576.jpg 1000w, https:\/\/s2.glbimg.com\/jJJhIeFjMaNPnz_x7n8XCFkOko4=\/0x0:1024x576\/984x0\/smart\/filters:strip_icc()\/i.s3.glbimg.com\/v1\/AUTH_59edd422c0c84a879bd37670ae4f538a\/internal_photos\/bs\/2020\/r\/Z\/CAbe4cRvW4meuXAdBIaw\/boletim-coronavirus-30-03-2020-45-1024x576.jpg 984w, https:\/\/s2.glbimg.com\/G7_oQ-imxgJmQ2pzbf8xZOcr2u0=\/0x0:1024x576\/640x0\/smart\/filters:strip_icc()\/i.s3.glbimg.com\/v1\/AUTH_59edd422c0c84a879bd37670ae4f538a\/internal_photos\/bs\/2020\/r\/Z\/CAbe4cRvW4meuXAdBIaw\/boletim-coronavirus-30-03-2020-45-1024x576.jpg 640w, https:\/\/s2.glbimg.com\/85VaEu7iubjoF68w-QV2dWn_b3Q=\/0x0:1024x576\/600x0\/smart\/filters:strip_icc()\/i.s3.glbimg.com\/v1\/AUTH_59edd422c0c84a879bd37670ae4f538a\/internal_photos\/bs\/2020\/r\/Z\/CAbe4cRvW4meuXAdBIaw\/boletim-coronavirus-30-03-2020-45-1024x576.jpg 600w\" alt=\"Boletim de casos de coronav\u00edrus em Santo Anast\u00e1cio, em 10 de junho \u2014 Foto: Reprodu\u00e7\u00e3o\" \/><\/figure>\n<p class=\"content-media__description \">Boletim de casos de coronav\u00edrus em Santo Anast\u00e1cio, em 10 de junho \u2014 Foto: Reprodu\u00e7\u00e3o<\/p>\n<\/div>\n<\/div>\n<div class=\"mc-column content-text active-extra-styles\" style=\"text-align: justify;\" data-block-type=\"raw\" data-block-weight=\"2\" data-block-id=\"6\">\n<div class=\"content-intertitle\">\n<h2>Presidente Epit\u00e1cio<\/h2>\n<\/div>\n<\/div>\n<div class=\"mc-column content-text active-extra-styles \" style=\"text-align: justify;\" data-block-type=\"unstyled\" data-block-weight=\"34\" data-block-id=\"7\">\n<p class=\"content-text__container \" data-track-category=\"Link no Texto\" data-track-links=\"\">A Prefeitura de\u00a0<a href=\"https:\/\/g1.globo.com\/sp\/presidente-prudente-regiao\/cidade\/presidente-epitacio\/\">Presidente Epit\u00e1cio<\/a>\u00a0confirmou mais um caso positivo do novo coronav\u00edrus. Com esse registro, a cidade contabiliza 13 confirma\u00e7\u00f5es de Covid-19. O boletim oficial indica ainda 15 casos suspeitos e 40 descartados.<\/p>\n<\/div>\n<div class=\"row medium-uncollapsed content-media content-photo\" style=\"text-align: justify;\" data-block-type=\"backstage-photo\" data-block-id=\"8\">\n<div class=\"mc-column content-media__container\">\n<figure><img decoding=\"async\" class=\"i-amphtml-fill-content i-amphtml-replaced-content\" src=\"https:\/\/s2.glbimg.com\/1fkLbCssO8OmqdXYTLi7jxfAXxQ=\/0x0:1080x1080\/984x0\/smart\/filters:strip_icc()\/i.s3.glbimg.com\/v1\/AUTH_59edd422c0c84a879bd37670ae4f538a\/internal_photos\/bs\/2020\/T\/B\/KjwoFLSdOeTWlg5OxpeA\/103583963-1366055620261152-6229300110306685323-o.png\" sizes=\"(max-width: 1242px) 648px, 100vw\" srcset=\"https:\/\/s2.glbimg.com\/XluDXw3T7ACtGwXzjLEdPYFSRYw=\/0x0:1080x1080\/1000x0\/smart\/filters:strip_icc()\/i.s3.glbimg.com\/v1\/AUTH_59edd422c0c84a879bd37670ae4f538a\/internal_photos\/bs\/2020\/T\/B\/KjwoFLSdOeTWlg5OxpeA\/103583963-1366055620261152-6229300110306685323-o.png 1000w, https:\/\/s2.glbimg.com\/1fkLbCssO8OmqdXYTLi7jxfAXxQ=\/0x0:1080x1080\/984x0\/smart\/filters:strip_icc()\/i.s3.glbimg.com\/v1\/AUTH_59edd422c0c84a879bd37670ae4f538a\/internal_photos\/bs\/2020\/T\/B\/KjwoFLSdOeTWlg5OxpeA\/103583963-1366055620261152-6229300110306685323-o.png 984w, https:\/\/s2.glbimg.com\/EsPwbYyztxXLQAc3Obbqep770ZY=\/0x0:1080x1080\/640x0\/smart\/filters:strip_icc()\/i.s3.glbimg.com\/v1\/AUTH_59edd422c0c84a879bd37670ae4f538a\/internal_photos\/bs\/2020\/T\/B\/KjwoFLSdOeTWlg5OxpeA\/103583963-1366055620261152-6229300110306685323-o.png 640w, https:\/\/s2.glbimg.com\/Azc1_fNOTzCL_44umP9gu8AUmLY=\/0x0:1080x1080\/600x0\/smart\/filters:strip_icc()\/i.s3.glbimg.com\/v1\/AUTH_59edd422c0c84a879bd37670ae4f538a\/internal_photos\/bs\/2020\/T\/B\/KjwoFLSdOeTWlg5OxpeA\/103583963-1366055620261152-6229300110306685323-o.png 600w\" alt=\"Boletim de casos de coronav\u00edrus em Presidente Epit\u00e1cio, em 10 de junho \u2014 Foto: Reprodu\u00e7\u00e3o\" \/><\/figure>\n<p class=\"content-media__description \">Boletim de casos de coronav\u00edrus em Presidente Epit\u00e1cio, em 10 de junho \u2014 Foto: Reprodu\u00e7\u00e3o<\/p>\n<\/div>\n<\/div>\n<div class=\"mc-column content-text active-extra-styles\" style=\"text-align: justify;\" data-block-type=\"raw\" data-block-weight=\"1\" data-block-id=\"10\">\n<div class=\"content-intertitle\">\n<h2>Rancharia<\/h2>\n<\/div>\n<\/div>\n<div class=\"mc-column content-text active-extra-styles \" style=\"text-align: justify;\" data-block-type=\"unstyled\" data-block-weight=\"38\" data-block-id=\"11\">\n<p class=\"content-text__container \" data-track-category=\"Link no Texto\" data-track-links=\"\"><a href=\"https:\/\/g1.globo.com\/sp\/presidente-prudente-regiao\/cidade\/rancharia\/\">Rancharia\u00a0<\/a>possui 16 casos confirmados de Covid-19. Desse total, 11 est\u00e3o em casa, quatro j\u00e1 foram curados e um morreu. O munic\u00edpio ainda tem um caso suspeito, que trata-se de um paciente que est\u00e1 hospitalizado, e 20 descartados.<\/p>\n<\/div>\n<div class=\"row medium-uncollapsed content-media content-photo\" style=\"text-align: justify;\" data-block-type=\"backstage-photo\" data-block-id=\"12\">\n<div class=\"mc-column content-media__container\">\n<figure><img decoding=\"async\" class=\"i-amphtml-fill-content i-amphtml-replaced-content\" src=\"https:\/\/s2.glbimg.com\/2udPTeNyzzBNZh3tLJZBaMYI0ME=\/0x0:1195x704\/984x0\/smart\/filters:strip_icc()\/i.s3.glbimg.com\/v1\/AUTH_59edd422c0c84a879bd37670ae4f538a\/internal_photos\/bs\/2020\/u\/e\/tALbDxSsuWz3dXfNAbjA\/sem-ooo.jpg\" sizes=\"(max-width: 1242px) 648px, 100vw\" srcset=\"https:\/\/s2.glbimg.com\/8SkIYiVOHyU0IraK-EOk7emhBp8=\/0x0:1195x704\/1000x0\/smart\/filters:strip_icc()\/i.s3.glbimg.com\/v1\/AUTH_59edd422c0c84a879bd37670ae4f538a\/internal_photos\/bs\/2020\/u\/e\/tALbDxSsuWz3dXfNAbjA\/sem-ooo.jpg 1000w, https:\/\/s2.glbimg.com\/2udPTeNyzzBNZh3tLJZBaMYI0ME=\/0x0:1195x704\/984x0\/smart\/filters:strip_icc()\/i.s3.glbimg.com\/v1\/AUTH_59edd422c0c84a879bd37670ae4f538a\/internal_photos\/bs\/2020\/u\/e\/tALbDxSsuWz3dXfNAbjA\/sem-ooo.jpg 984w, https:\/\/s2.glbimg.com\/dZexEO-hZVhUgOKL0ooiE_lOo7Q=\/0x0:1195x704\/640x0\/smart\/filters:strip_icc()\/i.s3.glbimg.com\/v1\/AUTH_59edd422c0c84a879bd37670ae4f538a\/internal_photos\/bs\/2020\/u\/e\/tALbDxSsuWz3dXfNAbjA\/sem-ooo.jpg 640w, https:\/\/s2.glbimg.com\/EX8sXVpVMeQoJL-_a5ZDBm0KD3w=\/0x0:1195x704\/600x0\/smart\/filters:strip_icc()\/i.s3.glbimg.com\/v1\/AUTH_59edd422c0c84a879bd37670ae4f538a\/internal_photos\/bs\/2020\/u\/e\/tALbDxSsuWz3dXfNAbjA\/sem-ooo.jpg 600w\" alt=\"Boletim de casos de coronav\u00edrus em Rancharia, em 10 de junho \u2014 Foto: Reprodu\u00e7\u00e3o\" \/><\/figure>\n<p class=\"content-media__description \">Boletim de casos de coronav\u00edrus em Rancharia, em 10 de junho \u2014 Foto: Reprodu\u00e7\u00e3o<\/p>\n<\/div>\n<\/div>\n<div class=\"mc-column content-text active-extra-styles\" style=\"text-align: justify;\" data-block-type=\"raw\" data-block-weight=\"1\" data-block-id=\"13\">\n<div class=\"content-intertitle\">\n<h2>Rosana<\/h2>\n<\/div>\n<\/div>\n<div class=\"mc-column content-text active-extra-styles \" style=\"text-align: justify;\" data-block-type=\"unstyled\" data-block-weight=\"25\" data-block-id=\"14\">\n<p class=\"content-text__container \" data-track-category=\"Link no Texto\" data-track-links=\"\">A Prefeitura de\u00a0<a href=\"https:\/\/g1.globo.com\/sp\/presidente-prudente-regiao\/cidade\/rosana\/\">Rosana\u00a0<\/a>informou 16 casos positivos do novo coronav\u00edrus na cidade. Segundo o Poder Executivo, ainda existem cinco casos suspeitos e 15 descartados.<\/p>\n<\/div>\n<div class=\"mc-column content-text active-extra-styles\" style=\"text-align: justify;\" data-block-type=\"raw\" data-block-weight=\"2\" data-block-id=\"15\">\n<div class=\"content-intertitle\">\n<h2>Presidente Bernardes<\/h2>\n<\/div>\n<\/div>\n<div class=\"mc-column content-text active-extra-styles \" style=\"text-align: justify;\" data-block-type=\"unstyled\" data-block-weight=\"33\" data-block-id=\"16\">\n<p class=\"content-text__container \" data-track-category=\"Link no Texto\" data-track-links=\"\"><a href=\"https:\/\/g1.globo.com\/sp\/presidente-prudente-regiao\/cidade\/presidente-bernardes-sp\/\">Presidente Bernardes<\/a>\u00a0confirmou mais um caso positivo de Covid-19. Agora, a cidade contabiliza 11 confirma\u00e7\u00f5es da doen\u00e7a. Desse total, oito j\u00e1 foram curados. O boletim ainda aponta 12 casos suspeitos e 37 descartados.<\/p>\n<\/div>\n<div class=\"row medium-uncollapsed content-media content-photo\" style=\"text-align: justify;\" data-block-type=\"backstage-photo\" data-block-id=\"17\">\n<div class=\"mc-column content-media__container\">\n<figure><img decoding=\"async\" class=\"i-amphtml-fill-content i-amphtml-replaced-content\" src=\"https:\/\/s2.glbimg.com\/OGQzyxNfsLOuoI2Qa6q5723mvI8=\/0x0:1015x578\/984x0\/smart\/filters:strip_icc()\/i.s3.glbimg.com\/v1\/AUTH_59edd422c0c84a879bd37670ae4f538a\/internal_photos\/bs\/2020\/y\/o\/00OBBtQnqvvAPKD8vUbg\/102288786-851532318671504-1135562431276209992-o.jpg\" sizes=\"(max-width: 1242px) 648px, 100vw\" srcset=\"https:\/\/s2.glbimg.com\/OA_ACt_8lXSz-YnO9TjBXDyr7xg=\/0x0:1015x578\/1000x0\/smart\/filters:strip_icc()\/i.s3.glbimg.com\/v1\/AUTH_59edd422c0c84a879bd37670ae4f538a\/internal_photos\/bs\/2020\/y\/o\/00OBBtQnqvvAPKD8vUbg\/102288786-851532318671504-1135562431276209992-o.jpg 1000w, https:\/\/s2.glbimg.com\/OGQzyxNfsLOuoI2Qa6q5723mvI8=\/0x0:1015x578\/984x0\/smart\/filters:strip_icc()\/i.s3.glbimg.com\/v1\/AUTH_59edd422c0c84a879bd37670ae4f538a\/internal_photos\/bs\/2020\/y\/o\/00OBBtQnqvvAPKD8vUbg\/102288786-851532318671504-1135562431276209992-o.jpg 984w, https:\/\/s2.glbimg.com\/Ysnh3TitT4hqyFHKHhwfPVIa7do=\/0x0:1015x578\/640x0\/smart\/filters:strip_icc()\/i.s3.glbimg.com\/v1\/AUTH_59edd422c0c84a879bd37670ae4f538a\/internal_photos\/bs\/2020\/y\/o\/00OBBtQnqvvAPKD8vUbg\/102288786-851532318671504-1135562431276209992-o.jpg 640w, https:\/\/s2.glbimg.com\/17oDXJUCp4VoP6EdmmHFurA60oU=\/0x0:1015x578\/600x0\/smart\/filters:strip_icc()\/i.s3.glbimg.com\/v1\/AUTH_59edd422c0c84a879bd37670ae4f538a\/internal_photos\/bs\/2020\/y\/o\/00OBBtQnqvvAPKD8vUbg\/102288786-851532318671504-1135562431276209992-o.jpg 600w\" alt=\"Boletim de casos de coronav\u00edrus em Presidente Bernardes, em 10 de junho \u2014 Foto: Reprodu\u00e7\u00e3o\" \/><\/figure>\n<p class=\"content-media__description \">Boletim de casos de coronav\u00edrus em Presidente Bernardes, em 10 de junho \u2014 Foto: Reprodu\u00e7\u00e3o<\/p>\n<\/div>\n<\/div>\n<div class=\"mc-column content-text active-extra-styles\" style=\"text-align: justify;\" data-block-type=\"raw\" data-block-weight=\"2\" data-block-id=\"19\">\n<div class=\"content-intertitle\">\n<h2>Presidente Venceslau<\/h2>\n<\/div>\n<\/div>\n<div class=\"mc-column content-text active-extra-styles \" style=\"text-align: justify;\" data-block-type=\"unstyled\" data-block-weight=\"46\" data-block-id=\"20\">\n<p class=\"content-text__container \" data-track-category=\"Link no Texto\" data-track-links=\"\">A Prefeitura de\u00a0<a href=\"https:\/\/g1.globo.com\/sp\/presidente-prudente-regiao\/cidade\/presidente-venceslau\/\">Presidente Venceslau<\/a>\u00a0registrou mais dois casos positivos do novo coronav\u00edrus. A cidade totaliza 46 confirma\u00e7\u00f5es da doen\u00e7a. Entre esses casos est\u00e3o inclu\u00eddas oito mortes por Covid-19. Ainda existem cinco casos suspeitos e 43 descartados. Tr\u00eas pacientes est\u00e3o internados e 28 j\u00e1 foram curados.<\/p>\n<\/div>\n<div class=\"row medium-uncollapsed content-media content-photo\" style=\"text-align: justify;\" data-block-type=\"backstage-photo\" data-block-id=\"21\">\n<div class=\"mc-column content-media__container\">\n<figure><img decoding=\"async\" class=\"i-amphtml-fill-content i-amphtml-replaced-content\" src=\"https:\/\/s2.glbimg.com\/CwOMneN6HCuQgoSC0L1MYp5VrZg=\/0x0:1639x1161\/984x0\/smart\/filters:strip_icc()\/i.s3.glbimg.com\/v1\/AUTH_59edd422c0c84a879bd37670ae4f538a\/internal_photos\/bs\/2020\/n\/o\/H0BvFCRcySKVpYEshdhA\/102664122-616380399086848-1184246238789268258-o.jpg\" sizes=\"(max-width: 1242px) 648px, 100vw\" srcset=\"https:\/\/s2.glbimg.com\/jnyfuU2u625nNPKfjfcn3bEk9hs=\/0x0:1639x1161\/1000x0\/smart\/filters:strip_icc()\/i.s3.glbimg.com\/v1\/AUTH_59edd422c0c84a879bd37670ae4f538a\/internal_photos\/bs\/2020\/n\/o\/H0BvFCRcySKVpYEshdhA\/102664122-616380399086848-1184246238789268258-o.jpg 1000w, https:\/\/s2.glbimg.com\/CwOMneN6HCuQgoSC0L1MYp5VrZg=\/0x0:1639x1161\/984x0\/smart\/filters:strip_icc()\/i.s3.glbimg.com\/v1\/AUTH_59edd422c0c84a879bd37670ae4f538a\/internal_photos\/bs\/2020\/n\/o\/H0BvFCRcySKVpYEshdhA\/102664122-616380399086848-1184246238789268258-o.jpg 984w, https:\/\/s2.glbimg.com\/kzWzHHzCMJ_i1_05cvtRQlDy5jg=\/0x0:1639x1161\/640x0\/smart\/filters:strip_icc()\/i.s3.glbimg.com\/v1\/AUTH_59edd422c0c84a879bd37670ae4f538a\/internal_photos\/bs\/2020\/n\/o\/H0BvFCRcySKVpYEshdhA\/102664122-616380399086848-1184246238789268258-o.jpg 640w, https:\/\/s2.glbimg.com\/fFRCfRCD8zAtT5dvUvw5RdfCmXM=\/0x0:1639x1161\/600x0\/smart\/filters:strip_icc()\/i.s3.glbimg.com\/v1\/AUTH_59edd422c0c84a879bd37670ae4f538a\/internal_photos\/bs\/2020\/n\/o\/H0BvFCRcySKVpYEshdhA\/102664122-616380399086848-1184246238789268258-o.jpg 600w\" alt=\"Boletim de casos de coronav\u00edrus em Presidente Venceslau, em 10 de junho \u2014 Foto: Reprodu\u00e7\u00e3o\" \/><\/figure>\n<p class=\"content-media__description \">Boletim de casos de coronav\u00edrus em Presidente Venceslau, em 10 de junho \u2014 Foto: Reprodu\u00e7\u00e3o<\/p>\n<\/div>\n<\/div>\n<div class=\"mc-column content-text active-extra-styles\" style=\"text-align: justify;\" data-block-type=\"raw\" data-block-weight=\"1\" data-block-id=\"22\">\n<div class=\"content-intertitle\">\n<h2>Dracena<\/h2>\n<\/div>\n<\/div>\n<div class=\"mc-column content-text active-extra-styles \" style=\"text-align: justify;\" data-block-type=\"unstyled\" data-block-weight=\"51\" data-block-id=\"23\">\n<p class=\"content-text__container \" data-track-category=\"Link no Texto\" data-track-links=\"\">A Secretaria Municipal de Sa\u00fade e Higiene P\u00fablica de\u00a0<a href=\"https:\/\/g1.globo.com\/sp\/presidente-prudente-regiao\/cidade\/dracena\/\">Dracena\u00a0<\/a>registrou mais oito casos de Covid-19 e chegou a 62 confirma\u00e7\u00f5es. Desse total, 31 j\u00e1 foram curados, 27 est\u00e3o em isolamento domiciliar, dois est\u00e3o hospitalizados e dois morreram. O informativo oficial ainda indica dois casos suspeitos, que est\u00e3o em isolamento domiciliar.<\/p>\n<\/div>\n<div class=\"row medium-uncollapsed content-media content-photo\" style=\"text-align: justify;\" data-block-type=\"backstage-photo\" data-block-id=\"24\">\n<div class=\"mc-column content-media__container\">\n<figure><img decoding=\"async\" class=\"i-amphtml-fill-content i-amphtml-replaced-content\" src=\"https:\/\/s2.glbimg.com\/rppTQ3-CXM0xoEOwi2JLlCA28qc=\/0x0:831x1058\/984x0\/smart\/filters:strip_icc()\/i.s3.glbimg.com\/v1\/AUTH_59edd422c0c84a879bd37670ae4f538a\/internal_photos\/bs\/2020\/K\/n\/2vfSUOSm6FAIQd1p0Ucw\/boletim-dracena-10-06-20.jpg\" sizes=\"(max-width: 1242px) 648px, 100vw\" srcset=\"https:\/\/s2.glbimg.com\/qcL62T2HyFg3zvxqhpQK8TQ4G3g=\/0x0:831x1058\/1000x0\/smart\/filters:strip_icc()\/i.s3.glbimg.com\/v1\/AUTH_59edd422c0c84a879bd37670ae4f538a\/internal_photos\/bs\/2020\/K\/n\/2vfSUOSm6FAIQd1p0Ucw\/boletim-dracena-10-06-20.jpg 1000w, https:\/\/s2.glbimg.com\/rppTQ3-CXM0xoEOwi2JLlCA28qc=\/0x0:831x1058\/984x0\/smart\/filters:strip_icc()\/i.s3.glbimg.com\/v1\/AUTH_59edd422c0c84a879bd37670ae4f538a\/internal_photos\/bs\/2020\/K\/n\/2vfSUOSm6FAIQd1p0Ucw\/boletim-dracena-10-06-20.jpg 984w, https:\/\/s2.glbimg.com\/D3JMxz_P-Kfr5LTFr_Cv7mF2gfk=\/0x0:831x1058\/640x0\/smart\/filters:strip_icc()\/i.s3.glbimg.com\/v1\/AUTH_59edd422c0c84a879bd37670ae4f538a\/internal_photos\/bs\/2020\/K\/n\/2vfSUOSm6FAIQd1p0Ucw\/boletim-dracena-10-06-20.jpg 640w, https:\/\/s2.glbimg.com\/M3MD8HKi92lmvBKUoA72NmyQ2FE=\/0x0:831x1058\/600x0\/smart\/filters:strip_icc()\/i.s3.glbimg.com\/v1\/AUTH_59edd422c0c84a879bd37670ae4f538a\/internal_photos\/bs\/2020\/K\/n\/2vfSUOSm6FAIQd1p0Ucw\/boletim-dracena-10-06-20.jpg 600w\" alt=\"Boletim de casos de coronav\u00edrus em Dracena, em 10 de junho \u2014 Foto: Reprodu\u00e7\u00e3o\" \/><\/figure>\n<p class=\"content-media__description \">Boletim de casos de coronav\u00edrus em Dracena, em 10 de junho \u2014 Foto: Reprodu\u00e7\u00e3o<\/p>\n<\/div>\n<\/div>\n<div class=\"mc-column content-text active-extra-styles\" style=\"text-align: justify;\" data-block-type=\"raw\" data-block-weight=\"2\" data-block-id=\"26\">\n<div class=\"content-intertitle\">\n<h2>Osvaldo Cruz<\/h2>\n<\/div>\n<\/div>\n<div class=\"mc-column content-text active-extra-styles \" style=\"text-align: justify;\" data-block-type=\"unstyled\" data-block-weight=\"23\" data-block-id=\"27\">\n<p class=\"content-text__container \" data-track-category=\"Link no Texto\" data-track-links=\"\"><a href=\"https:\/\/g1.globo.com\/sp\/presidente-prudente-regiao\/cidade\/osvaldo-cruz\/\">Osvaldo Cruz<\/a>\u00a0possui seis casos confirmados do novo coronav\u00edrus. O boletim divulgado pela Prefeitura indica tr\u00eas casos curados, 35 descartados e 21 monitorados.<\/p>\n<\/div>\n<div class=\"row medium-uncollapsed content-media content-photo\" style=\"text-align: justify;\" data-block-type=\"backstage-photo\" data-block-id=\"28\">\n<div class=\"mc-column content-media__container\">\n<figure><img decoding=\"async\" class=\"i-amphtml-fill-content i-amphtml-replaced-content\" src=\"https:\/\/s2.glbimg.com\/IIB5ZFJSuKHnPMxtTmga_sodyHo=\/0x0:851x720\/984x0\/smart\/filters:strip_icc()\/i.s3.glbimg.com\/v1\/AUTH_59edd422c0c84a879bd37670ae4f538a\/internal_photos\/bs\/2020\/V\/n\/sAveTbQw2Cjm5EgJw3tw\/whatsapp-image-2020-06-10-at-17.35.09.jpeg\" sizes=\"(max-width: 1242px) 648px, 100vw\" srcset=\"https:\/\/s2.glbimg.com\/ePhpgtPN5DQT2fC1qcSUxbCjT9E=\/0x0:851x720\/1000x0\/smart\/filters:strip_icc()\/i.s3.glbimg.com\/v1\/AUTH_59edd422c0c84a879bd37670ae4f538a\/internal_photos\/bs\/2020\/V\/n\/sAveTbQw2Cjm5EgJw3tw\/whatsapp-image-2020-06-10-at-17.35.09.jpeg 1000w, https:\/\/s2.glbimg.com\/IIB5ZFJSuKHnPMxtTmga_sodyHo=\/0x0:851x720\/984x0\/smart\/filters:strip_icc()\/i.s3.glbimg.com\/v1\/AUTH_59edd422c0c84a879bd37670ae4f538a\/internal_photos\/bs\/2020\/V\/n\/sAveTbQw2Cjm5EgJw3tw\/whatsapp-image-2020-06-10-at-17.35.09.jpeg 984w, https:\/\/s2.glbimg.com\/kWAF-WhgKMUe_CZI1M3AEs87ZZ8=\/0x0:851x720\/640x0\/smart\/filters:strip_icc()\/i.s3.glbimg.com\/v1\/AUTH_59edd422c0c84a879bd37670ae4f538a\/internal_photos\/bs\/2020\/V\/n\/sAveTbQw2Cjm5EgJw3tw\/whatsapp-image-2020-06-10-at-17.35.09.jpeg 640w, https:\/\/s2.glbimg.com\/5SK1xO_eSEeSobUc1XSTaBnt1Cs=\/0x0:851x720\/600x0\/smart\/filters:strip_icc()\/i.s3.glbimg.com\/v1\/AUTH_59edd422c0c84a879bd37670ae4f538a\/internal_photos\/bs\/2020\/V\/n\/sAveTbQw2Cjm5EgJw3tw\/whatsapp-image-2020-06-10-at-17.35.09.jpeg 600w\" alt=\"Casos de coronav\u00edrus em Osvaldo Cruz, em 10 de junho \u2014 Foto: Reprodu\u00e7\u00e3o\" \/><\/figure>\n<p class=\"content-media__description \">Casos de coronav\u00edrus em Osvaldo Cruz, em 10 de junho \u2014 Foto: Reprodu\u00e7\u00e3o<\/p>\n<\/div>\n<\/div>\n<div class=\"mc-column content-text active-extra-styles\" style=\"text-align: justify;\" data-block-type=\"raw\" data-block-weight=\"1\" data-block-id=\"29\">\n<div class=\"content-intertitle\">\n<h2>Pirapozinho<\/h2>\n<\/div>\n<\/div>\n<div class=\"mc-column content-text active-extra-styles \" style=\"text-align: justify;\" data-block-type=\"unstyled\" data-block-weight=\"32\" data-block-id=\"30\">\n<p class=\"content-text__container \" data-track-category=\"Link no Texto\" data-track-links=\"\"><a href=\"https:\/\/g1.globo.com\/sp\/presidente-prudente-regiao\/cidade\/pirapozinho\/\">Pirapozinho\u00a0<\/a>tem 26 casos confirmados de Covid-19. Segundo a Prefeitura, 89 pessoas aguardam resultados de exames, 83 j\u00e1 foram descartados e 21 curados. A cidade possui duas mortes confirmadas pelo novo coronav\u00edrus.<\/p>\n<\/div>\n<div class=\"mc-column content-text active-extra-styles\" style=\"text-align: justify;\" data-block-type=\"raw\" data-block-weight=\"1\" data-block-id=\"31\">\n<div class=\"content-intertitle\">\n<h2>Adamantina<\/h2>\n<\/div>\n<\/div>\n<div class=\"row medium-uncollapsed content-media content-photo\" style=\"text-align: justify;\" data-block-type=\"backstage-photo\" data-block-id=\"32\">\n<div class=\"mc-column content-media__container\">\n<figure><img decoding=\"async\" class=\"i-amphtml-fill-content i-amphtml-replaced-content\" src=\"https:\/\/s2.glbimg.com\/ZuebstAGDHKKrtbTJ0mOUtjwpNk=\/0x0:1755x1241\/984x0\/smart\/filters:strip_icc()\/i.s3.glbimg.com\/v1\/AUTH_59edd422c0c84a879bd37670ae4f538a\/internal_photos\/bs\/2020\/7\/L\/NYgYRyTkiHARSbh28bpg\/covid-1006.jpg\" sizes=\"(max-width: 1242px) 648px, 100vw\" srcset=\"https:\/\/s2.glbimg.com\/9Ma7q1ZNA2gUt09TIkLPy1tMoSs=\/0x0:1755x1241\/1000x0\/smart\/filters:strip_icc()\/i.s3.glbimg.com\/v1\/AUTH_59edd422c0c84a879bd37670ae4f538a\/internal_photos\/bs\/2020\/7\/L\/NYgYRyTkiHARSbh28bpg\/covid-1006.jpg 1000w, https:\/\/s2.glbimg.com\/ZuebstAGDHKKrtbTJ0mOUtjwpNk=\/0x0:1755x1241\/984x0\/smart\/filters:strip_icc()\/i.s3.glbimg.com\/v1\/AUTH_59edd422c0c84a879bd37670ae4f538a\/internal_photos\/bs\/2020\/7\/L\/NYgYRyTkiHARSbh28bpg\/covid-1006.jpg 984w, https:\/\/s2.glbimg.com\/gTt5oOpDtfDxmlXwpMudSR2uHNc=\/0x0:1755x1241\/640x0\/smart\/filters:strip_icc()\/i.s3.glbimg.com\/v1\/AUTH_59edd422c0c84a879bd37670ae4f538a\/internal_photos\/bs\/2020\/7\/L\/NYgYRyTkiHARSbh28bpg\/covid-1006.jpg 640w, https:\/\/s2.glbimg.com\/K7C03nGs1tAMBXntExfr1c6tP-U=\/0x0:1755x1241\/600x0\/smart\/filters:strip_icc()\/i.s3.glbimg.com\/v1\/AUTH_59edd422c0c84a879bd37670ae4f538a\/internal_photos\/bs\/2020\/7\/L\/NYgYRyTkiHARSbh28bpg\/covid-1006.jpg 600w\" alt=\"Casos de coronav\u00edrus em Adamantina, em 10 de junho \u2014 Foto: Reprodu\u00e7\u00e3o\" \/><\/figure>\n<p class=\"content-media__description \">Casos de coronav\u00edrus em Adamantina, em 10 de junho \u2014 Foto: Reprodu\u00e7\u00e3o<\/p>\n<\/div>\n<\/div>\n<div class=\"mc-column content-text active-extra-styles \" style=\"text-align: justify;\" data-block-type=\"unstyled\" data-block-weight=\"55\" data-block-id=\"33\">\n<p class=\"content-text__container \" data-track-category=\"Link no Texto\" data-track-links=\"\">A Secretaria de Sa\u00fade de\u00a0<a href=\"https:\/\/g1.globo.com\/sp\/presidente-prudente-regiao\/cidade\/adamantina\/\">Adamantina<\/a> informou um novo caso de Covid-19. Com mais esse resultado, o munic\u00edpio chega a 43 confirma\u00e7\u00f5es da doen\u00e7a. Ao todo, s\u00e3o 187 notifica\u00e7\u00f5es, 139 exames descartados e cinco pessoas aguardam resultados. Dos 43 casos confirmados, 36 pacientes j\u00e1 est\u00e3o curados. Adamantina tamb\u00e9m tem tr\u00eas mortes confirmadas pelo novo coronav\u00edrus.<\/p>\n<p class=\"content-text__container \" data-track-category=\"Link no Texto\" data-track-links=\"\"><span style=\"color: #111111; font-family: Roboto, sans-serif; font-size: 27px; font-style: inherit; font-variant-ligatures: inherit; font-variant-caps: inherit; font-weight: inherit; text-align: center;\">Caiabu<\/span><\/p>\n<\/div>\n<div class=\"mc-column content-text active-extra-styles \" style=\"text-align: justify;\" data-block-type=\"unstyled\" data-block-weight=\"24\" data-block-id=\"36\">\n<p class=\"content-text__container \" data-track-category=\"Link no Texto\" data-track-links=\"\">Em\u00a0<a href=\"https:\/\/g1.globo.com\/sp\/presidente-prudente-regiao\/cidade\/caiabu\/\">Caiabu<\/a>, o n\u00famero de casos confirmados subiu para sete. Al\u00e9m dos casos positivos, a cidade ainda tem seis suspeitos e 12 descartados.<\/p>\n<\/div>\n<div class=\"mc-column content-text active-extra-styles\" style=\"text-align: justify;\" data-block-type=\"raw\" data-block-weight=\"1\" data-block-id=\"37\">\n<div class=\"content-intertitle\">\n<h2>Iep\u00ea<\/h2>\n<\/div>\n<\/div>\n<div class=\"mc-column content-text active-extra-styles \" style=\"text-align: justify;\" data-block-type=\"unstyled\" data-block-weight=\"31\" data-block-id=\"38\">\n<p class=\"content-text__container \" data-track-category=\"Link no Texto\" data-track-links=\"\">A Prefeitura confirmou o segundo caso em\u00a0<a href=\"https:\/\/g1.globo.com\/sp\/presidente-prudente-regiao\/cidade\/iepe\/\">Iep\u00ea<\/a>. O paciente \u00e9 um homem, que mora na cidade, mas trabalha em outro munic\u00edpio. Ele fica em Iep\u00ea a cada 15 dias.<\/p>\n<\/div>\n<div class=\"mc-column content-text active-extra-styles\" style=\"text-align: justify;\" data-block-type=\"raw\" data-block-weight=\"3\" data-block-id=\"39\">\n<div class=\"content-intertitle\">\n<h2>Estrela do Norte<\/h2>\n<\/div>\n<\/div>\n<div class=\"mc-column content-text active-extra-styles \" style=\"text-align: justify;\" data-block-type=\"unstyled\" data-block-weight=\"26\" data-block-id=\"40\">\n<p class=\"content-text__container \" data-track-category=\"Link no Texto\" data-track-links=\"\"><a href=\"https:\/\/g1.globo.com\/sp\/presidente-prudente-regiao\/cidade\/estrela-do-norte-sp\/\">Estrela do Norte<\/a>\u00a0teve o seu primeiro caso de Covid-19 confirmado. O paciente mora na cidade, mas trabalha em outro munic\u00edpio. Ele cumpre isolamento domiciliar.<\/p>\n<\/div>\n<div class=\"mc-column content-text active-extra-styles\" style=\"text-align: justify;\" data-block-type=\"raw\" data-block-weight=\"4\" data-block-id=\"41\">\n<div class=\"content-intertitle\">\n<h2>Euclides da Cunha Paulista<\/h2>\n<\/div>\n<\/div>\n<div class=\"mc-column content-text active-extra-styles \" style=\"text-align: justify;\" data-block-type=\"unstyled\" data-block-weight=\"29\" data-block-id=\"42\">\n<p class=\"content-text__container \" data-track-category=\"Link no Texto\" data-track-links=\"\">Com mais uma confirma\u00e7\u00e3o de coronav\u00edrus,\u00a0<a href=\"https:\/\/g1.globo.com\/sp\/presidente-prudente-regiao\/cidade\/euclides-da-cunha-paulista\/\">Euclides da Cunha Paulista\u00a0<\/a>chegou ao quarto caso positivo da doen\u00e7a. Tr\u00eas exames ainda est\u00e3o em investiga\u00e7\u00e3o e 19 suspeitas foram descartadas.<\/p>\n<\/div>\n<div class=\"mc-column content-text active-extra-styles\" style=\"text-align: justify;\" data-block-type=\"raw\" data-block-weight=\"1\" data-block-id=\"43\">\n<div class=\"content-intertitle\">\n<h2>Indiana<\/h2>\n<\/div>\n<\/div>\n<div class=\"row medium-uncollapsed content-media content-photo\" style=\"text-align: justify;\" data-block-type=\"backstage-photo\" data-block-id=\"44\">\n<div class=\"mc-column content-media__container\">\n<figure><img decoding=\"async\" class=\"i-amphtml-fill-content i-amphtml-replaced-content\" src=\"https:\/\/s2.glbimg.com\/H7FB2xn5E75XdnkY3W7VSLyYP_g=\/0x0:1280x905\/984x0\/smart\/filters:strip_icc()\/i.s3.glbimg.com\/v1\/AUTH_59edd422c0c84a879bd37670ae4f538a\/internal_photos\/bs\/2020\/W\/1\/n5Lq2hTwuAuUB2Apr89w\/whatsapp-image-2020-06-10-at-16.58.40.jpeg\" sizes=\"(max-width: 1242px) 648px, 100vw\" srcset=\"https:\/\/s2.glbimg.com\/7JjLT6Zg0mDVJ8xG7CNbyWJx7Zk=\/0x0:1280x905\/1000x0\/smart\/filters:strip_icc()\/i.s3.glbimg.com\/v1\/AUTH_59edd422c0c84a879bd37670ae4f538a\/internal_photos\/bs\/2020\/W\/1\/n5Lq2hTwuAuUB2Apr89w\/whatsapp-image-2020-06-10-at-16.58.40.jpeg 1000w, https:\/\/s2.glbimg.com\/H7FB2xn5E75XdnkY3W7VSLyYP_g=\/0x0:1280x905\/984x0\/smart\/filters:strip_icc()\/i.s3.glbimg.com\/v1\/AUTH_59edd422c0c84a879bd37670ae4f538a\/internal_photos\/bs\/2020\/W\/1\/n5Lq2hTwuAuUB2Apr89w\/whatsapp-image-2020-06-10-at-16.58.40.jpeg 984w, https:\/\/s2.glbimg.com\/j3bt_8U9CMQbNjNsycAXSyiRqq4=\/0x0:1280x905\/640x0\/smart\/filters:strip_icc()\/i.s3.glbimg.com\/v1\/AUTH_59edd422c0c84a879bd37670ae4f538a\/internal_photos\/bs\/2020\/W\/1\/n5Lq2hTwuAuUB2Apr89w\/whatsapp-image-2020-06-10-at-16.58.40.jpeg 640w, https:\/\/s2.glbimg.com\/E15IpQYFnb2jye1vNZrdn8YQNSs=\/0x0:1280x905\/600x0\/smart\/filters:strip_icc()\/i.s3.glbimg.com\/v1\/AUTH_59edd422c0c84a879bd37670ae4f538a\/internal_photos\/bs\/2020\/W\/1\/n5Lq2hTwuAuUB2Apr89w\/whatsapp-image-2020-06-10-at-16.58.40.jpeg 600w\" alt=\"Casos de coronav\u00edrus em Indiana, em 10 de junho \u2014 Foto: Reprodu\u00e7\u00e3o\" \/><\/figure>\n<p class=\"content-media__description \">Casos de coronav\u00edrus em Indiana, em 10 de junho \u2014 Foto: Reprodu\u00e7\u00e3o<\/p>\n<\/div>\n<\/div>\n<div class=\"mc-column content-text active-extra-styles \" data-block-type=\"unstyled\" data-block-weight=\"33\" data-block-id=\"45\">\n<p class=\"content-text__container \" style=\"text-align: justify;\" data-track-category=\"Link no Texto\" data-track-links=\"\"><a href=\"https:\/\/g1.globo.com\/sp\/presidente-prudente-regiao\/cidade\/indiana\/\">Indiana<\/a>\u00a0tem 20 casos confirmados de novo coronav\u00edrus. Conforme o boletim divulgado \u00e0s 16h, das confirma\u00e7\u00f5es, dez pacientes j\u00e1 est\u00e3o curados. Ao todo, s\u00e3o 55 notifica\u00e7\u00f5es, 32 exames descartados e tr\u00eas casos suspeitos.<\/p>\n<p style=\"text-align: justify;\" data-track-category=\"Link no Texto\" data-track-links=\"\">Fonte: https:\/\/g1.globo.com\/sp\/presidente-prudente-regiao\/noticia\/2020\/06\/10\/casos-de-coronavirus-confirmados-na-regiao-de-presidente-prudente-em-10-de-junho.ghtml<\/p>\n<\/div>\n<\/div>\n","protected":false},"excerpt":{"rendered":"<p>Novos casos confirmados de Covid-19 foram divulgados nesta quarta-feira (10), por meio das Secretarias Municipais de Sa\u00fade, na regi\u00e3o de Presidente Prudente. Santo Anast\u00e1cio A Prefeitura de\u00a0Santo Anast\u00e1cio\u00a0informou a segunda morte confirmada pelo novo coronav\u00edrus no munic\u00edpio. A v\u00edtima \u00e9 um policial penal, de 38 anos, que trabalhava em uma penitenci\u00e1ria em S\u00e3o Paulo (SP), [&hellip;]<\/p>\n","protected":false},"author":1,"featured_media":28095,"comment_status":"closed","ping_status":"open","sticky":false,"template":"","format":"standard","meta":{"footnotes":""},"categories":[110,122],"tags":[],"class_list":["post-28094","post","type-post","status-publish","format-standard","has-post-thumbnail","hentry","category-noticiasdestaque","category-saudeeducacaoeconcurso"],"_links":{"self":[{"href":"https:\/\/jorgezanoni.com.br\/2019\/wp-json\/wp\/v2\/posts\/28094","targetHints":{"allow":["GET"]}}],"collection":[{"href":"https:\/\/jorgezanoni.com.br\/2019\/wp-json\/wp\/v2\/posts"}],"about":[{"href":"https:\/\/jorgezanoni.com.br\/2019\/wp-json\/wp\/v2\/types\/post"}],"author":[{"embeddable":true,"href":"https:\/\/jorgezanoni.com.br\/2019\/wp-json\/wp\/v2\/users\/1"}],"replies":[{"embeddable":true,"href":"https:\/\/jorgezanoni.com.br\/2019\/wp-json\/wp\/v2\/comments?post=28094"}],"version-history":[{"count":0,"href":"https:\/\/jorgezanoni.com.br\/2019\/wp-json\/wp\/v2\/posts\/28094\/revisions"}],"wp:featuredmedia":[{"embeddable":true,"href":"https:\/\/jorgezanoni.com.br\/2019\/wp-json\/wp\/v2\/media\/28095"}],"wp:attachment":[{"href":"https:\/\/jorgezanoni.com.br\/2019\/wp-json\/wp\/v2\/media?parent=28094"}],"wp:term":[{"taxonomy":"category","embeddable":true,"href":"https:\/\/jorgezanoni.com.br\/2019\/wp-json\/wp\/v2\/categories?post=28094"},{"taxonomy":"post_tag","embeddable":true,"href":"https:\/\/jorgezanoni.com.br\/2019\/wp-json\/wp\/v2\/tags?post=28094"}],"curies":[{"name":"wp","href":"https:\/\/api.w.org\/{rel}","templated":true}]}}