{"id":28065,"date":"2020-06-10T22:17:08","date_gmt":"2020-06-10T22:17:08","guid":{"rendered":"https:\/\/jorgezanoni.com.br\/2019\/?p=28065"},"modified":"2020-06-10T22:17:08","modified_gmt":"2020-06-10T22:17:08","slug":"colisao-traseira-na-sp-294-proximo-a-aabb-de-junqueiropolis-envolve-dois-veiculos","status":"publish","type":"post","link":"https:\/\/jorgezanoni.com.br\/2019\/colisao-traseira-na-sp-294-proximo-a-aabb-de-junqueiropolis-envolve-dois-veiculos\/","title":{"rendered":"Colis\u00e3o traseira na SP-294 pr\u00f3ximo a AABB de Junqueir\u00f3polis envolve dois ve\u00edculos"},"content":{"rendered":"<p style=\"text-align: justify;\">Uma colis\u00e3o traseira entre um Corsa e um Del Rey, p<span class=\"text_exposed_show\">or volta das 16h30, desta quarta-feira, 10\/6, na rodovia Comandante Jo\u00e3o Ribeiro de Barros (SP-294), pr\u00f3ximo \u00e0 AABB, em Junqueir\u00f3polis, deixou o tr\u00e2nsito lento no local. <\/span><\/p>\n<p style=\"text-align: justify;\"><span class=\"text_exposed_show\">Segundo a PM Rodovi\u00e1ria n\u00e3o teve feridos graves, somente o condutor do Del Rey, um senhor de idade sentiu-se mal e foi conduzido ao Pronto Atendimento Municipal pela ambul\u00e2ncia da concession\u00e1ria Eixo-SP.<\/span><\/p>\n<div class=\"text_exposed_show\">\n<p style=\"text-align: justify;\">De acordo com a Pol\u00edcia Rodovi\u00e1ria, o ve\u00edculo Corsa vinha no sentido Dracena a Junqueir\u00f3polis e no local (pr\u00f3ximo ao km 638), o Del Rey, placas de Dracena, saiu de uma estrada rural e entrou na rodovia.<\/p>\n<p style=\"text-align: justify;\">O condutor do Corsa, 59 anos, pintor, morador de Dracena, informou que n\u00e3o teve tempo de desviar do Del Rey quando o ve\u00edculo entrou na pista. O acidente foi registrado como colis\u00e3o traseira sem v\u00edtima.<\/p>\n<p style=\"text-align: justify;\">A Pol\u00edcia Militar de Junqueir\u00f3polis compareceu ao local e auxiliou no controle do tr\u00e1fego.<\/p>\n<p><img loading=\"lazy\" decoding=\"async\" class=\"alignnone size-full wp-image-28067\" src=\"https:\/\/jorgezanoni.com.br\/2019\/wp-content\/uploads\/2020\/06\/batida1-1.jpg\" alt=\"\" width=\"640\" height=\"428\" srcset=\"https:\/\/jorgezanoni.com.br\/2019\/wp-content\/uploads\/2020\/06\/batida1-1.jpg 640w, https:\/\/jorgezanoni.com.br\/2019\/wp-content\/uploads\/2020\/06\/batida1-1-300x201.jpg 300w, https:\/\/jorgezanoni.com.br\/2019\/wp-content\/uploads\/2020\/06\/batida1-1-628x420.jpg 628w\" sizes=\"auto, (max-width: 640px) 100vw, 640px\" \/> <img loading=\"lazy\" decoding=\"async\" class=\"alignnone size-full wp-image-28068\" src=\"https:\/\/jorgezanoni.com.br\/2019\/wp-content\/uploads\/2020\/06\/batida2-1.jpg\" alt=\"\" width=\"640\" height=\"428\" srcset=\"https:\/\/jorgezanoni.com.br\/2019\/wp-content\/uploads\/2020\/06\/batida2-1.jpg 640w, https:\/\/jorgezanoni.com.br\/2019\/wp-content\/uploads\/2020\/06\/batida2-1-300x201.jpg 300w, https:\/\/jorgezanoni.com.br\/2019\/wp-content\/uploads\/2020\/06\/batida2-1-628x420.jpg 628w\" sizes=\"auto, (max-width: 640px) 100vw, 640px\" \/><\/p>\n<p style=\"text-align: justify;\">Fonte: junqueiropolisemdia.com.br<\/p>\n<\/div>\n","protected":false},"excerpt":{"rendered":"<p>Uma colis\u00e3o traseira entre um Corsa e um Del Rey, por volta das 16h30, desta quarta-feira, 10\/6, na rodovia Comandante Jo\u00e3o Ribeiro de Barros (SP-294), pr\u00f3ximo \u00e0 AABB, em Junqueir\u00f3polis, deixou o tr\u00e2nsito lento no local. Segundo a PM Rodovi\u00e1ria n\u00e3o teve feridos graves, somente o condutor do Del Rey, um senhor de idade sentiu-se [&hellip;]<\/p>\n","protected":false},"author":1,"featured_media":28066,"comment_status":"closed","ping_status":"open","sticky":false,"template":"","format":"standard","meta":{"footnotes":""},"categories":[170,110],"tags":[],"class_list":["post-28065","post","type-post","status-publish","format-standard","has-post-thumbnail","hentry","category-acidentes","category-noticiasdestaque"],"_links":{"self":[{"href":"https:\/\/jorgezanoni.com.br\/2019\/wp-json\/wp\/v2\/posts\/28065","targetHints":{"allow":["GET"]}}],"collection":[{"href":"https:\/\/jorgezanoni.com.br\/2019\/wp-json\/wp\/v2\/posts"}],"about":[{"href":"https:\/\/jorgezanoni.com.br\/2019\/wp-json\/wp\/v2\/types\/post"}],"author":[{"embeddable":true,"href":"https:\/\/jorgezanoni.com.br\/2019\/wp-json\/wp\/v2\/users\/1"}],"replies":[{"embeddable":true,"href":"https:\/\/jorgezanoni.com.br\/2019\/wp-json\/wp\/v2\/comments?post=28065"}],"version-history":[{"count":0,"href":"https:\/\/jorgezanoni.com.br\/2019\/wp-json\/wp\/v2\/posts\/28065\/revisions"}],"wp:featuredmedia":[{"embeddable":true,"href":"https:\/\/jorgezanoni.com.br\/2019\/wp-json\/wp\/v2\/media\/28066"}],"wp:attachment":[{"href":"https:\/\/jorgezanoni.com.br\/2019\/wp-json\/wp\/v2\/media?parent=28065"}],"wp:term":[{"taxonomy":"category","embeddable":true,"href":"https:\/\/jorgezanoni.com.br\/2019\/wp-json\/wp\/v2\/categories?post=28065"},{"taxonomy":"post_tag","embeddable":true,"href":"https:\/\/jorgezanoni.com.br\/2019\/wp-json\/wp\/v2\/tags?post=28065"}],"curies":[{"name":"wp","href":"https:\/\/api.w.org\/{rel}","templated":true}]}}