{"id":28054,"date":"2020-06-10T19:41:03","date_gmt":"2020-06-10T19:41:03","guid":{"rendered":"https:\/\/jorgezanoni.com.br\/2019\/?p=28054"},"modified":"2020-06-10T19:41:03","modified_gmt":"2020-06-10T19:41:03","slug":"homem-invade-estudios-da-globo-e-faz-reporter-de-refem-nesta-quarta-10","status":"publish","type":"post","link":"https:\/\/jorgezanoni.com.br\/2019\/homem-invade-estudios-da-globo-e-faz-reporter-de-refem-nesta-quarta-10\/","title":{"rendered":"Homem invade est\u00fadios da Globo e faz rep\u00f3rter de ref\u00e9m nesta quarta (10)"},"content":{"rendered":"<h2 class=\"description\" style=\"text-align: justify;\"><strong>O suspeito carregava uma faca e pedia para encontrar Renata Vasconcellos, apresentadora do &#8220;Jornal Nacional&#8221;<\/strong><\/h2>\n<p style=\"text-align: justify;\">Os funcion\u00e1rios da TV Globo enfrentaram uma situa\u00e7\u00e3o tensa na tarde desta quarta-feira (10). Um homem invadiu os est\u00fadios da emissora no Jardim Bot\u00e2nico, no Rio de Janeiro, e fez a rep\u00f3rter\u00a0<strong>Marina Ara\u00fajo<\/strong>\u00a0de ref\u00e9m. O suspeito carregava uma faca e pedia para encontrar Renata Vasconcellos, apresentadora do\u00a0<em>Jornal Nacional\u00a0<\/em>\u2014 a \u00e2ncora celebra seus 48 anos de vida hoje.<\/p>\n<p style=\"text-align: justify;\">As negocia\u00e7\u00f5es teriam sido iniciadas Ali Kamel, Diretor Geral de Jornalismo da Rede Globo. A pol\u00edcia foi acionada e o suspeito foi neutralizado e preso pelas autoridades. Ele ainda n\u00e3o foi identificado. Marina foi liberada ap\u00f3s o caso. De acordo com informa\u00e7\u00f5es do\u00a0<strong>Metr\u00f3ples<\/strong>, o suspeitou largou a faca ao ver Renata nos est\u00fadios: \u201cA Renata apareceu e o cara soltou a faca, como combinado. Foi preso. Largou a faca e levantiu a blusa\u201d, disse a fonte.<\/p>\n<p style=\"text-align: justify;\">Ap\u00f3s a repercuss\u00e3o do caso, a TV Globo enviou a seguinte nota:<\/p>\n<p style=\"text-align: justify;\">\u201c<em>Na tarde desta quarta-feira, um homem invadiu a sede da TV Globo, no Jardim Bot\u00e2nico, portando uma faca. Ele fez a rep\u00f3rter Marina Ara\u00fajo ref\u00e9m. A seguran\u00e7a da Globo rapidamente agiu, isolou o local e chamou a PM. O comandante do 23\u00b0 batalh\u00e3o da corpora\u00e7\u00e3o, coronel Heitor Henrique Pereira, compareceu \u00e0 emissora e conduziu a negocia\u00e7\u00e3o. O homem, que amea\u00e7ava a jornalista, liberou a rep\u00f3rter ap\u00f3s alguns minutos. Marina e todos os funcion\u00e1rios que estavam no local n\u00e3o se feriram e passam bem. A Globo repudia com veem\u00eancia todo tipo de viol\u00eancia. Foi obra de algu\u00e9m com dist\u00farbios mentais, sem nenhuma conota\u00e7\u00e3o pol\u00edtica. Um homem que exigia ver a jornalista Renata Vasconcellos. Seguindo instru\u00e7\u00f5es do comandante Heitor, Renata compareceu ao local onde estava Marina e o invasor. T\u00e3o logo ele a viu, largou a faca e libertou Marina. Foi preso imediatamente. A TV Globo agradece \u00e0 PM, ao coronel Heitor e a todos os policiais, cuja condu\u00e7\u00e3o foi exemplar. Marina se comportou com coragem, serenidade e firmeza, sendo fundamental para o desfecho da situa\u00e7\u00e3o. Renata foi corajosa, desprendida, solid\u00e1ria e absolutamente imprescind\u00edvel para que tudo acabasse bem. As duas profissionais est\u00e3o bem. E foram recebidas pelos colegas com carinho e emo\u00e7\u00e3o<\/em>\u201c<\/p>\n<p style=\"text-align: justify;\">Fonte:https:\/\/vejasp.abril.com.br\/cidades\/homem-invade-a-globo-e-faz-reporter-de-refem-nesta-quarta-feira-10\/<\/p>\n","protected":false},"excerpt":{"rendered":"<p>O suspeito carregava uma faca e pedia para encontrar Renata Vasconcellos, apresentadora do &#8220;Jornal Nacional&#8221; Os funcion\u00e1rios da TV Globo enfrentaram uma situa\u00e7\u00e3o tensa na tarde desta quarta-feira (10). Um homem invadiu os est\u00fadios da emissora no Jardim Bot\u00e2nico, no Rio de Janeiro, e fez a rep\u00f3rter\u00a0Marina Ara\u00fajo\u00a0de ref\u00e9m. O suspeito carregava uma faca e [&hellip;]<\/p>\n","protected":false},"author":1,"featured_media":28055,"comment_status":"closed","ping_status":"open","sticky":false,"template":"","format":"standard","meta":{"footnotes":""},"categories":[110,2],"tags":[],"class_list":["post-28054","post","type-post","status-publish","format-standard","has-post-thumbnail","hentry","category-noticiasdestaque","category-policial"],"_links":{"self":[{"href":"https:\/\/jorgezanoni.com.br\/2019\/wp-json\/wp\/v2\/posts\/28054","targetHints":{"allow":["GET"]}}],"collection":[{"href":"https:\/\/jorgezanoni.com.br\/2019\/wp-json\/wp\/v2\/posts"}],"about":[{"href":"https:\/\/jorgezanoni.com.br\/2019\/wp-json\/wp\/v2\/types\/post"}],"author":[{"embeddable":true,"href":"https:\/\/jorgezanoni.com.br\/2019\/wp-json\/wp\/v2\/users\/1"}],"replies":[{"embeddable":true,"href":"https:\/\/jorgezanoni.com.br\/2019\/wp-json\/wp\/v2\/comments?post=28054"}],"version-history":[{"count":0,"href":"https:\/\/jorgezanoni.com.br\/2019\/wp-json\/wp\/v2\/posts\/28054\/revisions"}],"wp:featuredmedia":[{"embeddable":true,"href":"https:\/\/jorgezanoni.com.br\/2019\/wp-json\/wp\/v2\/media\/28055"}],"wp:attachment":[{"href":"https:\/\/jorgezanoni.com.br\/2019\/wp-json\/wp\/v2\/media?parent=28054"}],"wp:term":[{"taxonomy":"category","embeddable":true,"href":"https:\/\/jorgezanoni.com.br\/2019\/wp-json\/wp\/v2\/categories?post=28054"},{"taxonomy":"post_tag","embeddable":true,"href":"https:\/\/jorgezanoni.com.br\/2019\/wp-json\/wp\/v2\/tags?post=28054"}],"curies":[{"name":"wp","href":"https:\/\/api.w.org\/{rel}","templated":true}]}}