{"id":28050,"date":"2020-06-10T17:31:47","date_gmt":"2020-06-10T17:31:47","guid":{"rendered":"https:\/\/jorgezanoni.com.br\/2019\/?p=28050"},"modified":"2020-06-10T17:31:47","modified_gmt":"2020-06-10T17:31:47","slug":"jovem-morre-vitima-de-acidente-entre-motocicleta-e-trator-na-rodovia-raimundo-maiolini-em-presidente-prudente","status":"publish","type":"post","link":"https:\/\/jorgezanoni.com.br\/2019\/jovem-morre-vitima-de-acidente-entre-motocicleta-e-trator-na-rodovia-raimundo-maiolini-em-presidente-prudente\/","title":{"rendered":"Jovem morre v\u00edtima de acidente entre motocicleta e trator na Rodovia Raimundo Maiolini em Presidente Prudente"},"content":{"rendered":"<h2 class=\"content-head__subtitle\" style=\"text-align: justify;\"><strong>Motociclista de 18 anos seguia para o trabalho quando houve a colis\u00e3o no trecho pertencente ao distrito de Eneida.<\/strong><\/h2>\n<div class=\"mc-column content-text active-extra-styles \" data-block-type=\"unstyled\" data-block-weight=\"32\" data-block-id=\"2\">\n<p class=\"content-text__container \" style=\"text-align: justify;\" data-track-category=\"Link no Texto\" data-track-links=\"\">Um rapaz de 18 anos morreu v\u00edtima de um acidente de tr\u00e2nsito entre trator e motocicleta na manh\u00e3 desta quarta-feira (10) na Rodovia Raimundo Maiolini, no distrito de Eneida, em\u00a0<a href=\"http:\/\/g1.globo.com\/sp\/presidente-prudente-regiao\/cidade\/presidente-prudente.html\">Presidente Prudente<\/a>.<\/p>\n<\/div>\n<div class=\"wall protected-content\">\n<div class=\"mc-column content-text active-extra-styles \" style=\"text-align: justify;\" data-block-type=\"unstyled\" data-block-weight=\"43\" data-block-id=\"3\">\n<p class=\"content-text__container \" data-track-category=\"Link no Texto\" data-track-links=\"\">Conforme informou ao\u00a0<strong>G1\u00a0<\/strong>a Pol\u00edcia Militar, a v\u00edtima, motociclista, trafegava no sentido Eneida\u2013Floresta do Sul, quando por motivos ainda desconhecidos, colidiu contra a traseira do trator. O rapaz atingiu a grade da ro\u00e7adeira do ve\u00edculo de maior porte e morreu na hora.<\/p>\n<\/div>\n<div class=\"mc-column content-text active-extra-styles \" style=\"text-align: justify;\" data-block-type=\"unstyled\" data-block-weight=\"22\" data-block-id=\"4\">\n<p class=\"content-text__container \" data-track-category=\"Link no Texto\" data-track-links=\"\">Familiares contaram \u00e0 PM que o jovem adquiriu a motocicleta nesta ter\u00e7a-feira (9) e seguia para o trabalho quando houve o acidente.<\/p>\n<\/div>\n<div class=\"mc-column content-text active-extra-styles \" data-block-type=\"unstyled\" data-block-weight=\"4\" data-block-id=\"5\">\n<p class=\"content-text__container \" style=\"text-align: justify;\" data-track-category=\"Link no Texto\" data-track-links=\"\">A per\u00edcia foi acionada.<\/p>\n<figure style=\"text-align: justify;\"><img decoding=\"async\" class=\"i-amphtml-fill-content i-amphtml-replaced-content\" src=\"https:\/\/s2.glbimg.com\/gMrcSVN93mvJVJSIj1vO0jL960A=\/0x0:1280x960\/984x0\/smart\/filters:strip_icc()\/i.s3.glbimg.com\/v1\/AUTH_59edd422c0c84a879bd37670ae4f538a\/internal_photos\/bs\/2020\/r\/0\/g5H2tOSBAcCjmKuAaOyQ\/whatsapp-image-2020-06-10-at-08.10.04-1-.jpeg\" sizes=\"(max-width: 1242px) 648px, 100vw\" srcset=\"https:\/\/s2.glbimg.com\/HB4RSYOaYMZi1kJOwc156fHIKnQ=\/0x0:1280x960\/1000x0\/smart\/filters:strip_icc()\/i.s3.glbimg.com\/v1\/AUTH_59edd422c0c84a879bd37670ae4f538a\/internal_photos\/bs\/2020\/r\/0\/g5H2tOSBAcCjmKuAaOyQ\/whatsapp-image-2020-06-10-at-08.10.04-1-.jpeg 1000w, https:\/\/s2.glbimg.com\/gMrcSVN93mvJVJSIj1vO0jL960A=\/0x0:1280x960\/984x0\/smart\/filters:strip_icc()\/i.s3.glbimg.com\/v1\/AUTH_59edd422c0c84a879bd37670ae4f538a\/internal_photos\/bs\/2020\/r\/0\/g5H2tOSBAcCjmKuAaOyQ\/whatsapp-image-2020-06-10-at-08.10.04-1-.jpeg 984w, https:\/\/s2.glbimg.com\/S65G-0VBuTrbTQDaneDE5DzVWoU=\/0x0:1280x960\/640x0\/smart\/filters:strip_icc()\/i.s3.glbimg.com\/v1\/AUTH_59edd422c0c84a879bd37670ae4f538a\/internal_photos\/bs\/2020\/r\/0\/g5H2tOSBAcCjmKuAaOyQ\/whatsapp-image-2020-06-10-at-08.10.04-1-.jpeg 640w, https:\/\/s2.glbimg.com\/Hgt4gzO9mj7Lin9IhWfUT-OlxO4=\/0x0:1280x960\/600x0\/smart\/filters:strip_icc()\/i.s3.glbimg.com\/v1\/AUTH_59edd422c0c84a879bd37670ae4f538a\/internal_photos\/bs\/2020\/r\/0\/g5H2tOSBAcCjmKuAaOyQ\/whatsapp-image-2020-06-10-at-08.10.04-1-.jpeg 600w\" alt=\"Acidente entre trator e motocicleta deixou uma v\u00edtima fatal, em Presidente Prudente \u2014 Foto: Pol\u00edcia Militar\" \/><\/figure>\n<p class=\"content-media__description \" style=\"text-align: justify;\">Acidente entre trator e motocicleta deixou uma v\u00edtima fatal, em Presidente Prudente \u2014 Foto: Pol\u00edcia Militar<\/p>\n<p style=\"text-align: justify;\">Fonte: G1<\/p>\n<\/div>\n<\/div>\n","protected":false},"excerpt":{"rendered":"<p>Motociclista de 18 anos seguia para o trabalho quando houve a colis\u00e3o no trecho pertencente ao distrito de Eneida. Um rapaz de 18 anos morreu v\u00edtima de um acidente de tr\u00e2nsito entre trator e motocicleta na manh\u00e3 desta quarta-feira (10) na Rodovia Raimundo Maiolini, no distrito de Eneida, em\u00a0Presidente Prudente. Conforme informou ao\u00a0G1\u00a0a Pol\u00edcia Militar, [&hellip;]<\/p>\n","protected":false},"author":1,"featured_media":28051,"comment_status":"closed","ping_status":"open","sticky":false,"template":"","format":"standard","meta":{"footnotes":""},"categories":[170,110],"tags":[],"class_list":["post-28050","post","type-post","status-publish","format-standard","has-post-thumbnail","hentry","category-acidentes","category-noticiasdestaque"],"_links":{"self":[{"href":"https:\/\/jorgezanoni.com.br\/2019\/wp-json\/wp\/v2\/posts\/28050","targetHints":{"allow":["GET"]}}],"collection":[{"href":"https:\/\/jorgezanoni.com.br\/2019\/wp-json\/wp\/v2\/posts"}],"about":[{"href":"https:\/\/jorgezanoni.com.br\/2019\/wp-json\/wp\/v2\/types\/post"}],"author":[{"embeddable":true,"href":"https:\/\/jorgezanoni.com.br\/2019\/wp-json\/wp\/v2\/users\/1"}],"replies":[{"embeddable":true,"href":"https:\/\/jorgezanoni.com.br\/2019\/wp-json\/wp\/v2\/comments?post=28050"}],"version-history":[{"count":0,"href":"https:\/\/jorgezanoni.com.br\/2019\/wp-json\/wp\/v2\/posts\/28050\/revisions"}],"wp:featuredmedia":[{"embeddable":true,"href":"https:\/\/jorgezanoni.com.br\/2019\/wp-json\/wp\/v2\/media\/28051"}],"wp:attachment":[{"href":"https:\/\/jorgezanoni.com.br\/2019\/wp-json\/wp\/v2\/media?parent=28050"}],"wp:term":[{"taxonomy":"category","embeddable":true,"href":"https:\/\/jorgezanoni.com.br\/2019\/wp-json\/wp\/v2\/categories?post=28050"},{"taxonomy":"post_tag","embeddable":true,"href":"https:\/\/jorgezanoni.com.br\/2019\/wp-json\/wp\/v2\/tags?post=28050"}],"curies":[{"name":"wp","href":"https:\/\/api.w.org\/{rel}","templated":true}]}}