{"id":28044,"date":"2020-06-10T16:32:44","date_gmt":"2020-06-10T16:32:44","guid":{"rendered":"https:\/\/jorgezanoni.com.br\/2019\/?p=28044"},"modified":"2020-06-10T16:32:44","modified_gmt":"2020-06-10T16:32:44","slug":"regiao-de-presidente-prudente-retrocede-para-a-fase-vermelha-que-proibe-a-abertura-do-comercio-na-flexibilizacao-da-quarentena","status":"publish","type":"post","link":"https:\/\/jorgezanoni.com.br\/2019\/regiao-de-presidente-prudente-retrocede-para-a-fase-vermelha-que-proibe-a-abertura-do-comercio-na-flexibilizacao-da-quarentena\/","title":{"rendered":"Regi\u00e3o de Presidente Prudente retrocede para a fase vermelha, que pro\u00edbe a abertura do com\u00e9rcio, na flexibiliza\u00e7\u00e3o da quarentena"},"content":{"rendered":"<div class=\"mc-column content-text active-extra-styles \" data-block-type=\"unstyled\" data-block-weight=\"46\" data-block-id=\"2\">\n<p class=\"content-text__container \" style=\"text-align: justify;\" data-track-category=\"Link no Texto\" data-track-links=\"\">O governo do Estado de S\u00e3o Paulo anunciou na tarde desta quarta-feira (10) que a regi\u00e3o de\u00a0<a href=\"https:\/\/g1.globo.com\/sp\/presidente-prudente-regiao\/cidade\/presidente-prudente\/\">Presidente Prudente<\/a>\u00a0retrocedeu para a fase vermelha, no processo de flexibiliza\u00e7\u00e3o da quarentena em decorr\u00eancia da pandemia do coronav\u00edrus, e com isso n\u00e3o poder\u00e1 ter a abertura do com\u00e9rcio.<\/p>\n<\/div>\n<div class=\"wall protected-content\">\n<div class=\"mc-column content-text active-extra-styles \" style=\"text-align: justify;\" data-block-type=\"unstyled\" data-block-weight=\"15\" data-block-id=\"3\">\n<p class=\"content-text__container \" data-track-category=\"Link no Texto\" data-track-links=\"\">A regi\u00e3o de Mar\u00edlia, que abrange munic\u00edpios da Nova Alta Paulista, continua na fase laranja.<\/p>\n<\/div>\n<div class=\"mc-column content-text active-extra-styles \" style=\"text-align: justify;\" data-block-type=\"unstyled\" data-block-weight=\"35\" data-block-id=\"4\">\n<p class=\"content-text__container \" data-track-category=\"Link no Texto\" data-track-links=\"\">Nas duas primeiras semanas da flexibiliza\u00e7\u00e3o da quarentena no Estado de S\u00e3o Paulo, a regi\u00e3o de Presidente Prudente esteve na fase amarela, quando era permitida at\u00e9 a abertura de bares e restaurantes para o p\u00fablico.<\/p>\n<\/div>\n<div class=\"mc-column content-text active-extra-styles \" style=\"text-align: justify;\" data-block-type=\"unstyled\" data-block-weight=\"10\" data-block-id=\"5\">\n<p class=\"content-text__container \" data-track-category=\"Link no Texto\" data-track-links=\"\">Na fase vermelha, n\u00e3o ser\u00e1 permitida a abertura do com\u00e9rcio.<\/p>\n<\/div>\n<div class=\"row medium-uncollapsed content-media content-photo\" style=\"text-align: justify;\" data-block-type=\"backstage-photo\" data-block-id=\"6\">\n<div class=\"column medium-22 large-20 medium-centered content-media__container\">\n<figure><img decoding=\"async\" class=\"i-amphtml-fill-content i-amphtml-replaced-content\" src=\"https:\/\/s2.glbimg.com\/5em-qepLszIUtLPTAuu_IGj-QF0=\/0x0:1274x1065\/1008x0\/smart\/filters:strip_icc()\/i.s3.glbimg.com\/v1\/AUTH_59edd422c0c84a879bd37670ae4f538a\/internal_photos\/bs\/2020\/p\/C\/OYNXCLSQCrZhaTDZBqRw\/novo-mapa.jpg\" srcset=\"\" alt=\"Regi\u00e3o de Presidente Prudente passa para a fase vermelha a partir de segunda-feira (15) \u2014 Foto: Reprodu\u00e7\u00e3o\" \/><\/figure>\n<p class=\"content-media__description \">Regi\u00e3o de Presidente Prudente passa para a fase vermelha a partir de segunda-feira (15) \u2014 Foto: Reprodu\u00e7\u00e3o<\/p>\n<\/div>\n<\/div>\n<div class=\"mc-column content-text active-extra-styles \" style=\"text-align: justify;\" data-block-type=\"unstyled\" data-block-weight=\"38\" data-block-id=\"8\">\n<p class=\"content-text__container \" data-track-category=\"Link no Texto\" data-track-links=\"\">Os crit\u00e9rios de classifica\u00e7\u00e3o das cidades por regi\u00f5es e fases de cores levaram em conta a rela\u00e7\u00e3o do n\u00famero de leitos hospitalares, principalmente os de Unidades de Terapia Intensiva (UTIs), com o n\u00famero de pessoas infectadas pela Covid-19.<\/p>\n<\/div>\n<div class=\"mc-column content-text active-extra-styles\" style=\"text-align: justify;\" data-block-type=\"raw\" data-block-weight=\"60\" data-block-id=\"9\">\n<ul class=\"content-unordered-list\">\n<li>Na\u00a0<strong>fase vermelha<\/strong>, n\u00e3o ser\u00e1 permitida a abertura do com\u00e9rcio.<\/li>\n<li>Na\u00a0<strong>fase laranja<\/strong>, ser\u00e1 permitida a abertura do com\u00e9rcio com restri\u00e7\u00e3o.<\/li>\n<li>Na\u00a0<strong>fase amarela<\/strong>, ser\u00e1 permitida a abertura do com\u00e9rcio, mas com algumas restri\u00e7\u00f5es.<\/li>\n<li>Na\u00a0<strong>fase verde<\/strong>, ser\u00e1 permitida a abertura do com\u00e9rcio, ainda com algumas restri\u00e7\u00f5es.<\/li>\n<li>E\u00a0<strong>na fase azul<\/strong>, ser\u00e1 permitida a abertura total do com\u00e9rcio, sem restri\u00e7\u00f5es.<\/li>\n<\/ul>\n<\/div>\n<div class=\"mc-column content-text active-extra-styles\" style=\"text-align: justify;\" data-block-type=\"raw\" data-block-weight=\"66\" data-block-id=\"10\">\n<blockquote class=\"content-blockquote theme-border-color-primary-before\"><p>&#8220;Com o Plano S\u00e3o Paulo que j\u00e1 anunciamos, podemos atuar melhor em cada regi\u00e3o do Estado e, claramente, temos um aumento de casos em regi\u00f5es como Barretos, Presidente Prudente e Ribeir\u00e3o Preto, que est\u00e3o neste momento com a bandeira vermelha e que ter\u00e3o, agora, medidas restritivas na quarentena&#8221;, disse o governador Jo\u00e3o Doria Junior (PSDB) em entrevista coletiva concedida no Pal\u00e1cio dos Bandeirantes nesta quarta-feira (10).<\/p><\/blockquote>\n<\/div>\n<div class=\"mc-column content-text active-extra-styles \" style=\"text-align: justify;\" data-block-type=\"unstyled\" data-block-weight=\"49\" data-block-id=\"11\">\n<p class=\"content-text__container \" data-track-category=\"Link no Texto\" data-track-links=\"\">A flexibiliza\u00e7\u00e3o da quarentena teve in\u00edcio no dia 1\u00ba de junho,\u00a0<a href=\"https:\/\/g1.globo.com\/sp\/presidente-prudente-regiao\/noticia\/2020\/05\/27\/veja-como-as-medidas-da-flexibilizacao-da-quarentena-anunciadas-pelo-governo-do-estado-afetam-a-regiao-de-presidente-prudente.ghtml\">com um plano adotado pelo governo do Estado de S\u00e3o Paulo<\/a>, ap\u00f3s 69 dias de restri\u00e7\u00f5es ao funcionamento das atividades econ\u00f4micas como forma de incentivar o isolamento social e prevenir a propaga\u00e7\u00e3o do novo coronav\u00edrus, causador da Covid-19.<\/p>\n<\/div>\n<div class=\"mc-column content-text active-extra-styles \" style=\"text-align: justify;\" data-block-type=\"unstyled\" data-block-weight=\"24\" data-block-id=\"12\">\n<p class=\"content-text__container \" data-track-category=\"Link no Texto\" data-track-links=\"\">Em Presidente Prudente, estabelecimentos comerciais puderam reabrir, mas ainda com medidas restritivas para o funcionamento, de modo a tentar conter o avan\u00e7o da pandemia.<\/p>\n<\/div>\n<div class=\"mc-column content-text active-extra-styles \" style=\"text-align: justify;\" data-block-type=\"unstyled\" data-block-weight=\"31\" data-block-id=\"13\">\n<p class=\"content-text__container \" data-track-category=\"Link no Texto\" data-track-links=\"\">Ao regredir da amarela para a vermelha, a regi\u00e3o de Presidente Prudente passar\u00e1 a enfrentar, no per\u00edodo de 15 a 28 de junho, a fase mais restritiva do plano de flexibiliza\u00e7\u00e3o.<\/p>\n<\/div>\n<div class=\"mc-column content-text active-extra-styles\" style=\"text-align: justify;\" data-block-type=\"raw\" data-block-weight=\"73\" data-block-id=\"14\">\n<ul class=\"content-unordered-list\">\n<li><a href=\"https:\/\/g1.globo.com\/sp\/presidente-prudente-regiao\/noticia\/2020\/05\/27\/veja-como-as-medidas-da-flexibilizacao-da-quarentena-anunciadas-pelo-governo-do-estado-afetam-a-regiao-de-presidente-prudente.ghtml\">Veja como as medidas da flexibiliza\u00e7\u00e3o da quarentena anunciadas pelo governo do Estado afetam a regi\u00e3o de Presidente Prudente<\/a><\/li>\n<li><a href=\"https:\/\/saopaulo.sp.gov.br\/guia-coronavirus\/assets\/images\/20200527_PlanoSP_Coletiva_vf2.pdf\" target=\"_blank\" rel=\"noopener noreferrer\">Clique aqui e confira na \u00edntegra o plano de retomada apresentado pelo governo do Estado de S\u00e3o Paulo<\/a><\/li>\n<li><a href=\"https:\/\/g1.globo.com\/sp\/presidente-prudente-regiao\/noticia\/2020\/06\/01\/apos-69-dias-presidente-prudente-inicia-flexibilizacao-da-quarentena-com-147-casos-confirmados-e-10-mortes-de-covid-19.ghtml\">Ap\u00f3s 69 dias, Presidente Prudente inicia flexibiliza\u00e7\u00e3o da quarentena com 147 casos confirmados e 10 mortes por Covid-19<\/a><\/li>\n<li><a href=\"https:\/\/g1.globo.com\/sp\/presidente-prudente-regiao\/noticia\/2020\/05\/29\/prefeitura-de-presidente-prudente-divulga-plano-de-retomada-das-atividades-economicas-na-cidade.ghtml\">Prefeitura de Presidente Prudente divulga plano de retomada das atividades econ\u00f4micas na cidade; veja o decreto na \u00edntegra<\/a><\/li>\n<\/ul>\n<\/div>\n<div class=\"content-ads content-ads--reveal\" style=\"text-align: justify;\" data-block-type=\"ads\" data-block-id=\"15\"><\/div>\n<div class=\"mc-column content-text active-extra-styles \" style=\"text-align: justify;\" data-block-type=\"unstyled\" data-block-weight=\"76\" data-block-id=\"16\">\n<p class=\"content-text__container \" data-track-category=\"Link no Texto\" data-track-links=\"\">Conforme a secret\u00e1ria estadual de Desenvolvimento Econ\u00f4mico, Patricia Ellen da Silva, as duas principais dimens\u00f5es para classificar as regi\u00f5es s\u00e3o a capacidade de leitos e do total de leitos de UTIs para a Covid-19 e a evolu\u00e7\u00e3o da epidemia, que leva em conta os n\u00fameros de casos, n\u00fameros de interna\u00e7\u00f5es de casos de Covid-19 e suspeitos e a varia\u00e7\u00e3o do n\u00famero de \u00f3bitos, todos com a varia\u00e7\u00e3o de sete dias em compara\u00e7\u00e3o a sete dias anteriores.<\/p>\n<\/div>\n<div class=\"mc-column content-text active-extra-styles \" style=\"text-align: justify;\" data-block-type=\"unstyled\" data-block-weight=\"35\" data-block-id=\"17\">\n<p class=\"content-text__container \" data-track-category=\"Link no Texto\" data-track-links=\"\">Sobre isso, a regi\u00e3o de Presidente Prudente foi citada novamente. &#8220;Na regi\u00e3o de Presidente Prudente, a varia\u00e7\u00e3o de interna\u00e7\u00f5es foi de 60%, e a de \u00f3bitos de 50% com rela\u00e7\u00e3o \u00e0 semana anterior&#8221;, disse Patricia.<\/p>\n<\/div>\n<div class=\"mc-column content-text active-extra-styles \" style=\"text-align: justify;\" data-block-type=\"unstyled\" data-block-weight=\"18\" data-block-id=\"18\">\n<p class=\"content-text__container \" data-track-category=\"Link no Texto\" data-track-links=\"\">Ao Departamento Regional de Sa\u00fade (DRS) de Presidente Prudente pertencem as seguintes cidades, que est\u00e3o na fase vermelha:<\/p>\n<\/div>\n<div class=\"mc-column content-text active-extra-styles\" style=\"text-align: justify;\" data-block-type=\"raw\" data-block-weight=\"75\" data-block-id=\"19\">\n<ul class=\"content-unordered-list\">\n<li>Alfredo Marcondes<\/li>\n<li>\u00c1lvares Machado<\/li>\n<li>Anhumas<\/li>\n<li>Caiabu<\/li>\n<li>Caiu\u00e1<\/li>\n<li>Dracena<\/li>\n<li>Emilian\u00f3polis<\/li>\n<li>Estrela do Norte<\/li>\n<li>Euclides da Cunha Paulista<\/li>\n<li>Flora Rica<\/li>\n<li>Iep\u00ea<\/li>\n<li>Indiana<\/li>\n<li>Irapuru<\/li>\n<li>Jo\u00e3o Ramalho<\/li>\n<li>Junqueir\u00f3polis<\/li>\n<li>Marab\u00e1 Paulista<\/li>\n<li>Martin\u00f3polis<\/li>\n<li>Mirante do Paranapanema<\/li>\n<li>Monte Castelo<\/li>\n<li>Nantes<\/li>\n<li>Narandiba<\/li>\n<li>Nova Guataporanga<\/li>\n<li>Ouro Verde<\/li>\n<li>Panorama<\/li>\n<li>Paulic\u00e9ia<\/li>\n<li>Piquerobi<\/li>\n<li>Pirapozinho<\/li>\n<li>Presidente Bernardes<\/li>\n<li>Presidente Epit\u00e1cio<\/li>\n<li>Presidente Prudente<\/li>\n<li>Presidente Venceslau<\/li>\n<li>Rancharia<\/li>\n<li>Regente Feij\u00f3<\/li>\n<li>Ribeir\u00e3o dos \u00cdndios<\/li>\n<li>Rosana<\/li>\n<li>Sandovalina<\/li>\n<li>Santa Mercedes<\/li>\n<li>Santo Anast\u00e1cio<\/li>\n<li>Santo Expedito<\/li>\n<li>S\u00e3o Jo\u00e3o do Pau D&#8217;alho<\/li>\n<li>Taciba<\/li>\n<li>Tarabai<\/li>\n<li>Teodoro Sampaio<\/li>\n<li>Tupi Paulista<\/li>\n<\/ul>\n<\/div>\n<div class=\"mc-column content-text active-extra-styles \" style=\"text-align: justify;\" data-block-type=\"unstyled\" data-block-weight=\"19\" data-block-id=\"20\">\n<p class=\"content-text__container \" data-track-category=\"Link no Texto\" data-track-links=\"\">J\u00e1 as cidades do Oeste Paulista que pertencem ao DRS de Mar\u00edlia, e que est\u00e3o na fase laranja, s\u00e3o:<\/p>\n<\/div>\n<div class=\"mc-column content-text active-extra-styles\" data-block-type=\"raw\" data-block-weight=\"15\" data-block-id=\"21\">\n<ul class=\"content-unordered-list\" style=\"text-align: justify;\">\n<li>Adamantina<\/li>\n<li>Fl\u00f3rida Paulista<\/li>\n<li>In\u00fabia Paulista<\/li>\n<li>Luc\u00e9lia<\/li>\n<li>Mari\u00e1polis<\/li>\n<li>Osvaldo cruz<\/li>\n<li>Pacaembu<\/li>\n<li>Parapu\u00e3<\/li>\n<li>Pracinha<\/li>\n<li>Rin\u00f3polis<\/li>\n<li>Sagres<\/li>\n<li>Salmour\u00e3o<\/li>\n<\/ul>\n<p style=\"text-align: justify;\">Fonte: G1<\/p>\n<\/div>\n<\/div>\n","protected":false},"excerpt":{"rendered":"<p>O governo do Estado de S\u00e3o Paulo anunciou na tarde desta quarta-feira (10) que a regi\u00e3o de\u00a0Presidente Prudente\u00a0retrocedeu para a fase vermelha, no processo de flexibiliza\u00e7\u00e3o da quarentena em decorr\u00eancia da pandemia do coronav\u00edrus, e com isso n\u00e3o poder\u00e1 ter a abertura do com\u00e9rcio. A regi\u00e3o de Mar\u00edlia, que abrange munic\u00edpios da Nova Alta Paulista, [&hellip;]<\/p>\n","protected":false},"author":1,"featured_media":28045,"comment_status":"closed","ping_status":"open","sticky":false,"template":"","format":"standard","meta":{"footnotes":""},"categories":[110,116],"tags":[],"class_list":["post-28044","post","type-post","status-publish","format-standard","has-post-thumbnail","hentry","category-noticiasdestaque","category-politicaeeconomia"],"_links":{"self":[{"href":"https:\/\/jorgezanoni.com.br\/2019\/wp-json\/wp\/v2\/posts\/28044","targetHints":{"allow":["GET"]}}],"collection":[{"href":"https:\/\/jorgezanoni.com.br\/2019\/wp-json\/wp\/v2\/posts"}],"about":[{"href":"https:\/\/jorgezanoni.com.br\/2019\/wp-json\/wp\/v2\/types\/post"}],"author":[{"embeddable":true,"href":"https:\/\/jorgezanoni.com.br\/2019\/wp-json\/wp\/v2\/users\/1"}],"replies":[{"embeddable":true,"href":"https:\/\/jorgezanoni.com.br\/2019\/wp-json\/wp\/v2\/comments?post=28044"}],"version-history":[{"count":0,"href":"https:\/\/jorgezanoni.com.br\/2019\/wp-json\/wp\/v2\/posts\/28044\/revisions"}],"wp:featuredmedia":[{"embeddable":true,"href":"https:\/\/jorgezanoni.com.br\/2019\/wp-json\/wp\/v2\/media\/28045"}],"wp:attachment":[{"href":"https:\/\/jorgezanoni.com.br\/2019\/wp-json\/wp\/v2\/media?parent=28044"}],"wp:term":[{"taxonomy":"category","embeddable":true,"href":"https:\/\/jorgezanoni.com.br\/2019\/wp-json\/wp\/v2\/categories?post=28044"},{"taxonomy":"post_tag","embeddable":true,"href":"https:\/\/jorgezanoni.com.br\/2019\/wp-json\/wp\/v2\/tags?post=28044"}],"curies":[{"name":"wp","href":"https:\/\/api.w.org\/{rel}","templated":true}]}}