{"id":27960,"date":"2020-06-09T23:43:09","date_gmt":"2020-06-09T23:43:09","guid":{"rendered":"https:\/\/jorgezanoni.com.br\/2019\/?p=27960"},"modified":"2020-06-09T23:43:09","modified_gmt":"2020-06-09T23:43:09","slug":"fiscais-da-prefeitura-de-flora-rica-saem-as-ruas-para-orientar-populacao-sobre-a-covid-19","status":"publish","type":"post","link":"https:\/\/jorgezanoni.com.br\/2019\/fiscais-da-prefeitura-de-flora-rica-saem-as-ruas-para-orientar-populacao-sobre-a-covid-19\/","title":{"rendered":"Fiscais da Prefeitura de Flora Rica saem \u00e0s ruas para orientar popula\u00e7\u00e3o sobre a COVID-19"},"content":{"rendered":"<p style=\"text-align: justify;\">Fiscais j\u00e1 est\u00e3o nas ruas orientando a popula\u00e7\u00e3o sobre as medidas protetivas para o combate ao Covid-19<\/p>\n<p style=\"text-align: justify;\">Mais uma a\u00e7\u00e3o preventiva em combate ao Covid-19 est\u00e1 sendo realizada no munic\u00edpio.<\/p>\n<p style=\"text-align: justify;\">Al\u00e9m do decreto limitando as atividades p\u00fablicas e comerciais, inclusive, exigindo o uso de m\u00e1scara nas ruas de Flora Rica, o controle destas medidas tamb\u00e9m vem sendo supervisionado por fiscais.<\/p>\n<p style=\"text-align: justify;\">Os fiscais do Covid-19 iniciaram suas atividades nesta segunda, 08 de junho, refor\u00e7ando as orienta\u00e7\u00f5es \u00e0 popula\u00e7\u00e3o sobre a higieniza\u00e7\u00e3o das m\u00e3os, o uso de m\u00e1scara, inclusive, a quantidade permitida de clientes durante o atendimento de cada estabelecimento, a fim de evitar aglomera\u00e7\u00f5es.<\/p>\n<p style=\"text-align: justify;\">Durante a abordagem, os fiscais Carlos Eduardo, Patr\u00edcia, Ricardo e Dirce destacam a import\u00e2ncia de cada florarriquense respeitar as medidas protetivas determinadas pelo executivo, visto que sem a colabora\u00e7\u00e3o da popula\u00e7\u00e3o, todas as a\u00e7\u00f5es se tornam ineficazes.<\/p>\n<p style=\"text-align: justify;\">Ainda de acordo com os fiscais, quem estiver nas ruas sem a m\u00e1scara ser\u00e1 orientando a ir at\u00e9 o CRAS (Centro de Refer\u00eancia e Assist\u00eancia Social) retirar sua unidade, a fim de continuar seu trajeto de forma segura, preventiva e de acordo com as determina\u00e7\u00f5es municipais.<\/p>\n<p style=\"text-align: justify;\">E vale lembrar: \u201cO combate ao Covid-19 depende de atitudes individuais para o bem coletivo!\u201d<\/p>\n<p><img loading=\"lazy\" decoding=\"async\" class=\"alignnone size-full wp-image-27962\" src=\"https:\/\/jorgezanoni.com.br\/2019\/wp-content\/uploads\/2020\/06\/flora1.jpg\" alt=\"\" width=\"960\" height=\"785\" srcset=\"https:\/\/jorgezanoni.com.br\/2019\/wp-content\/uploads\/2020\/06\/flora1.jpg 960w, https:\/\/jorgezanoni.com.br\/2019\/wp-content\/uploads\/2020\/06\/flora1-300x245.jpg 300w, https:\/\/jorgezanoni.com.br\/2019\/wp-content\/uploads\/2020\/06\/flora1-768x628.jpg 768w, https:\/\/jorgezanoni.com.br\/2019\/wp-content\/uploads\/2020\/06\/flora1-696x569.jpg 696w, https:\/\/jorgezanoni.com.br\/2019\/wp-content\/uploads\/2020\/06\/flora1-514x420.jpg 514w\" sizes=\"auto, (max-width: 960px) 100vw, 960px\" \/> <img loading=\"lazy\" decoding=\"async\" class=\"alignnone size-full wp-image-27963\" src=\"https:\/\/jorgezanoni.com.br\/2019\/wp-content\/uploads\/2020\/06\/flora2.jpg\" alt=\"\" width=\"960\" height=\"640\" srcset=\"https:\/\/jorgezanoni.com.br\/2019\/wp-content\/uploads\/2020\/06\/flora2.jpg 960w, https:\/\/jorgezanoni.com.br\/2019\/wp-content\/uploads\/2020\/06\/flora2-300x200.jpg 300w, https:\/\/jorgezanoni.com.br\/2019\/wp-content\/uploads\/2020\/06\/flora2-768x512.jpg 768w, https:\/\/jorgezanoni.com.br\/2019\/wp-content\/uploads\/2020\/06\/flora2-696x464.jpg 696w, https:\/\/jorgezanoni.com.br\/2019\/wp-content\/uploads\/2020\/06\/flora2-630x420.jpg 630w\" sizes=\"auto, (max-width: 960px) 100vw, 960px\" \/> <img loading=\"lazy\" decoding=\"async\" class=\"alignnone size-full wp-image-27964\" src=\"https:\/\/jorgezanoni.com.br\/2019\/wp-content\/uploads\/2020\/06\/flora3.jpg\" alt=\"\" width=\"960\" height=\"640\" srcset=\"https:\/\/jorgezanoni.com.br\/2019\/wp-content\/uploads\/2020\/06\/flora3.jpg 960w, https:\/\/jorgezanoni.com.br\/2019\/wp-content\/uploads\/2020\/06\/flora3-300x200.jpg 300w, https:\/\/jorgezanoni.com.br\/2019\/wp-content\/uploads\/2020\/06\/flora3-768x512.jpg 768w, https:\/\/jorgezanoni.com.br\/2019\/wp-content\/uploads\/2020\/06\/flora3-696x464.jpg 696w, https:\/\/jorgezanoni.com.br\/2019\/wp-content\/uploads\/2020\/06\/flora3-630x420.jpg 630w\" sizes=\"auto, (max-width: 960px) 100vw, 960px\" \/><\/p>\n<p style=\"text-align: justify;\">Fonte: Prefeitura Flora Rica<\/p>\n","protected":false},"excerpt":{"rendered":"<p>Fiscais j\u00e1 est\u00e3o nas ruas orientando a popula\u00e7\u00e3o sobre as medidas protetivas para o combate ao Covid-19 Mais uma a\u00e7\u00e3o preventiva em combate ao Covid-19 est\u00e1 sendo realizada no munic\u00edpio. Al\u00e9m do decreto limitando as atividades p\u00fablicas e comerciais, inclusive, exigindo o uso de m\u00e1scara nas ruas de Flora Rica, o controle destas medidas tamb\u00e9m [&hellip;]<\/p>\n","protected":false},"author":1,"featured_media":27961,"comment_status":"closed","ping_status":"open","sticky":false,"template":"","format":"standard","meta":{"footnotes":""},"categories":[179,193,110],"tags":[],"class_list":["post-27960","post","type-post","status-publish","format-standard","has-post-thumbnail","hentry","category-cidadeseregiao","category-florarica","category-noticiasdestaque"],"_links":{"self":[{"href":"https:\/\/jorgezanoni.com.br\/2019\/wp-json\/wp\/v2\/posts\/27960","targetHints":{"allow":["GET"]}}],"collection":[{"href":"https:\/\/jorgezanoni.com.br\/2019\/wp-json\/wp\/v2\/posts"}],"about":[{"href":"https:\/\/jorgezanoni.com.br\/2019\/wp-json\/wp\/v2\/types\/post"}],"author":[{"embeddable":true,"href":"https:\/\/jorgezanoni.com.br\/2019\/wp-json\/wp\/v2\/users\/1"}],"replies":[{"embeddable":true,"href":"https:\/\/jorgezanoni.com.br\/2019\/wp-json\/wp\/v2\/comments?post=27960"}],"version-history":[{"count":0,"href":"https:\/\/jorgezanoni.com.br\/2019\/wp-json\/wp\/v2\/posts\/27960\/revisions"}],"wp:featuredmedia":[{"embeddable":true,"href":"https:\/\/jorgezanoni.com.br\/2019\/wp-json\/wp\/v2\/media\/27961"}],"wp:attachment":[{"href":"https:\/\/jorgezanoni.com.br\/2019\/wp-json\/wp\/v2\/media?parent=27960"}],"wp:term":[{"taxonomy":"category","embeddable":true,"href":"https:\/\/jorgezanoni.com.br\/2019\/wp-json\/wp\/v2\/categories?post=27960"},{"taxonomy":"post_tag","embeddable":true,"href":"https:\/\/jorgezanoni.com.br\/2019\/wp-json\/wp\/v2\/tags?post=27960"}],"curies":[{"name":"wp","href":"https:\/\/api.w.org\/{rel}","templated":true}]}}