{"id":27947,"date":"2020-06-09T15:00:52","date_gmt":"2020-06-09T15:00:52","guid":{"rendered":"https:\/\/jorgezanoni.com.br\/2019\/?p=27947"},"modified":"2020-06-09T15:00:52","modified_gmt":"2020-06-09T15:00:52","slug":"prefeitura-de-osvaldo-cruz-autoriza-funcionamento-do-comercio-no-feriado-de-corpus-christi","status":"publish","type":"post","link":"https:\/\/jorgezanoni.com.br\/2019\/prefeitura-de-osvaldo-cruz-autoriza-funcionamento-do-comercio-no-feriado-de-corpus-christi\/","title":{"rendered":"Prefeitura de Osvaldo Cruz autoriza funcionamento do com\u00e9rcio no feriado de Corpus Christi"},"content":{"rendered":"<h2><strong>Na quinta ser\u00e1 das 9h \u00e0s 13h e na sexta-feira das 13h \u00e0s 17h.<\/strong><\/h2>\n<p style=\"text-align: justify;\">O dia de Corpus Christi \u00e9 celebrado nesta quinta-feira (11) pelos cat\u00f3licos. A data religiosa tem o objetivo de celebrar o mist\u00e9rio da eucaristia, o sacramento do corpo e do sangue de Jesus Cristo, em alus\u00e3o \u00e0 Quinta-feira Santa, quando Jesus instituiu o sacramento da Eucaristia.<\/p>\n<p style=\"text-align: justify;\">Em Osvaldo Cruz, \u00e9 considerado feriado. Contudo, por meio do decreto n\u00ba 4.479\/2020, o Prefeito Edmar Mazucato atendendo \u00e0 solicita\u00e7\u00e3o da pr\u00f3pria Associa\u00e7\u00e3o Comercial e Empresarial de Osvaldo Cruz, autorizou as lojas do com\u00e9rcio em geral a funcionar na quinta-feira (11), das 9h \u00e0s 13h.<\/p>\n<p style=\"text-align: justify;\">J\u00e1 por meio do decreto 4.480\/2020, a Prefeitura decretou ponto facultativo nas reparti\u00e7\u00f5es p\u00fablicas na sexta-feira (12). No entanto, os servi\u00e7os essenciais indispens\u00e1veis \u00e0 popula\u00e7\u00e3o dever\u00e3o funcionar.<\/p>\n<p style=\"text-align: justify;\">Desta forma, o expediente em geral dos setores municipais permanecer\u00e1 em funcionamento at\u00e9 esta quarta-feira, 10 e depois reabrir\u00e3o somente na segunda-feira, 15.<\/p>\n<p style=\"text-align: justify;\">A coleta de lixo comum ser\u00e1 normal mesmo com o ponto facultativo.<\/p>\n<p style=\"text-align: justify;\">J\u00e1 a coleta seletiva n\u00e3o ocorrer\u00e1 na quinta-feira, 11, sendo coletados materiais recicl\u00e1veis na sexta-feira, 12, em dois setores: acima linha f\u00e9rrea que compreende do Distrito Industrial at\u00e9 o Jardim Acapulco.<\/p>\n<p style=\"text-align: justify;\">A Secretaria Municipal de Sa\u00fade manter\u00e1 atendimento em plant\u00e3o de telefone para orienta\u00e7\u00f5es a respeito da Covid-19 no hor\u00e1rio das 7h \u00e0s 19h pelo (18) 99701-1224.<\/p>\n<p style=\"text-align: justify;\">Ao ligar, o cidad\u00e3o vai conversar com um enfermeiro e tirar d\u00favidas ou ser encaminhado ao melhor atendimento m\u00e9dico naquele momento.<\/p>\n<p style=\"text-align: justify;\">O com\u00e9rcio em geral est\u00e1 autorizado a trabalhar tanto na quinta quanto na sexta-feira (11) e (12). Na quinta ser\u00e1 das 9h \u00e0s 13h e na sexta-feira das 13h \u00e0s 17h.<\/p>\n<p style=\"text-align: justify;\">Fonte: ocnews.com.br<\/p>\n","protected":false},"excerpt":{"rendered":"<p>Na quinta ser\u00e1 das 9h \u00e0s 13h e na sexta-feira das 13h \u00e0s 17h. O dia de Corpus Christi \u00e9 celebrado nesta quinta-feira (11) pelos cat\u00f3licos. A data religiosa tem o objetivo de celebrar o mist\u00e9rio da eucaristia, o sacramento do corpo e do sangue de Jesus Cristo, em alus\u00e3o \u00e0 Quinta-feira Santa, quando Jesus [&hellip;]<\/p>\n","protected":false},"author":1,"featured_media":27949,"comment_status":"closed","ping_status":"open","sticky":false,"template":"","format":"standard","meta":{"footnotes":""},"categories":[114,110],"tags":[],"class_list":["post-27947","post","type-post","status-publish","format-standard","has-post-thumbnail","hentry","category-geralecomercio","category-noticiasdestaque"],"_links":{"self":[{"href":"https:\/\/jorgezanoni.com.br\/2019\/wp-json\/wp\/v2\/posts\/27947","targetHints":{"allow":["GET"]}}],"collection":[{"href":"https:\/\/jorgezanoni.com.br\/2019\/wp-json\/wp\/v2\/posts"}],"about":[{"href":"https:\/\/jorgezanoni.com.br\/2019\/wp-json\/wp\/v2\/types\/post"}],"author":[{"embeddable":true,"href":"https:\/\/jorgezanoni.com.br\/2019\/wp-json\/wp\/v2\/users\/1"}],"replies":[{"embeddable":true,"href":"https:\/\/jorgezanoni.com.br\/2019\/wp-json\/wp\/v2\/comments?post=27947"}],"version-history":[{"count":0,"href":"https:\/\/jorgezanoni.com.br\/2019\/wp-json\/wp\/v2\/posts\/27947\/revisions"}],"wp:featuredmedia":[{"embeddable":true,"href":"https:\/\/jorgezanoni.com.br\/2019\/wp-json\/wp\/v2\/media\/27949"}],"wp:attachment":[{"href":"https:\/\/jorgezanoni.com.br\/2019\/wp-json\/wp\/v2\/media?parent=27947"}],"wp:term":[{"taxonomy":"category","embeddable":true,"href":"https:\/\/jorgezanoni.com.br\/2019\/wp-json\/wp\/v2\/categories?post=27947"},{"taxonomy":"post_tag","embeddable":true,"href":"https:\/\/jorgezanoni.com.br\/2019\/wp-json\/wp\/v2\/tags?post=27947"}],"curies":[{"name":"wp","href":"https:\/\/api.w.org\/{rel}","templated":true}]}}