{"id":27932,"date":"2020-06-09T13:08:05","date_gmt":"2020-06-09T13:08:05","guid":{"rendered":"https:\/\/jorgezanoni.com.br\/2019\/?p=27932"},"modified":"2020-06-09T13:08:05","modified_gmt":"2020-06-09T13:08:05","slug":"motorista-fica-ferido-em-acidente-com-caminhao-na-sp-294-em-florida-paulista","status":"publish","type":"post","link":"https:\/\/jorgezanoni.com.br\/2019\/motorista-fica-ferido-em-acidente-com-caminhao-na-sp-294-em-florida-paulista\/","title":{"rendered":"Motorista fica ferido em acidente com caminh\u00e3o na SP-294 em Fl\u00f3rida Paulista"},"content":{"rendered":"<p>Um caminh\u00e3o com ba\u00fa refrigerado tombou na Rodovia Comandante Jo\u00e3o Ribeiro de Barros \u2013 (SP-294) entre Fl\u00f3rida Paulista e Adamantina.<\/p>\n<p style=\"text-align: justify;\">O acidente ocorreu no km 601, pr\u00f3ximo da Fazenda Jacutinga por volta das 15h40 desta segunda-feira (8).<\/p>\n<p style=\"text-align: justify;\">Segundo a Pol\u00edcia Militar Rodovi\u00e1ria \u2013 Base Operacional de Adamantina que atendeu a ocorr\u00eancia, apenas o motorista estava no ve\u00edculo com placas de Ribeir\u00e3o Preto.<\/p>\n<p style=\"text-align: justify;\">Ele sofreu ferimentos leves e foi socorrido e encaminhado para o Pronto Socorro de Adamantina.<\/p>\n<p style=\"text-align: justify;\">As causas do acidente ser\u00e3o apuradas.<\/p>\n<p style=\"text-align: justify;\">Fonte: Folha Regional<\/p>\n","protected":false},"excerpt":{"rendered":"<p>Um caminh\u00e3o com ba\u00fa refrigerado tombou na Rodovia Comandante Jo\u00e3o Ribeiro de Barros \u2013 (SP-294) entre Fl\u00f3rida Paulista e Adamantina. O acidente ocorreu no km 601, pr\u00f3ximo da Fazenda Jacutinga por volta das 15h40 desta segunda-feira (8). Segundo a Pol\u00edcia Militar Rodovi\u00e1ria \u2013 Base Operacional de Adamantina que atendeu a ocorr\u00eancia, apenas o motorista estava [&hellip;]<\/p>\n","protected":false},"author":1,"featured_media":27933,"comment_status":"closed","ping_status":"open","sticky":false,"template":"","format":"standard","meta":{"footnotes":""},"categories":[170,110],"tags":[],"class_list":["post-27932","post","type-post","status-publish","format-standard","has-post-thumbnail","hentry","category-acidentes","category-noticiasdestaque"],"_links":{"self":[{"href":"https:\/\/jorgezanoni.com.br\/2019\/wp-json\/wp\/v2\/posts\/27932","targetHints":{"allow":["GET"]}}],"collection":[{"href":"https:\/\/jorgezanoni.com.br\/2019\/wp-json\/wp\/v2\/posts"}],"about":[{"href":"https:\/\/jorgezanoni.com.br\/2019\/wp-json\/wp\/v2\/types\/post"}],"author":[{"embeddable":true,"href":"https:\/\/jorgezanoni.com.br\/2019\/wp-json\/wp\/v2\/users\/1"}],"replies":[{"embeddable":true,"href":"https:\/\/jorgezanoni.com.br\/2019\/wp-json\/wp\/v2\/comments?post=27932"}],"version-history":[{"count":0,"href":"https:\/\/jorgezanoni.com.br\/2019\/wp-json\/wp\/v2\/posts\/27932\/revisions"}],"wp:featuredmedia":[{"embeddable":true,"href":"https:\/\/jorgezanoni.com.br\/2019\/wp-json\/wp\/v2\/media\/27933"}],"wp:attachment":[{"href":"https:\/\/jorgezanoni.com.br\/2019\/wp-json\/wp\/v2\/media?parent=27932"}],"wp:term":[{"taxonomy":"category","embeddable":true,"href":"https:\/\/jorgezanoni.com.br\/2019\/wp-json\/wp\/v2\/categories?post=27932"},{"taxonomy":"post_tag","embeddable":true,"href":"https:\/\/jorgezanoni.com.br\/2019\/wp-json\/wp\/v2\/tags?post=27932"}],"curies":[{"name":"wp","href":"https:\/\/api.w.org\/{rel}","templated":true}]}}