{"id":27905,"date":"2020-06-09T00:00:59","date_gmt":"2020-06-09T00:00:59","guid":{"rendered":"https:\/\/jorgezanoni.com.br\/2019\/?p=27905"},"modified":"2020-06-09T00:00:59","modified_gmt":"2020-06-09T00:00:59","slug":"presidente-prudente-registra-primeiro-caso-de-2020-de-leishmaniose-visceral-em-humano","status":"publish","type":"post","link":"https:\/\/jorgezanoni.com.br\/2019\/presidente-prudente-registra-primeiro-caso-de-2020-de-leishmaniose-visceral-em-humano\/","title":{"rendered":"Presidente Prudente registra primeiro caso de 2020 de leishmaniose visceral em humano"},"content":{"rendered":"<h2 class=\"content-head__subtitle\" style=\"text-align: justify;\"><strong>Doen\u00e7a foi registrada em um idoso, de 63 anos, morador do Parque dos Girass\u00f3is. VEM come\u00e7a nesta segunda-feira (8) o manejo ambiental pelo bairro.<\/strong><\/h2>\n<div class=\"mc-column content-text active-extra-styles \" data-block-type=\"unstyled\" data-block-weight=\"44\" data-block-id=\"2\">\n<p class=\"content-text__container \" style=\"text-align: justify;\" data-track-category=\"Link no Texto\" data-track-links=\"\">A Prefeitura de<a href=\"http:\/\/g1.globo.com\/sp\/presidente-prudente-regiao\/cidade\/presidente-prudente.html\">\u00a0Presidente Prudente<\/a>, por meio da Vigil\u00e2ncia Epidemiol\u00f3gica Municipal (VEM), confirmou nesta segunda-feira (8) o primeiro caso deste ano de leishmaniose visceral americana em humano na cidade. A doen\u00e7a foi registrada em um idoso, de 63 anos, morador do Parque dos Girass\u00f3is.<\/p>\n<\/div>\n<div class=\"wall protected-content\">\n<div class=\"mc-column content-text active-extra-styles \" style=\"text-align: justify;\" data-block-type=\"unstyled\" data-block-weight=\"18\" data-block-id=\"3\">\n<p class=\"content-text__container \" data-track-category=\"Link no Texto\" data-track-links=\"\">Com a confirma\u00e7\u00e3o aut\u00f3ctone, ou seja, contra\u00edda em Prudente, a VEM come\u00e7ou nesta segunda-feira o manejo ambiental.<\/p>\n<\/div>\n<div class=\"mc-column content-text active-extra-styles \" style=\"text-align: justify;\" data-block-type=\"unstyled\" data-block-weight=\"42\" data-block-id=\"4\">\n<p class=\"content-text__container \" data-track-category=\"Link no Texto\" data-track-links=\"\"><a href=\"https:\/\/www.google.com\/url?q=https:\/\/g1.globo.com\/sp\/presidente-prudente-regiao\/noticia\/2020\/02\/26\/presidente-prudente-confirma-caso-humano-reincidente-de-leishmaniose-em-idosa-de-64-anos.ghtml&amp;sa=D&amp;source=hangouts&amp;ust=1591713601071000&amp;usg=AFQjCNHEzvVEeU8YaJ2j8IWOIg3VawDeCA\" target=\"_blank\" rel=\"noopener noreferrer\">Em fevereiro foi divulgado um caso<\/a>, mas a Prefeitura esclareceu que n\u00e3o entrou nos registros do munic\u00edpio, pois era reincidente (aquela paciente j\u00e1 teve cinco vezes a doen\u00e7a). &#8220;O primeiro caso novo de 2020 \u00e9 esse que divulgamos nesta segunda-feira&#8221;, declarou.<\/p>\n<\/div>\n<div class=\"mc-column content-text active-extra-styles \" style=\"text-align: justify;\" data-block-type=\"unstyled\" data-block-weight=\"52\" data-block-id=\"5\">\n<p class=\"content-text__container \" data-track-category=\"Link no Texto\" data-track-links=\"\">Neste primeiro momento, em um per\u00edmetro de 17 quadras da resid\u00eancia em que o caso foi catalogado, os agentes orientar\u00e3o os moradores para que efetuem a retirada de todo material em decomposi\u00e7\u00e3o, como galhos, folhas e outras mat\u00e9rias org\u00e2nicas em decomposi\u00e7\u00e3o que possam contribuir para prolifera\u00e7\u00e3o do mosquito palha, transmissor da doen\u00e7a.<\/p>\n<\/div>\n<div class=\"mc-column content-text active-extra-styles \" style=\"text-align: justify;\" data-block-type=\"unstyled\" data-block-weight=\"27\" data-block-id=\"6\">\n<p class=\"content-text__container \" data-track-category=\"Link no Texto\" data-track-links=\"\">Ainda durante o trabalho, ser\u00e1 combinada uma data para que o morador deposite o material na cal\u00e7ada, devidamente ensacado, para que a VEM promova o recolhimento.<\/p>\n<\/div>\n<div class=\"mc-column content-text active-extra-styles \" style=\"text-align: justify;\" data-block-type=\"unstyled\" data-block-weight=\"35\" data-block-id=\"7\">\n<p class=\"content-text__container \" data-track-category=\"Link no Texto\" data-track-links=\"\">Posteriormente \u00e0 realiza\u00e7\u00e3o do manejo ambiental, dever\u00e1 ser promovida a borrifa\u00e7\u00e3o, cujo trabalho \u00e9 agendado previamente, uma vez que \u00e9 necess\u00e1rio adentrar ao im\u00f3vel para borrifar o inseticida na parte interna e externa da resid\u00eancia.<\/p>\n<\/div>\n<div class=\"mc-column content-text active-extra-styles \" data-block-type=\"unstyled\" data-block-weight=\"41\" data-block-id=\"9\">\n<p class=\"content-text__container \" style=\"text-align: justify;\" data-track-category=\"Link no Texto\" data-track-links=\"\">J\u00e1 ao Centro de Controle de Zoonoses (CCZ) caber\u00e1 o inqu\u00e9rito sorol\u00f3gico, que consiste na coleta de sangue de todos os animais que residem na casa em que houve a confirma\u00e7\u00e3o no humano para verificar se eles tamb\u00e9m t\u00eam a doen\u00e7a.<\/p>\n<p style=\"text-align: justify;\" data-track-category=\"Link no Texto\" data-track-links=\"\">Fonte: G1<\/p>\n<\/div>\n<\/div>\n","protected":false},"excerpt":{"rendered":"<p>Doen\u00e7a foi registrada em um idoso, de 63 anos, morador do Parque dos Girass\u00f3is. VEM come\u00e7a nesta segunda-feira (8) o manejo ambiental pelo bairro. A Prefeitura de\u00a0Presidente Prudente, por meio da Vigil\u00e2ncia Epidemiol\u00f3gica Municipal (VEM), confirmou nesta segunda-feira (8) o primeiro caso deste ano de leishmaniose visceral americana em humano na cidade. A doen\u00e7a foi [&hellip;]<\/p>\n","protected":false},"author":1,"featured_media":27906,"comment_status":"closed","ping_status":"open","sticky":false,"template":"","format":"standard","meta":{"footnotes":""},"categories":[110,122],"tags":[],"class_list":["post-27905","post","type-post","status-publish","format-standard","has-post-thumbnail","hentry","category-noticiasdestaque","category-saudeeducacaoeconcurso"],"_links":{"self":[{"href":"https:\/\/jorgezanoni.com.br\/2019\/wp-json\/wp\/v2\/posts\/27905","targetHints":{"allow":["GET"]}}],"collection":[{"href":"https:\/\/jorgezanoni.com.br\/2019\/wp-json\/wp\/v2\/posts"}],"about":[{"href":"https:\/\/jorgezanoni.com.br\/2019\/wp-json\/wp\/v2\/types\/post"}],"author":[{"embeddable":true,"href":"https:\/\/jorgezanoni.com.br\/2019\/wp-json\/wp\/v2\/users\/1"}],"replies":[{"embeddable":true,"href":"https:\/\/jorgezanoni.com.br\/2019\/wp-json\/wp\/v2\/comments?post=27905"}],"version-history":[{"count":0,"href":"https:\/\/jorgezanoni.com.br\/2019\/wp-json\/wp\/v2\/posts\/27905\/revisions"}],"wp:featuredmedia":[{"embeddable":true,"href":"https:\/\/jorgezanoni.com.br\/2019\/wp-json\/wp\/v2\/media\/27906"}],"wp:attachment":[{"href":"https:\/\/jorgezanoni.com.br\/2019\/wp-json\/wp\/v2\/media?parent=27905"}],"wp:term":[{"taxonomy":"category","embeddable":true,"href":"https:\/\/jorgezanoni.com.br\/2019\/wp-json\/wp\/v2\/categories?post=27905"},{"taxonomy":"post_tag","embeddable":true,"href":"https:\/\/jorgezanoni.com.br\/2019\/wp-json\/wp\/v2\/tags?post=27905"}],"curies":[{"name":"wp","href":"https:\/\/api.w.org\/{rel}","templated":true}]}}