{"id":27878,"date":"2020-06-08T20:33:59","date_gmt":"2020-06-08T20:33:59","guid":{"rendered":"https:\/\/jorgezanoni.com.br\/2019\/?p=27878"},"modified":"2020-06-08T20:33:59","modified_gmt":"2020-06-08T20:33:59","slug":"terceira-tentativa-de-incendio-em-mercado-na-madrugada-pode-estar-ligado-aos-veiculos-queimados","status":"publish","type":"post","link":"https:\/\/jorgezanoni.com.br\/2019\/terceira-tentativa-de-incendio-em-mercado-na-madrugada-pode-estar-ligado-aos-veiculos-queimados\/","title":{"rendered":"Terceira tentativa de inc\u00eandio em Mercado na madrugada pode estar ligado aos ve\u00edculos queimados"},"content":{"rendered":"<p style=\"text-align: justify;\"><strong>Ser\u00e1 que temos um incendi\u00e1rio em Dracena? Foram tr\u00eas casos registrados durante a madrugada. O Site JZ noticiou na manh\u00e3 de hoje que dois ve\u00edculos foram incendiados praticamente no mesmo hor\u00e1rio.<\/strong><\/p>\n<p style=\"text-align: justify;\">Um terceiro caso pode ter liga\u00e7\u00e3o com os dois primeiros onde foram incendiados um ve\u00edculo Corsa na Alameda Ezigomar Cariola no Jardim Alvorada e outro na rua Falc\u00e3o Pelegrino no bairro Emilio Zanata.<\/p>\n<p style=\"text-align: justify;\">Dessa vez foi em um Mercado que est\u00e1 localizado no in\u00edcio das rua Assis Chateuabrind e da estrada vicinal Marcelo Lorenzetti que tamb\u00e9m serve boa parte de consumidores do Bairro Emilio Zanata, local da segunda ocorr\u00eancia.<\/p>\n<p style=\"text-align: justify;\">Nesse terceiro casa as c\u00e2meras de seguran\u00e7a do estabelecimento registraram que um indiv\u00edduo chegou no local as 02:22 Horas da madrugada, mais ou menos nos mesmos hor\u00e1rios dos outros dois inc\u00eandios.<\/p>\n<p style=\"text-align: justify;\">Nesse caso ele tentou quebrar uma das c\u00e2meras, por\u00e9m a outra registrou a a\u00e7\u00e3o. O meliante colocou fogo em um lat\u00e3o de lixo que poderia ter provocado inc\u00eandio de grandes propor\u00e7\u00f5es.<\/p>\n<p style=\"text-align: justify;\">Uma pessoa amiga do propriet\u00e1rio do Mercado que passou pelo local e viu o fogo, conseguiu apagar as chamas.<\/p>\n<p style=\"text-align: justify;\">A Pol\u00edcia Civil de posse das imagens est\u00e1 investigando e poder\u00e1 dentro de algumas horas chegar ao autor dos tres casos, se houver liga\u00e7\u00e3o.<\/p>\n<div style=\"width: 696px;\" class=\"wp-video\"><video class=\"wp-video-shortcode\" id=\"video-27878-1\" width=\"696\" height=\"394\" preload=\"metadata\" controls=\"controls\"><source type=\"video\/mp4\" src=\"https:\/\/jorgezanoni.com.br\/2019\/wp-content\/uploads\/2020\/06\/WhatsApp-Video-2020-06-08-at-14.14.57.mp4?_=1\" \/><a href=\"https:\/\/jorgezanoni.com.br\/2019\/wp-content\/uploads\/2020\/06\/WhatsApp-Video-2020-06-08-at-14.14.57.mp4\">https:\/\/jorgezanoni.com.br\/2019\/wp-content\/uploads\/2020\/06\/WhatsApp-Video-2020-06-08-at-14.14.57.mp4<\/a><\/video><\/div>\n<p style=\"text-align: justify;\">Jorge Zanoni<\/p>\n<div style=\"width: 696px;\" class=\"wp-video\"><video class=\"wp-video-shortcode\" id=\"video-27878-2\" width=\"696\" height=\"394\" preload=\"metadata\" controls=\"controls\"><source type=\"video\/mp4\" src=\"https:\/\/jorgezanoni.com.br\/2019\/wp-content\/uploads\/2020\/06\/WhatsApp-Video-2020-06-08-at-14.15.00.mp4?_=2\" \/><a href=\"https:\/\/jorgezanoni.com.br\/2019\/wp-content\/uploads\/2020\/06\/WhatsApp-Video-2020-06-08-at-14.15.00.mp4\">https:\/\/jorgezanoni.com.br\/2019\/wp-content\/uploads\/2020\/06\/WhatsApp-Video-2020-06-08-at-14.15.00.mp4<\/a><\/video><\/div>\n<div style=\"width: 696px;\" class=\"wp-video\"><video class=\"wp-video-shortcode\" id=\"video-27878-3\" width=\"696\" height=\"394\" preload=\"metadata\" controls=\"controls\"><source type=\"video\/mp4\" src=\"https:\/\/jorgezanoni.com.br\/2019\/wp-content\/uploads\/2020\/06\/WhatsApp-Video-2020-06-08-at-14.15.00-1.mp4?_=3\" \/><a href=\"https:\/\/jorgezanoni.com.br\/2019\/wp-content\/uploads\/2020\/06\/WhatsApp-Video-2020-06-08-at-14.15.00-1.mp4\">https:\/\/jorgezanoni.com.br\/2019\/wp-content\/uploads\/2020\/06\/WhatsApp-Video-2020-06-08-at-14.15.00-1.mp4<\/a><\/video><\/div>\n<p><img loading=\"lazy\" decoding=\"async\" class=\"alignnone size-full wp-image-27883\" src=\"https:\/\/jorgezanoni.com.br\/2019\/wp-content\/uploads\/2020\/06\/IMG_3922.jpg\" alt=\"\" width=\"800\" height=\"1066\" srcset=\"https:\/\/jorgezanoni.com.br\/2019\/wp-content\/uploads\/2020\/06\/IMG_3922.jpg 800w, https:\/\/jorgezanoni.com.br\/2019\/wp-content\/uploads\/2020\/06\/IMG_3922-225x300.jpg 225w, https:\/\/jorgezanoni.com.br\/2019\/wp-content\/uploads\/2020\/06\/IMG_3922-768x1023.jpg 768w, https:\/\/jorgezanoni.com.br\/2019\/wp-content\/uploads\/2020\/06\/IMG_3922-696x927.jpg 696w, https:\/\/jorgezanoni.com.br\/2019\/wp-content\/uploads\/2020\/06\/IMG_3922-315x420.jpg 315w\" sizes=\"auto, (max-width: 800px) 100vw, 800px\" \/> <img loading=\"lazy\" decoding=\"async\" class=\"alignnone size-full wp-image-27884\" src=\"https:\/\/jorgezanoni.com.br\/2019\/wp-content\/uploads\/2020\/06\/IMG_3923-2.jpg\" alt=\"\" width=\"389\" height=\"475\" srcset=\"https:\/\/jorgezanoni.com.br\/2019\/wp-content\/uploads\/2020\/06\/IMG_3923-2.jpg 389w, https:\/\/jorgezanoni.com.br\/2019\/wp-content\/uploads\/2020\/06\/IMG_3923-2-246x300.jpg 246w, https:\/\/jorgezanoni.com.br\/2019\/wp-content\/uploads\/2020\/06\/IMG_3923-2-344x420.jpg 344w\" sizes=\"auto, (max-width: 389px) 100vw, 389px\" \/><\/p>\n<p>Jorge Zanoni<\/p>\n","protected":false},"excerpt":{"rendered":"<p>Ser\u00e1 que temos um incendi\u00e1rio em Dracena? Foram tr\u00eas casos registrados durante a madrugada. O Site JZ noticiou na manh\u00e3 de hoje que dois ve\u00edculos foram incendiados praticamente no mesmo hor\u00e1rio. Um terceiro caso pode ter liga\u00e7\u00e3o com os dois primeiros onde foram incendiados um ve\u00edculo Corsa na Alameda Ezigomar Cariola no Jardim Alvorada e [&hellip;]<\/p>\n","protected":false},"author":1,"featured_media":27882,"comment_status":"closed","ping_status":"open","sticky":false,"template":"","format":"video","meta":{"footnotes":""},"categories":[110,2,169],"tags":[],"class_list":["post-27878","post","type-post","status-publish","format-video","has-post-thumbnail","hentry","category-noticiasdestaque","category-policial","category-videos","post_format-post-format-video"],"_links":{"self":[{"href":"https:\/\/jorgezanoni.com.br\/2019\/wp-json\/wp\/v2\/posts\/27878","targetHints":{"allow":["GET"]}}],"collection":[{"href":"https:\/\/jorgezanoni.com.br\/2019\/wp-json\/wp\/v2\/posts"}],"about":[{"href":"https:\/\/jorgezanoni.com.br\/2019\/wp-json\/wp\/v2\/types\/post"}],"author":[{"embeddable":true,"href":"https:\/\/jorgezanoni.com.br\/2019\/wp-json\/wp\/v2\/users\/1"}],"replies":[{"embeddable":true,"href":"https:\/\/jorgezanoni.com.br\/2019\/wp-json\/wp\/v2\/comments?post=27878"}],"version-history":[{"count":0,"href":"https:\/\/jorgezanoni.com.br\/2019\/wp-json\/wp\/v2\/posts\/27878\/revisions"}],"wp:featuredmedia":[{"embeddable":true,"href":"https:\/\/jorgezanoni.com.br\/2019\/wp-json\/wp\/v2\/media\/27882"}],"wp:attachment":[{"href":"https:\/\/jorgezanoni.com.br\/2019\/wp-json\/wp\/v2\/media?parent=27878"}],"wp:term":[{"taxonomy":"category","embeddable":true,"href":"https:\/\/jorgezanoni.com.br\/2019\/wp-json\/wp\/v2\/categories?post=27878"},{"taxonomy":"post_tag","embeddable":true,"href":"https:\/\/jorgezanoni.com.br\/2019\/wp-json\/wp\/v2\/tags?post=27878"}],"curies":[{"name":"wp","href":"https:\/\/api.w.org\/{rel}","templated":true}]}}