{"id":27875,"date":"2020-06-08T15:59:13","date_gmt":"2020-06-08T15:59:13","guid":{"rendered":"https:\/\/jorgezanoni.com.br\/2019\/?p=27875"},"modified":"2020-06-08T15:59:13","modified_gmt":"2020-06-08T15:59:13","slug":"homem-e-crianca-sao-socorridos-com-ferimentos-apos-grave-acidente-na-sp-294","status":"publish","type":"post","link":"https:\/\/jorgezanoni.com.br\/2019\/homem-e-crianca-sao-socorridos-com-ferimentos-apos-grave-acidente-na-sp-294\/","title":{"rendered":"Homem e crian\u00e7a s\u00e3o socorridos com ferimentos ap\u00f3s grave acidente na SP-294"},"content":{"rendered":"<p style=\"text-align: justify;\">Um homem de 54 anos e uma crian\u00e7a de aproximadamente cinco anos ficaram\u00a0 feridos em mais um acidente na noite deste s\u00e1bado em rodovias da nossa regi\u00e3o.<\/p>\n<p style=\"text-align: justify;\">Desta vez foi em Oriente e causado depois que o condutor de um dos ve\u00edculos passou mal. Pelo que a pol\u00edcia apurou, o condutor de um fusca, placas de Oriente, trafegava pela avenida marginal \u00e0 rodovia Comandante Jo\u00e3o Ribeiro de Barros e, por ser diab\u00e9tico, teria passado mal e perdeu o controle de dire\u00e7\u00e3o.<\/p>\n<p style=\"text-align: justify;\">Descontrolado, o ve\u00edculo acabou invadindo a rodovia, batendo de frente com um Golf, placas de Pompeia, ocupado por tr\u00eas pessoas.<\/p>\n<p style=\"text-align: justify;\">Com o violento impacto, o motorista do fusca acabou ficando preso nas ferragens O acidente mobilizou equipes de salvamento e resgate do Corpo de Bombeiros e tamb\u00e9m da concession\u00e1ria Eixo SP que assumiu esta semana a administra\u00e7\u00e3o da SP-294.<\/p>\n<p style=\"text-align: justify;\">O homem foi socorrido ao Hospital das Cl\u00ednicas enquanto que a crian\u00e7a foi atendida no hospital de Oriente.<\/p>\n<p style=\"text-align: justify;\">Fonte: visaonoticias.com<\/p>\n","protected":false},"excerpt":{"rendered":"<p>Um homem de 54 anos e uma crian\u00e7a de aproximadamente cinco anos ficaram\u00a0 feridos em mais um acidente na noite deste s\u00e1bado em rodovias da nossa regi\u00e3o. Desta vez foi em Oriente e causado depois que o condutor de um dos ve\u00edculos passou mal. Pelo que a pol\u00edcia apurou, o condutor de um fusca, placas [&hellip;]<\/p>\n","protected":false},"author":1,"featured_media":27876,"comment_status":"closed","ping_status":"open","sticky":false,"template":"","format":"standard","meta":{"footnotes":""},"categories":[170,110],"tags":[],"class_list":["post-27875","post","type-post","status-publish","format-standard","has-post-thumbnail","hentry","category-acidentes","category-noticiasdestaque"],"_links":{"self":[{"href":"https:\/\/jorgezanoni.com.br\/2019\/wp-json\/wp\/v2\/posts\/27875","targetHints":{"allow":["GET"]}}],"collection":[{"href":"https:\/\/jorgezanoni.com.br\/2019\/wp-json\/wp\/v2\/posts"}],"about":[{"href":"https:\/\/jorgezanoni.com.br\/2019\/wp-json\/wp\/v2\/types\/post"}],"author":[{"embeddable":true,"href":"https:\/\/jorgezanoni.com.br\/2019\/wp-json\/wp\/v2\/users\/1"}],"replies":[{"embeddable":true,"href":"https:\/\/jorgezanoni.com.br\/2019\/wp-json\/wp\/v2\/comments?post=27875"}],"version-history":[{"count":0,"href":"https:\/\/jorgezanoni.com.br\/2019\/wp-json\/wp\/v2\/posts\/27875\/revisions"}],"wp:featuredmedia":[{"embeddable":true,"href":"https:\/\/jorgezanoni.com.br\/2019\/wp-json\/wp\/v2\/media\/27876"}],"wp:attachment":[{"href":"https:\/\/jorgezanoni.com.br\/2019\/wp-json\/wp\/v2\/media?parent=27875"}],"wp:term":[{"taxonomy":"category","embeddable":true,"href":"https:\/\/jorgezanoni.com.br\/2019\/wp-json\/wp\/v2\/categories?post=27875"},{"taxonomy":"post_tag","embeddable":true,"href":"https:\/\/jorgezanoni.com.br\/2019\/wp-json\/wp\/v2\/tags?post=27875"}],"curies":[{"name":"wp","href":"https:\/\/api.w.org\/{rel}","templated":true}]}}