{"id":27792,"date":"2020-06-07T16:52:35","date_gmt":"2020-06-07T16:52:35","guid":{"rendered":"https:\/\/jorgezanoni.com.br\/2019\/?p=27792"},"modified":"2020-06-07T17:10:57","modified_gmt":"2020-06-07T17:10:57","slug":"idoso-e-encontrado-morto-em-valeta-proximo-a-lagoa-de-tratamento-seu-proprio-cachorro-que-ajudou-a-localizar","status":"publish","type":"post","link":"https:\/\/jorgezanoni.com.br\/2019\/idoso-e-encontrado-morto-em-valeta-proximo-a-lagoa-de-tratamento-seu-proprio-cachorro-que-ajudou-a-localizar\/","title":{"rendered":"Idoso \u00e9 encontrado morto em valeta pr\u00f3ximo a Lagoa de Tratamento, seu pr\u00f3prio Cachorro que ajudou a localizar"},"content":{"rendered":"<p style=\"text-align: justify;\"><strong>O morador do Jardim Brasil\u00e2ndia, sr. Dozico In\u00e1cio de 69 anos, foi localizado por populares por volta das 10:30 Horas deste domingo (7), sem vida. Amigos disseram que ele tinha defici\u00eancia visual.<\/strong><\/p>\n<p style=\"text-align: justify;\">Segundo informa\u00e7\u00f5es obtidas no local pela reportagem do Site JZ, In\u00e1cio saia diariamente com seu Cachorro para caminhar pelas imedia\u00e7\u00f5es e neste domingo como de costume saiu de casa por volta das 07:00 Horas.<\/p>\n<p style=\"text-align: justify;\">Vizinhos e amigos viram seu Cachorro chorando pr\u00f3ximo a antiga linha f\u00e9rrea sem o dono, estranharam e come\u00e7aram a procurar o idoso, que foi encontrado pr\u00f3ximo de uma Lagoa de Tratamento onde o corpo estava ca\u00eddo dentro de uma valeta de aproximadamente 8 metros de profundidade.<\/p>\n<p style=\"text-align: justify;\">A Pol\u00edcia Militar foi acionada e preservou o local, uma Equipe de Resgate do Corpo de Bombeiros usando t\u00e9cnicas dos treinos di\u00e1rios retirou o corpo do idoso do local.<\/p>\n<p style=\"text-align: justify;\">A Pol\u00edcia T\u00e9cnica compareceu ao local colhendo dados para apurar as reais causas da morte do idoso.<\/p>\n<div id=\"fb-root\"><\/div>\n<p><script async=\"1\" defer=\"1\" crossorigin=\"anonymous\" src=\"https:\/\/connect.facebook.net\/en_US\/sdk.js#xfbml=1&amp;version=v7.0\"><\/script><\/p>\n<div class=\"fb-video\" data-href=\"https:\/\/www.facebook.com\/jorgezanonidracena\/videos\/2982147025201464\/\" data-width=\"696\">\n<blockquote cite=\"https:\/\/www.facebook.com\/jorgezanonidracena\/videos\/2982147025201464\/\" class=\"fb-xfbml-parse-ignore\"><p><a href=\"https:\/\/www.facebook.com\/jorgezanonidracena\/videos\/2982147025201464\/\">Senhor de 68 anos \u00e9 encontrado morto em valeta de aproximadamente 8 mts. de altura<\/a><\/p>\n<p>Senhor de 68 anos \u00e9 encontrado morto em valeta de aproximadamente 8 mts. de altura<\/p>\n<p>Posted by <a href=\"https:\/\/www.facebook.com\/jorgezanonidracena\/\">Jorge Zanoni<\/a> on Sunday, June 7, 2020<\/p><\/blockquote>\n<\/div>\n<div id=\"fb-root\"><\/div>\n<p><script async=\"1\" defer=\"1\" crossorigin=\"anonymous\" src=\"https:\/\/connect.facebook.net\/en_US\/sdk.js#xfbml=1&amp;version=v7.0\"><\/script><\/p>\n<div class=\"fb-video\" data-href=\"https:\/\/www.facebook.com\/jorgezanonidracena\/videos\/1016337658763315\/\" data-width=\"696\">\n<blockquote cite=\"https:\/\/www.facebook.com\/jorgezanonidracena\/videos\/1016337658763315\/\" class=\"fb-xfbml-parse-ignore\"><p><a href=\"https:\/\/www.facebook.com\/jorgezanonidracena\/videos\/1016337658763315\/\">Cachorro foi importante para encontrar o dono que morreu pr\u00f3ximo a Lagoa de Tratamento<\/a><\/p>\n<p>Cachorro foi importante para encontrar o dono que morreu pr\u00f3ximo a Lagoa de Tratamento.<\/p>\n<p>Posted by <a href=\"https:\/\/www.facebook.com\/jorgezanonidracena\/\">Jorge Zanoni<\/a> on Sunday, June 7, 2020<\/p><\/blockquote>\n<\/div>\n<div id=\"fb-root\"><\/div>\n<p><script async=\"1\" defer=\"1\" crossorigin=\"anonymous\" src=\"https:\/\/connect.facebook.net\/en_US\/sdk.js#xfbml=1&amp;version=v7.0\"><\/script><\/p>\n<div class=\"fb-video\" data-href=\"https:\/\/www.facebook.com\/jorgezanonidracena\/videos\/2665337146906283\/\" data-width=\"696\">\n<blockquote cite=\"https:\/\/www.facebook.com\/jorgezanonidracena\/videos\/2665337146906283\/\" class=\"fb-xfbml-parse-ignore\"><p><a href=\"https:\/\/www.facebook.com\/jorgezanonidracena\/videos\/2665337146906283\/\">2\u00ba Sgt Gerson do Corpo de Bombeiros falou sobre o trabalho de retirada do corpo que estava dentro de valeta.<\/a><\/p>\n<p>2\u00ba Sgt Gerson do Corpo de Bombeiros falou sobre o trabalho de retirada do corpo que estava dentro de valeta.<\/p>\n<p>Posted by <a href=\"https:\/\/www.facebook.com\/jorgezanonidracena\/\">Jorge Zanoni<\/a> on Sunday, June 7, 2020<\/p><\/blockquote>\n<\/div>\n<p><img loading=\"lazy\" decoding=\"async\" class=\"alignnone size-full wp-image-27793\" src=\"https:\/\/jorgezanoni.com.br\/2019\/wp-content\/uploads\/2020\/06\/IMG_3899.jpg\" alt=\"\" width=\"800\" height=\"532\" srcset=\"https:\/\/jorgezanoni.com.br\/2019\/wp-content\/uploads\/2020\/06\/IMG_3899.jpg 800w, https:\/\/jorgezanoni.com.br\/2019\/wp-content\/uploads\/2020\/06\/IMG_3899-300x200.jpg 300w, https:\/\/jorgezanoni.com.br\/2019\/wp-content\/uploads\/2020\/06\/IMG_3899-768x511.jpg 768w, https:\/\/jorgezanoni.com.br\/2019\/wp-content\/uploads\/2020\/06\/IMG_3899-696x463.jpg 696w, https:\/\/jorgezanoni.com.br\/2019\/wp-content\/uploads\/2020\/06\/IMG_3899-632x420.jpg 632w\" sizes=\"auto, (max-width: 800px) 100vw, 800px\" \/> <img loading=\"lazy\" decoding=\"async\" class=\"alignnone size-full wp-image-27794\" src=\"https:\/\/jorgezanoni.com.br\/2019\/wp-content\/uploads\/2020\/06\/IMG_3900.jpg\" alt=\"\" width=\"800\" height=\"532\" srcset=\"https:\/\/jorgezanoni.com.br\/2019\/wp-content\/uploads\/2020\/06\/IMG_3900.jpg 800w, https:\/\/jorgezanoni.com.br\/2019\/wp-content\/uploads\/2020\/06\/IMG_3900-300x200.jpg 300w, https:\/\/jorgezanoni.com.br\/2019\/wp-content\/uploads\/2020\/06\/IMG_3900-768x511.jpg 768w, https:\/\/jorgezanoni.com.br\/2019\/wp-content\/uploads\/2020\/06\/IMG_3900-696x463.jpg 696w, https:\/\/jorgezanoni.com.br\/2019\/wp-content\/uploads\/2020\/06\/IMG_3900-632x420.jpg 632w\" sizes=\"auto, (max-width: 800px) 100vw, 800px\" \/><img loading=\"lazy\" decoding=\"async\" class=\"alignnone size-full wp-image-27795\" src=\"https:\/\/jorgezanoni.com.br\/2019\/wp-content\/uploads\/2020\/06\/idoso3.jpg\" alt=\"\" width=\"960\" height=\"1280\" srcset=\"https:\/\/jorgezanoni.com.br\/2019\/wp-content\/uploads\/2020\/06\/idoso3.jpg 960w, https:\/\/jorgezanoni.com.br\/2019\/wp-content\/uploads\/2020\/06\/idoso3-225x300.jpg 225w, https:\/\/jorgezanoni.com.br\/2019\/wp-content\/uploads\/2020\/06\/idoso3-768x1024.jpg 768w, https:\/\/jorgezanoni.com.br\/2019\/wp-content\/uploads\/2020\/06\/idoso3-696x928.jpg 696w, https:\/\/jorgezanoni.com.br\/2019\/wp-content\/uploads\/2020\/06\/idoso3-315x420.jpg 315w\" sizes=\"auto, (max-width: 960px) 100vw, 960px\" \/><img loading=\"lazy\" decoding=\"async\" class=\"alignnone size-full wp-image-27796\" src=\"https:\/\/jorgezanoni.com.br\/2019\/wp-content\/uploads\/2020\/06\/idoso2.jpg\" alt=\"\" width=\"1280\" height=\"960\" srcset=\"https:\/\/jorgezanoni.com.br\/2019\/wp-content\/uploads\/2020\/06\/idoso2.jpg 1280w, https:\/\/jorgezanoni.com.br\/2019\/wp-content\/uploads\/2020\/06\/idoso2-300x225.jpg 300w, https:\/\/jorgezanoni.com.br\/2019\/wp-content\/uploads\/2020\/06\/idoso2-1024x768.jpg 1024w, https:\/\/jorgezanoni.com.br\/2019\/wp-content\/uploads\/2020\/06\/idoso2-768x576.jpg 768w, https:\/\/jorgezanoni.com.br\/2019\/wp-content\/uploads\/2020\/06\/idoso2-80x60.jpg 80w, https:\/\/jorgezanoni.com.br\/2019\/wp-content\/uploads\/2020\/06\/idoso2-265x198.jpg 265w, https:\/\/jorgezanoni.com.br\/2019\/wp-content\/uploads\/2020\/06\/idoso2-696x522.jpg 696w, https:\/\/jorgezanoni.com.br\/2019\/wp-content\/uploads\/2020\/06\/idoso2-1068x801.jpg 1068w, https:\/\/jorgezanoni.com.br\/2019\/wp-content\/uploads\/2020\/06\/idoso2-560x420.jpg 560w\" sizes=\"auto, (max-width: 1280px) 100vw, 1280px\" \/><img loading=\"lazy\" decoding=\"async\" class=\"alignnone size-full wp-image-27797\" src=\"https:\/\/jorgezanoni.com.br\/2019\/wp-content\/uploads\/2020\/06\/Idoso.jpg\" alt=\"\" width=\"1280\" height=\"960\" srcset=\"https:\/\/jorgezanoni.com.br\/2019\/wp-content\/uploads\/2020\/06\/Idoso.jpg 1280w, https:\/\/jorgezanoni.com.br\/2019\/wp-content\/uploads\/2020\/06\/Idoso-300x225.jpg 300w, https:\/\/jorgezanoni.com.br\/2019\/wp-content\/uploads\/2020\/06\/Idoso-1024x768.jpg 1024w, https:\/\/jorgezanoni.com.br\/2019\/wp-content\/uploads\/2020\/06\/Idoso-768x576.jpg 768w, https:\/\/jorgezanoni.com.br\/2019\/wp-content\/uploads\/2020\/06\/Idoso-80x60.jpg 80w, https:\/\/jorgezanoni.com.br\/2019\/wp-content\/uploads\/2020\/06\/Idoso-265x198.jpg 265w, https:\/\/jorgezanoni.com.br\/2019\/wp-content\/uploads\/2020\/06\/Idoso-696x522.jpg 696w, https:\/\/jorgezanoni.com.br\/2019\/wp-content\/uploads\/2020\/06\/Idoso-1068x801.jpg 1068w, https:\/\/jorgezanoni.com.br\/2019\/wp-content\/uploads\/2020\/06\/Idoso-560x420.jpg 560w\" sizes=\"auto, (max-width: 1280px) 100vw, 1280px\" \/><img loading=\"lazy\" decoding=\"async\" class=\"alignnone size-full wp-image-27799\" src=\"https:\/\/jorgezanoni.com.br\/2019\/wp-content\/uploads\/2020\/06\/idoso1.jpg\" alt=\"\" width=\"1280\" height=\"960\" srcset=\"https:\/\/jorgezanoni.com.br\/2019\/wp-content\/uploads\/2020\/06\/idoso1.jpg 1280w, https:\/\/jorgezanoni.com.br\/2019\/wp-content\/uploads\/2020\/06\/idoso1-300x225.jpg 300w, https:\/\/jorgezanoni.com.br\/2019\/wp-content\/uploads\/2020\/06\/idoso1-1024x768.jpg 1024w, https:\/\/jorgezanoni.com.br\/2019\/wp-content\/uploads\/2020\/06\/idoso1-768x576.jpg 768w, https:\/\/jorgezanoni.com.br\/2019\/wp-content\/uploads\/2020\/06\/idoso1-80x60.jpg 80w, https:\/\/jorgezanoni.com.br\/2019\/wp-content\/uploads\/2020\/06\/idoso1-265x198.jpg 265w, https:\/\/jorgezanoni.com.br\/2019\/wp-content\/uploads\/2020\/06\/idoso1-696x522.jpg 696w, https:\/\/jorgezanoni.com.br\/2019\/wp-content\/uploads\/2020\/06\/idoso1-1068x801.jpg 1068w, https:\/\/jorgezanoni.com.br\/2019\/wp-content\/uploads\/2020\/06\/idoso1-560x420.jpg 560w\" sizes=\"auto, (max-width: 1280px) 100vw, 1280px\" \/><\/p>\n<p style=\"text-align: justify;\">Jorge Zanoni<\/p>\n<p style=\"text-align: justify;\">Fotos Jorge Zanoni e Adrielli Santos<\/p>\n<p>&nbsp;<\/p>\n","protected":false},"excerpt":{"rendered":"<p>O morador do Jardim Brasil\u00e2ndia, sr. Dozico In\u00e1cio de 69 anos, foi localizado por populares por volta das 10:30 Horas deste domingo (7), sem vida. Amigos disseram que ele tinha defici\u00eancia visual. Segundo informa\u00e7\u00f5es obtidas no local pela reportagem do Site JZ, In\u00e1cio saia diariamente com seu Cachorro para caminhar pelas imedia\u00e7\u00f5es e neste domingo [&hellip;]<\/p>\n","protected":false},"author":1,"featured_media":27800,"comment_status":"closed","ping_status":"open","sticky":false,"template":"","format":"video","meta":{"footnotes":""},"categories":[110,2,169],"tags":[],"class_list":["post-27792","post","type-post","status-publish","format-video","has-post-thumbnail","hentry","category-noticiasdestaque","category-policial","category-videos","post_format-post-format-video"],"_links":{"self":[{"href":"https:\/\/jorgezanoni.com.br\/2019\/wp-json\/wp\/v2\/posts\/27792","targetHints":{"allow":["GET"]}}],"collection":[{"href":"https:\/\/jorgezanoni.com.br\/2019\/wp-json\/wp\/v2\/posts"}],"about":[{"href":"https:\/\/jorgezanoni.com.br\/2019\/wp-json\/wp\/v2\/types\/post"}],"author":[{"embeddable":true,"href":"https:\/\/jorgezanoni.com.br\/2019\/wp-json\/wp\/v2\/users\/1"}],"replies":[{"embeddable":true,"href":"https:\/\/jorgezanoni.com.br\/2019\/wp-json\/wp\/v2\/comments?post=27792"}],"version-history":[{"count":0,"href":"https:\/\/jorgezanoni.com.br\/2019\/wp-json\/wp\/v2\/posts\/27792\/revisions"}],"wp:featuredmedia":[{"embeddable":true,"href":"https:\/\/jorgezanoni.com.br\/2019\/wp-json\/wp\/v2\/media\/27800"}],"wp:attachment":[{"href":"https:\/\/jorgezanoni.com.br\/2019\/wp-json\/wp\/v2\/media?parent=27792"}],"wp:term":[{"taxonomy":"category","embeddable":true,"href":"https:\/\/jorgezanoni.com.br\/2019\/wp-json\/wp\/v2\/categories?post=27792"},{"taxonomy":"post_tag","embeddable":true,"href":"https:\/\/jorgezanoni.com.br\/2019\/wp-json\/wp\/v2\/tags?post=27792"}],"curies":[{"name":"wp","href":"https:\/\/api.w.org\/{rel}","templated":true}]}}