{"id":27777,"date":"2020-06-06T22:43:14","date_gmt":"2020-06-06T22:43:14","guid":{"rendered":"https:\/\/jorgezanoni.com.br\/2019\/?p=27777"},"modified":"2020-06-06T22:43:14","modified_gmt":"2020-06-06T22:43:14","slug":"motociclista-morre-apos-bater-em-carroca-e-ser-atropelado-por-carro-em-botucatu","status":"publish","type":"post","link":"https:\/\/jorgezanoni.com.br\/2019\/motociclista-morre-apos-bater-em-carroca-e-ser-atropelado-por-carro-em-botucatu\/","title":{"rendered":"Motociclista morre ap\u00f3s bater em carro\u00e7a e ser atropelado por carro em Botucatu"},"content":{"rendered":"<h2 class=\"content-head__subtitle\" style=\"text-align: justify;\"><strong>Acidente aconteceu na rodovia que liga a cidade ao distrito de Rubi\u00e3o J\u00fanior. V\u00edtima chegou a ser socorrida e levada ao HC, mas n\u00e3o resistiu.<\/strong><\/h2>\n<div class=\"mc-column content-text active-extra-styles \" data-block-type=\"unstyled\" data-block-weight=\"21\" data-block-id=\"2\">\n<p class=\"content-text__container \" style=\"text-align: justify;\" data-track-category=\"Link no Texto\" data-track-links=\"\">Um motociclista morreu na noite desta sexta-feira (5) em um acidente que envolveu uma carro\u00e7a e um carro, em Botucatu (SP).<\/p>\n<\/div>\n<div class=\"wall protected-content\">\n<div class=\"mc-column content-text active-extra-styles \" style=\"text-align: justify;\" data-block-type=\"unstyled\" data-block-weight=\"37\" data-block-id=\"3\">\n<p class=\"content-text__container \" data-track-category=\"Link no Texto\" data-track-links=\"\">Segundo informa\u00e7\u00f5es da Pol\u00edcia Rodovi\u00e1ria, a moto pilotada por um homem de 46 anos transitava pela rodovia Ant\u00f4nio Butignoli, no acesso que liga a cidade ao distrito de Rubi\u00e3o J\u00fanior, quando bateu na traseira de uma carro\u00e7a.<\/p>\n<\/div>\n<div class=\"mc-column content-text active-extra-styles \" style=\"text-align: justify;\" data-block-type=\"unstyled\" data-block-weight=\"46\" data-block-id=\"4\">\n<p class=\"content-text__container \" data-track-category=\"Link no Texto\" data-track-links=\"\">O motociclista caiu na pista e um carro que seguia logo atr\u00e1s acabou atropelando a v\u00edtima. O homem chegou a ser socorrido, mas n\u00e3o resistiu aos ferimentos e morreu no Hospital das Cl\u00ednicas da cidade. O motorista do carro e o carroceiro n\u00e3o se feriram.<\/p>\n<\/div>\n<div class=\"row medium-uncollapsed content-media content-photo\" style=\"text-align: justify;\" data-block-type=\"backstage-photo\" data-block-id=\"5\">\n<div class=\"mc-column content-media__container\">\n<figure><img decoding=\"async\" class=\"i-amphtml-fill-content i-amphtml-replaced-content\" src=\"https:\/\/s2.glbimg.com\/Jaw-e1L_VPshcsyK-DwfgqzinX0=\/0x0:1280x863\/984x0\/smart\/filters:strip_icc()\/i.s3.glbimg.com\/v1\/AUTH_59edd422c0c84a879bd37670ae4f538a\/internal_photos\/bs\/2020\/B\/I\/touEfIStOGDAyds8mk1g\/acontece-botucatu-2.jpg\" sizes=\"(max-width: 1242px) 648px, 100vw\" srcset=\"https:\/\/s2.glbimg.com\/JElpsyMMH75oa5GRyv8tAu5iJqA=\/0x0:1280x863\/1000x0\/smart\/filters:strip_icc()\/i.s3.glbimg.com\/v1\/AUTH_59edd422c0c84a879bd37670ae4f538a\/internal_photos\/bs\/2020\/B\/I\/touEfIStOGDAyds8mk1g\/acontece-botucatu-2.jpg 1000w, https:\/\/s2.glbimg.com\/Jaw-e1L_VPshcsyK-DwfgqzinX0=\/0x0:1280x863\/984x0\/smart\/filters:strip_icc()\/i.s3.glbimg.com\/v1\/AUTH_59edd422c0c84a879bd37670ae4f538a\/internal_photos\/bs\/2020\/B\/I\/touEfIStOGDAyds8mk1g\/acontece-botucatu-2.jpg 984w, https:\/\/s2.glbimg.com\/z3Wvmo_raQ_0-Ndz3j3npGIlNzc=\/0x0:1280x863\/640x0\/smart\/filters:strip_icc()\/i.s3.glbimg.com\/v1\/AUTH_59edd422c0c84a879bd37670ae4f538a\/internal_photos\/bs\/2020\/B\/I\/touEfIStOGDAyds8mk1g\/acontece-botucatu-2.jpg 640w, https:\/\/s2.glbimg.com\/ArP_FnSq6Cz-cdscea-O-PFTBDw=\/0x0:1280x863\/600x0\/smart\/filters:strip_icc()\/i.s3.glbimg.com\/v1\/AUTH_59edd422c0c84a879bd37670ae4f538a\/internal_photos\/bs\/2020\/B\/I\/touEfIStOGDAyds8mk1g\/acontece-botucatu-2.jpg 600w\" alt=\"Motorista do carro que atropelou o motociclista n\u00e3o se feriu no acidente \u2014 Foto: Acontece Botucatu\/Divulga\u00e7\u00e3o\" \/><\/figure>\n<p class=\"content-media__description \">Motorista do carro que atropelou o motociclista n\u00e3o se feriu no acidente \u2014 Foto: Acontece Botucatu\/Divulga\u00e7\u00e3o<\/p>\n<\/div>\n<\/div>\n<div class=\"row medium-uncollapsed content-media content-photo\" data-block-type=\"backstage-photo\" data-block-id=\"7\">\n<div class=\"mc-column content-media__container\">\n<figure style=\"text-align: justify;\"><img decoding=\"async\" class=\"i-amphtml-fill-content i-amphtml-replaced-content\" src=\"https:\/\/s2.glbimg.com\/K7kCAQXuoKwL1vDYTKTfXQTOEUs=\/0x0:1280x795\/984x0\/smart\/filters:strip_icc()\/i.s3.glbimg.com\/v1\/AUTH_59edd422c0c84a879bd37670ae4f538a\/internal_photos\/bs\/2020\/G\/a\/ch0VLlTzyzTImH72Pleg\/acontece-botucatu-3.jpg\" sizes=\"(max-width: 1242px) 648px, 100vw\" srcset=\"https:\/\/s2.glbimg.com\/6RqItz8NQ-dzYYnyLRSOknj80kw=\/0x0:1280x795\/1000x0\/smart\/filters:strip_icc()\/i.s3.glbimg.com\/v1\/AUTH_59edd422c0c84a879bd37670ae4f538a\/internal_photos\/bs\/2020\/G\/a\/ch0VLlTzyzTImH72Pleg\/acontece-botucatu-3.jpg 1000w, https:\/\/s2.glbimg.com\/K7kCAQXuoKwL1vDYTKTfXQTOEUs=\/0x0:1280x795\/984x0\/smart\/filters:strip_icc()\/i.s3.glbimg.com\/v1\/AUTH_59edd422c0c84a879bd37670ae4f538a\/internal_photos\/bs\/2020\/G\/a\/ch0VLlTzyzTImH72Pleg\/acontece-botucatu-3.jpg 984w, https:\/\/s2.glbimg.com\/Pdh7K3q0OXlK8TmSxCCO5lc1NKg=\/0x0:1280x795\/640x0\/smart\/filters:strip_icc()\/i.s3.glbimg.com\/v1\/AUTH_59edd422c0c84a879bd37670ae4f538a\/internal_photos\/bs\/2020\/G\/a\/ch0VLlTzyzTImH72Pleg\/acontece-botucatu-3.jpg 640w, https:\/\/s2.glbimg.com\/XCIsIIKxwaQ3HqgoqywveEvbwqg=\/0x0:1280x795\/600x0\/smart\/filters:strip_icc()\/i.s3.glbimg.com\/v1\/AUTH_59edd422c0c84a879bd37670ae4f538a\/internal_photos\/bs\/2020\/G\/a\/ch0VLlTzyzTImH72Pleg\/acontece-botucatu-3.jpg 600w\" alt=\"Uma das pistas do acesso entre Botucatu e o distrito de Rubi\u00e3o J\u00fanior ficou fechada para retirada dos destro\u00e7os \u2014 Foto: Acontece Botucatu\/Divulga\u00e7\u00e3o\" \/><\/figure>\n<p class=\"content-media__description \" style=\"text-align: justify;\">Uma das pistas do acesso entre Botucatu e o distrito de Rubi\u00e3o J\u00fanior ficou fechada para retirada dos destro\u00e7os \u2014 Foto: Acontece Botucatu\/Divulga\u00e7\u00e3o<\/p>\n<p style=\"text-align: justify;\">Fonte: G1<\/p>\n<\/div>\n<\/div>\n<\/div>\n","protected":false},"excerpt":{"rendered":"<p>Acidente aconteceu na rodovia que liga a cidade ao distrito de Rubi\u00e3o J\u00fanior. V\u00edtima chegou a ser socorrida e levada ao HC, mas n\u00e3o resistiu. Um motociclista morreu na noite desta sexta-feira (5) em um acidente que envolveu uma carro\u00e7a e um carro, em Botucatu (SP). Segundo informa\u00e7\u00f5es da Pol\u00edcia Rodovi\u00e1ria, a moto pilotada por [&hellip;]<\/p>\n","protected":false},"author":1,"featured_media":27778,"comment_status":"closed","ping_status":"open","sticky":false,"template":"","format":"standard","meta":{"footnotes":""},"categories":[170,110],"tags":[],"class_list":["post-27777","post","type-post","status-publish","format-standard","has-post-thumbnail","hentry","category-acidentes","category-noticiasdestaque"],"_links":{"self":[{"href":"https:\/\/jorgezanoni.com.br\/2019\/wp-json\/wp\/v2\/posts\/27777","targetHints":{"allow":["GET"]}}],"collection":[{"href":"https:\/\/jorgezanoni.com.br\/2019\/wp-json\/wp\/v2\/posts"}],"about":[{"href":"https:\/\/jorgezanoni.com.br\/2019\/wp-json\/wp\/v2\/types\/post"}],"author":[{"embeddable":true,"href":"https:\/\/jorgezanoni.com.br\/2019\/wp-json\/wp\/v2\/users\/1"}],"replies":[{"embeddable":true,"href":"https:\/\/jorgezanoni.com.br\/2019\/wp-json\/wp\/v2\/comments?post=27777"}],"version-history":[{"count":0,"href":"https:\/\/jorgezanoni.com.br\/2019\/wp-json\/wp\/v2\/posts\/27777\/revisions"}],"wp:featuredmedia":[{"embeddable":true,"href":"https:\/\/jorgezanoni.com.br\/2019\/wp-json\/wp\/v2\/media\/27778"}],"wp:attachment":[{"href":"https:\/\/jorgezanoni.com.br\/2019\/wp-json\/wp\/v2\/media?parent=27777"}],"wp:term":[{"taxonomy":"category","embeddable":true,"href":"https:\/\/jorgezanoni.com.br\/2019\/wp-json\/wp\/v2\/categories?post=27777"},{"taxonomy":"post_tag","embeddable":true,"href":"https:\/\/jorgezanoni.com.br\/2019\/wp-json\/wp\/v2\/tags?post=27777"}],"curies":[{"name":"wp","href":"https:\/\/api.w.org\/{rel}","templated":true}]}}