{"id":27774,"date":"2020-06-06T22:32:48","date_gmt":"2020-06-06T22:32:48","guid":{"rendered":"https:\/\/jorgezanoni.com.br\/2019\/?p=27774"},"modified":"2020-06-06T22:32:48","modified_gmt":"2020-06-06T22:32:48","slug":"cocaina-apreendida-em-aviao-e-avaliada-em-mais-de-r-15-milhoes-e-seria-entregue-no-interior-de-sp","status":"publish","type":"post","link":"https:\/\/jorgezanoni.com.br\/2019\/cocaina-apreendida-em-aviao-e-avaliada-em-mais-de-r-15-milhoes-e-seria-entregue-no-interior-de-sp\/","title":{"rendered":"Coca\u00edna apreendida em avi\u00e3o \u00e9 avaliada em mais de R$ 15 milh\u00f5es e seria entregue no interior de SP"},"content":{"rendered":"<h2 class=\"content-head__subtitle\" style=\"text-align: justify;\"><strong>Dois homens foram presos em flagrante e levados \u00e0 cadeia de Santa F\u00e9 do Sul ap\u00f3s aeronave ser interceptada pela FAB no aeroporto de Fernand\u00f3polis.<\/strong><\/h2>\n<div class=\"mc-column content-text active-extra-styles \" data-block-type=\"unstyled\" data-block-weight=\"34\" data-block-id=\"2\">\n<p class=\"content-text__container \" style=\"text-align: justify;\" data-track-category=\"Link no Texto\" data-track-links=\"\">O avi\u00e3o bimotor,\u00a0<a href=\"https:\/\/g1.globo.com\/sp\/sao-jose-do-rio-preto-aracatuba\/noticia\/2020\/06\/05\/aviao-carregado-com-mais-de-400-quilos-de-pasta-base-de-cocaina-e-apreendido-em-fernandopolis.ghtml\">que foi apreendido com 490 quilos de pasta base de coca\u00edna<\/a>, em Fernand\u00f3polis (SP), teria como destino final um munic\u00edpio do interior de S\u00e3o Paulo, segundo informou a Pol\u00edcia Militar.<\/p>\n<\/div>\n<div class=\"wall protected-content\">\n<div class=\"mc-column content-text active-extra-styles \" style=\"text-align: justify;\" data-block-type=\"unstyled\" data-block-weight=\"40\" data-block-id=\"3\">\n<p class=\"content-text__container \" data-track-category=\"Link no Texto\" data-track-links=\"\">A aeronave foi interceptada nesta sexta-feira (5) por um tucano A-29 da For\u00e7a A\u00e9rea Brasileira (FAB) e foi obrigada a pousar no aeroporto de Fernand\u00f3polis, onde equipes da Pol\u00edcia Militar e da Pol\u00edcia Federal aguardavam para fazer o flagrante.<\/p>\n<\/div>\n<div class=\"mc-column content-text active-extra-styles \" style=\"text-align: justify;\" data-block-type=\"unstyled\" data-block-weight=\"43\" data-block-id=\"4\">\n<p class=\"content-text__container \" data-track-category=\"Link no Texto\" data-track-links=\"\">\u201cEle (piloto) informou que a droga foi carregada na regi\u00e3o norte do pa\u00eds e que o destino final seria uma pista clandestina que fica a 10 minutos de dist\u00e2ncia de Fernand\u00f3polis\u201d, afirmou o tenente da Pol\u00edcia Militar, Marco Ant\u00f4nio da Silva Martins.<\/p>\n<\/div>\n<div class=\"mc-column content-text active-extra-styles \" style=\"text-align: justify;\" data-block-type=\"unstyled\" data-block-weight=\"24\" data-block-id=\"5\">\n<p class=\"content-text__container \" data-track-category=\"Link no Texto\" data-track-links=\"\">Ainda de acordo com o policial, equipes da PM foram comunicadas sobre o pouso do avi\u00e3o e fizeram apoio para a Pol\u00edcia Federal.<\/p>\n<\/div>\n<div class=\"mc-column content-text active-extra-styles \" style=\"text-align: justify;\" data-block-type=\"unstyled\" data-block-weight=\"46\" data-block-id=\"6\">\n<p class=\"content-text__container \" data-track-category=\"Link no Texto\" data-track-links=\"\">\u201cRecebemos um pedido de apoio da Pol\u00edcia Federal com a informa\u00e7\u00e3o de que um avi\u00e3o pousaria no aeroporto com grande quantidade de entorpecente. Reunimos as equipes e nos deslocamos para o aeroporto, onde aguardamos. Fizemos a abordagem e constatamos que a carga era coca\u00edna\u201d, diz Marco.<\/p>\n<\/div>\n<div class=\"mc-column content-media content-video\" style=\"text-align: justify;\" data-block-type=\"backstage-video\" data-block-id=\"7\">\n<div class=\"content-media__container\">\n<div class=\"content-video__bigger-player-description-fixer\">\n<article class=\"content-video\">\n<section class=\"content-video__video-container\">\n<div class=\"content-video__video\">\n<div class=\"content-video__placeholder\" data-video-id=\"8607916\"><img decoding=\"async\" class=\"content-video__placeholder__thumb\" title=\"Coca\u00edna apreendida em avi\u00e3o seria entregue no interior de S\u00e3o Paulo\" src=\"https:\/\/s01.video.glbimg.com\/x240\/8607916.jpg\" alt=\"Coca\u00edna apreendida em avi\u00e3o seria entregue no interior de S\u00e3o Paulo\" \/><\/div>\n<\/div>\n<\/section>\n<\/article>\n<\/div>\n<p class=\"content-media__description\">Coca\u00edna apreendida em avi\u00e3o seria entregue no interior de S\u00e3o Paulo.<\/p>\n<p>D<span style=\"font-family: inherit; font-size: inherit; font-style: inherit; font-variant-ligatures: inherit; font-variant-caps: inherit; font-weight: inherit; text-align: center;\">e acordo com a Pol\u00edcia Federal, dois homens de 44 e 38 anos foram presos, levados \u00e0 Pol\u00edcia Federal de Jales e transferidos para a cadeia de Santa F\u00e9 do Sul (SP), onde permanecem \u00e0 disposi\u00e7\u00e3o da Justi\u00e7a. Ambos moram no estado do Par\u00e1 e n\u00e3o possuem antecedentes criminais.<\/span><\/p>\n<\/div>\n<\/div>\n<div class=\"mc-column content-text active-extra-styles \" style=\"text-align: justify;\" data-block-type=\"unstyled\" data-block-weight=\"22\" data-block-id=\"10\">\n<p class=\"content-text__container \" data-track-category=\"Link no Texto\" data-track-links=\"\">Al\u00e9m dos 490 quilos de pasta base de coca\u00edna, foram localizados equipamentos eletr\u00f4nicos, documentos e aproximadamente R$ 9 mil em dinheiro.<\/p>\n<\/div>\n<div class=\"mc-column content-text active-extra-styles \" style=\"text-align: justify;\" data-block-type=\"unstyled\" data-block-weight=\"38\" data-block-id=\"11\">\n<p class=\"content-text__container \" data-track-category=\"Link no Texto\" data-track-links=\"\">Segundo a Pol\u00edcia Federal, a aeronave j\u00e1 tinha sido apreendida em outra opera\u00e7\u00e3o deflagrada no munic\u00edpio de Vera Cruz, regi\u00e3o de Mar\u00edlia (SP), em 1998. Na \u00e9poca, a aeronave foi encontrada com produtos eletr\u00f4nicos contrabandeados do Paraguai.<\/p>\n<\/div>\n<div class=\"mc-column content-text active-extra-styles \" style=\"text-align: justify;\" data-block-type=\"unstyled\" data-block-weight=\"43\" data-block-id=\"12\">\n<p class=\"content-text__container \" data-track-category=\"Link no Texto\" data-track-links=\"\">\u00c0 Pol\u00edcia Militar, o piloto confessou que o avi\u00e3o foi arrendado, no come\u00e7o do ano passado, durante um leil\u00e3o. O valor pago foi de R$ 95 mil. Ainda n\u00e3o h\u00e1 informa\u00e7\u00f5es sobre quem \u00e9 o propriet\u00e1rio da aeronave, mas a investiga\u00e7\u00e3o continuar\u00e1.<\/p>\n<\/div>\n<div class=\"row medium-uncollapsed content-media content-photo\" data-block-type=\"backstage-photo\" data-block-id=\"13\">\n<div class=\"mc-column content-media__container\">\n<figure style=\"text-align: justify;\"><img decoding=\"async\" class=\"i-amphtml-fill-content i-amphtml-replaced-content\" src=\"https:\/\/s2.glbimg.com\/zWUmaBw-69khIu4JBHETr7fBjIw=\/0x0:720x637\/984x0\/smart\/filters:strip_icc()\/i.s3.glbimg.com\/v1\/AUTH_59edd422c0c84a879bd37670ae4f538a\/internal_photos\/bs\/2020\/z\/x\/5ypMXnSeiI2fEDezrkeg\/aviao.jpeg\" sizes=\"(max-width: 1242px) 648px, 100vw\" srcset=\"https:\/\/s2.glbimg.com\/OrdufuFUJwfrsCuNWDi-tn3uzy8=\/0x0:720x637\/1000x0\/smart\/filters:strip_icc()\/i.s3.glbimg.com\/v1\/AUTH_59edd422c0c84a879bd37670ae4f538a\/internal_photos\/bs\/2020\/z\/x\/5ypMXnSeiI2fEDezrkeg\/aviao.jpeg 1000w, https:\/\/s2.glbimg.com\/zWUmaBw-69khIu4JBHETr7fBjIw=\/0x0:720x637\/984x0\/smart\/filters:strip_icc()\/i.s3.glbimg.com\/v1\/AUTH_59edd422c0c84a879bd37670ae4f538a\/internal_photos\/bs\/2020\/z\/x\/5ypMXnSeiI2fEDezrkeg\/aviao.jpeg 984w, https:\/\/s2.glbimg.com\/JndGWIn6Xjy5wdF8n7bZfQnL88o=\/0x0:720x637\/640x0\/smart\/filters:strip_icc()\/i.s3.glbimg.com\/v1\/AUTH_59edd422c0c84a879bd37670ae4f538a\/internal_photos\/bs\/2020\/z\/x\/5ypMXnSeiI2fEDezrkeg\/aviao.jpeg 640w, https:\/\/s2.glbimg.com\/pHNNkFR5nYqHYa_dVY00K6Uap1E=\/0x0:720x637\/600x0\/smart\/filters:strip_icc()\/i.s3.glbimg.com\/v1\/AUTH_59edd422c0c84a879bd37670ae4f538a\/internal_photos\/bs\/2020\/z\/x\/5ypMXnSeiI2fEDezrkeg\/aviao.jpeg 600w\" alt=\"Dois homens foram presos transportando coca\u00edna em Fernand\u00f3polis  \u2014 Foto: Arquivo Pessoal \" \/><\/figure>\n<div class=\"row medium-uncollapsed content-media content-photo\" style=\"text-align: justify;\" data-block-type=\"backstage-photo\" data-block-id=\"13\">\n<div class=\"mc-column content-media__container\">\n<p class=\"content-media__description \">Dois homens foram presos transportando coca\u00edna em Fernand\u00f3polis \u2014 Foto: Arquivo Pessoal<\/p>\n<\/div>\n<\/div>\n<div class=\"row medium-uncollapsed content-media content-photo\" data-block-type=\"backstage-photo\" data-block-id=\"14\">\n<div class=\"mc-column content-media__container\">\n<figure style=\"text-align: justify;\"><img decoding=\"async\" class=\"i-amphtml-fill-content i-amphtml-replaced-content\" src=\"https:\/\/s2.glbimg.com\/dV9U8l1v9-E47iRD0DgozNmkT-Y=\/0x0:1024x561\/984x0\/smart\/filters:strip_icc()\/i.s3.glbimg.com\/v1\/AUTH_59edd422c0c84a879bd37670ae4f538a\/internal_photos\/bs\/2020\/O\/v\/DXqlXmRVekbezrYBTGNQ\/droga.jpg\" sizes=\"(max-width: 1242px) 648px, 100vw\" srcset=\"https:\/\/s2.glbimg.com\/yF2Pd6Mh9Xw1uuSs8rAEnUoKQzo=\/0x0:1024x561\/1000x0\/smart\/filters:strip_icc()\/i.s3.glbimg.com\/v1\/AUTH_59edd422c0c84a879bd37670ae4f538a\/internal_photos\/bs\/2020\/O\/v\/DXqlXmRVekbezrYBTGNQ\/droga.jpg 1000w, https:\/\/s2.glbimg.com\/dV9U8l1v9-E47iRD0DgozNmkT-Y=\/0x0:1024x561\/984x0\/smart\/filters:strip_icc()\/i.s3.glbimg.com\/v1\/AUTH_59edd422c0c84a879bd37670ae4f538a\/internal_photos\/bs\/2020\/O\/v\/DXqlXmRVekbezrYBTGNQ\/droga.jpg 984w, https:\/\/s2.glbimg.com\/elJlFyx-vIo2GdmLwg7hFkV76Q4=\/0x0:1024x561\/640x0\/smart\/filters:strip_icc()\/i.s3.glbimg.com\/v1\/AUTH_59edd422c0c84a879bd37670ae4f538a\/internal_photos\/bs\/2020\/O\/v\/DXqlXmRVekbezrYBTGNQ\/droga.jpg 640w, https:\/\/s2.glbimg.com\/YYynXwLbawCdyss99a8omiOwurY=\/0x0:1024x561\/600x0\/smart\/filters:strip_icc()\/i.s3.glbimg.com\/v1\/AUTH_59edd422c0c84a879bd37670ae4f538a\/internal_photos\/bs\/2020\/O\/v\/DXqlXmRVekbezrYBTGNQ\/droga.jpg 600w\" alt=\"For\u00e7as policiais apreenderam aeronave com mais de 490 kg de droga em S\u00e3o Paulo \u2014 Foto: Divulga\u00e7\u00e3o\" \/><\/figure>\n<p class=\"content-media__description \" style=\"text-align: justify;\">For\u00e7as policiais apreenderam aeronave com mais de 490 kg de droga em S\u00e3o Paulo \u2014 Foto: Divulga\u00e7\u00e3o<\/p>\n<p style=\"text-align: justify;\">Fonte: G1<\/p>\n<\/div>\n<\/div>\n<\/div>\n<\/div>\n<\/div>\n","protected":false},"excerpt":{"rendered":"<p>Dois homens foram presos em flagrante e levados \u00e0 cadeia de Santa F\u00e9 do Sul ap\u00f3s aeronave ser interceptada pela FAB no aeroporto de Fernand\u00f3polis. O avi\u00e3o bimotor,\u00a0que foi apreendido com 490 quilos de pasta base de coca\u00edna, em Fernand\u00f3polis (SP), teria como destino final um munic\u00edpio do interior de S\u00e3o Paulo, segundo informou a [&hellip;]<\/p>\n","protected":false},"author":1,"featured_media":27775,"comment_status":"closed","ping_status":"open","sticky":false,"template":"","format":"standard","meta":{"footnotes":""},"categories":[110,2],"tags":[],"class_list":["post-27774","post","type-post","status-publish","format-standard","has-post-thumbnail","hentry","category-noticiasdestaque","category-policial"],"_links":{"self":[{"href":"https:\/\/jorgezanoni.com.br\/2019\/wp-json\/wp\/v2\/posts\/27774","targetHints":{"allow":["GET"]}}],"collection":[{"href":"https:\/\/jorgezanoni.com.br\/2019\/wp-json\/wp\/v2\/posts"}],"about":[{"href":"https:\/\/jorgezanoni.com.br\/2019\/wp-json\/wp\/v2\/types\/post"}],"author":[{"embeddable":true,"href":"https:\/\/jorgezanoni.com.br\/2019\/wp-json\/wp\/v2\/users\/1"}],"replies":[{"embeddable":true,"href":"https:\/\/jorgezanoni.com.br\/2019\/wp-json\/wp\/v2\/comments?post=27774"}],"version-history":[{"count":0,"href":"https:\/\/jorgezanoni.com.br\/2019\/wp-json\/wp\/v2\/posts\/27774\/revisions"}],"wp:featuredmedia":[{"embeddable":true,"href":"https:\/\/jorgezanoni.com.br\/2019\/wp-json\/wp\/v2\/media\/27775"}],"wp:attachment":[{"href":"https:\/\/jorgezanoni.com.br\/2019\/wp-json\/wp\/v2\/media?parent=27774"}],"wp:term":[{"taxonomy":"category","embeddable":true,"href":"https:\/\/jorgezanoni.com.br\/2019\/wp-json\/wp\/v2\/categories?post=27774"},{"taxonomy":"post_tag","embeddable":true,"href":"https:\/\/jorgezanoni.com.br\/2019\/wp-json\/wp\/v2\/tags?post=27774"}],"curies":[{"name":"wp","href":"https:\/\/api.w.org\/{rel}","templated":true}]}}