{"id":27770,"date":"2020-06-06T21:58:37","date_gmt":"2020-06-06T21:58:37","guid":{"rendered":"https:\/\/jorgezanoni.com.br\/2019\/?p=27770"},"modified":"2020-06-06T21:58:37","modified_gmt":"2020-06-06T21:58:37","slug":"adolescente-de-15-anos-e-apreendido-apos-tentar-furtar-ambulancia-municipal","status":"publish","type":"post","link":"https:\/\/jorgezanoni.com.br\/2019\/adolescente-de-15-anos-e-apreendido-apos-tentar-furtar-ambulancia-municipal\/","title":{"rendered":"Adolescente de 15 anos \u00e9 apreendido ap\u00f3s tentar furtar ambul\u00e2ncia municipal"},"content":{"rendered":"<h2 class=\"subtitulo\" style=\"text-align: justify;\"><strong>Ap\u00f3s acionar e movimentar a ambul\u00e2ncia, ve\u00edculo bate contra parede da unidade de sa\u00fade.<\/strong><\/h2>\n<p style=\"font-weight: 400; text-align: justify;\">Um adolescente de 15 anos foi apreendido pela Pol\u00edcia Militar de Tupi Paulista na madrugada desta sexta-feira (5) ap\u00f3s tentar furtar uma ambul\u00e2ncia da Prefeitura da cidade, que estava no pronto-atendimento municipal. O ve\u00edculo foi acionado, deslocado e chocou-se contra o muro da unidade de sa\u00fade. O barulho do motor, acelera\u00e7\u00e3o e da batida foram ouvidos por funcion\u00e1rios da reparti\u00e7\u00e3o e moradores pr\u00f3ximos.<\/p>\n<p style=\"font-weight: 400; text-align: justify;\">A PM foi chamada pelo telefone de emerg\u00eancia 190 e no trajeto ao pronto-atendimento municipal \u2013 local dos fatos \u2013 a equipe da PM se deparou com um adolescente, j\u00e1 conhecido nos meios policiais.<\/p>\n<p style=\"font-weight: 400; text-align: justify;\">Ao tomar conhecimento da ocorr\u00eancia com a equipe que trabalhava na unidade de sa\u00fade, os profissionais descreveram as caracter\u00edsticas e trajes do suspeito, e circunstancias do fato. Um morador pr\u00f3ximo tamb\u00e9m avistou um suspeito, com a mesma descri\u00e7\u00e3o. As caracter\u00edsticas e os trajes do suspeito coincidiram com o adolescente visto anteriormente pela PM.\u00a0<em>(Continua ap\u00f3s a publicidade&#8230;)<\/em><\/p>\n<p style=\"text-align: justify;\"><img loading=\"lazy\" decoding=\"async\" class=\"alignnone size-full wp-image-27771\" src=\"https:\/\/jorgezanoni.com.br\/2019\/wp-content\/uploads\/2020\/06\/Mercado-Bahia-1.png\" alt=\"\" width=\"1066\" height=\"229\" srcset=\"https:\/\/jorgezanoni.com.br\/2019\/wp-content\/uploads\/2020\/06\/Mercado-Bahia-1.png 1066w, https:\/\/jorgezanoni.com.br\/2019\/wp-content\/uploads\/2020\/06\/Mercado-Bahia-1-300x64.png 300w, https:\/\/jorgezanoni.com.br\/2019\/wp-content\/uploads\/2020\/06\/Mercado-Bahia-1-1024x220.png 1024w, https:\/\/jorgezanoni.com.br\/2019\/wp-content\/uploads\/2020\/06\/Mercado-Bahia-1-768x165.png 768w, https:\/\/jorgezanoni.com.br\/2019\/wp-content\/uploads\/2020\/06\/Mercado-Bahia-1-696x150.png 696w\" sizes=\"auto, (max-width: 1066px) 100vw, 1066px\" \/><\/p>\n<p style=\"font-weight: 400; text-align: justify;\">Sendo o adolescente conhecido nos meios policiais, a PM foi at\u00e9 sua resid\u00eancia. Ao ser abordado foi perguntado sobre os fatos e o mesmo tentou correr, mas foi contido, momento em que come\u00e7ou a proferir ofensas contra os policiais, sendo apreendido.<\/p>\n<p style=\"font-weight: 400; text-align: justify;\">Tamb\u00e9m foram apreendidas as vestes que ele usava no momento do ato, que coincidem com as caracter\u00edsticas narradas pelas testemunhas.<\/p>\n<p style=\"font-weight: 400; text-align: justify;\">O caso foi levado pela PM ao plant\u00e3o da Pol\u00edcia Civil. Ap\u00f3s apresenta\u00e7\u00e3o da ocorr\u00eancia o adolescente foi liberado para a sua m\u00e3e. O ve\u00edculo teve dano no para choque dianteiro e cap\u00f4 dianteiro<\/p>\n<p style=\"text-align: justify;\">Fonte: Com. Social Policia Militar<\/p>\n","protected":false},"excerpt":{"rendered":"<p>Ap\u00f3s acionar e movimentar a ambul\u00e2ncia, ve\u00edculo bate contra parede da unidade de sa\u00fade. Um adolescente de 15 anos foi apreendido pela Pol\u00edcia Militar de Tupi Paulista na madrugada desta sexta-feira (5) ap\u00f3s tentar furtar uma ambul\u00e2ncia da Prefeitura da cidade, que estava no pronto-atendimento municipal. O ve\u00edculo foi acionado, deslocado e chocou-se contra o [&hellip;]<\/p>\n","protected":false},"author":1,"featured_media":27772,"comment_status":"closed","ping_status":"open","sticky":false,"template":"","format":"standard","meta":{"footnotes":""},"categories":[110,2],"tags":[],"class_list":["post-27770","post","type-post","status-publish","format-standard","has-post-thumbnail","hentry","category-noticiasdestaque","category-policial"],"_links":{"self":[{"href":"https:\/\/jorgezanoni.com.br\/2019\/wp-json\/wp\/v2\/posts\/27770","targetHints":{"allow":["GET"]}}],"collection":[{"href":"https:\/\/jorgezanoni.com.br\/2019\/wp-json\/wp\/v2\/posts"}],"about":[{"href":"https:\/\/jorgezanoni.com.br\/2019\/wp-json\/wp\/v2\/types\/post"}],"author":[{"embeddable":true,"href":"https:\/\/jorgezanoni.com.br\/2019\/wp-json\/wp\/v2\/users\/1"}],"replies":[{"embeddable":true,"href":"https:\/\/jorgezanoni.com.br\/2019\/wp-json\/wp\/v2\/comments?post=27770"}],"version-history":[{"count":0,"href":"https:\/\/jorgezanoni.com.br\/2019\/wp-json\/wp\/v2\/posts\/27770\/revisions"}],"wp:featuredmedia":[{"embeddable":true,"href":"https:\/\/jorgezanoni.com.br\/2019\/wp-json\/wp\/v2\/media\/27772"}],"wp:attachment":[{"href":"https:\/\/jorgezanoni.com.br\/2019\/wp-json\/wp\/v2\/media?parent=27770"}],"wp:term":[{"taxonomy":"category","embeddable":true,"href":"https:\/\/jorgezanoni.com.br\/2019\/wp-json\/wp\/v2\/categories?post=27770"},{"taxonomy":"post_tag","embeddable":true,"href":"https:\/\/jorgezanoni.com.br\/2019\/wp-json\/wp\/v2\/tags?post=27770"}],"curies":[{"name":"wp","href":"https:\/\/api.w.org\/{rel}","templated":true}]}}