{"id":27763,"date":"2020-06-06T21:03:29","date_gmt":"2020-06-06T21:03:29","guid":{"rendered":"https:\/\/jorgezanoni.com.br\/2019\/?p=27763"},"modified":"2020-06-06T21:05:21","modified_gmt":"2020-06-06T21:05:21","slug":"tenente-mayara-assume-o-comando-da-policia-militar-de-junqueiropolis","status":"publish","type":"post","link":"https:\/\/jorgezanoni.com.br\/2019\/tenente-mayara-assume-o-comando-da-policia-militar-de-junqueiropolis\/","title":{"rendered":"Tenente Mayara assume o comando da Pol\u00edcia Militar de Junqueir\u00f3polis"},"content":{"rendered":"<p style=\"text-align: justify;\">Ap\u00f3s cinco anos se dedicando aos estudos e capacita\u00e7\u00e3o, a policial militar feminina Mayara Tatiana Bernardes do Nascimento, de 29 anos, retorna a Junqueir\u00f3polis para assumir o posto de comandante do Pelot\u00e3o da Pol\u00edcia Militar do munic\u00edpio. Hoje com a merecida patente de 2\u00aa tenente, Mayara concluiu o m\u00f3dulo b\u00e1sico do Curso de Forma\u00e7\u00e3o de Soldados em 2015.<\/p>\n<p style=\"text-align: justify;\">Oficialmente, tenente Mayara assumiu o comando na segunda-feira, 1\u00ba de junho. \u201c\u00c9 uma satisfa\u00e7\u00e3o enorme comandar a Pol\u00edcia Militar na cidade onde dei os meus primeiros passos na carreira militar\u201d, disse tenente Mayara.<\/p>\n<p style=\"text-align: justify;\">\u201cDurante o per\u00edodo de minha gest\u00e3o aqui em Junqueir\u00f3polis espero retribuir todo o carinho recebido desta comunidade maravilhosa, que muito bem me recebeu quando da estadia para a forma\u00e7\u00e3o inicial de soldado\u201d, acrescentou.<\/p>\n<p style=\"text-align: justify;\">\u00a0\u201cMe coloco \u00e0 disposi\u00e7\u00e3o da comunidade junqueiropolense e desde j\u00e1 pe\u00e7o o apoio para juntos mantermos os baixos \u00edndices criminais no munic\u00edpio\u201d, pediu a tenente, ao informar que a Pol\u00edcia Militar vai desencadear novas opera\u00e7\u00f5es na cidade.<\/p>\n<p style=\"text-align: justify;\">Mayara \u00e9 natural de Presidente Venceslau, casada e atualmente reside em Dracena.<\/p>\n","protected":false},"excerpt":{"rendered":"<p>Ap\u00f3s cinco anos se dedicando aos estudos e capacita\u00e7\u00e3o, a policial militar feminina Mayara Tatiana Bernardes do Nascimento, de 29 anos, retorna a Junqueir\u00f3polis para assumir o posto de comandante do Pelot\u00e3o da Pol\u00edcia Militar do munic\u00edpio. Hoje com a merecida patente de 2\u00aa tenente, Mayara concluiu o m\u00f3dulo b\u00e1sico do Curso de Forma\u00e7\u00e3o de [&hellip;]<\/p>\n","protected":false},"author":1,"featured_media":27764,"comment_status":"closed","ping_status":"open","sticky":false,"template":"","format":"standard","meta":{"footnotes":""},"categories":[110,2],"tags":[],"class_list":["post-27763","post","type-post","status-publish","format-standard","has-post-thumbnail","hentry","category-noticiasdestaque","category-policial"],"_links":{"self":[{"href":"https:\/\/jorgezanoni.com.br\/2019\/wp-json\/wp\/v2\/posts\/27763","targetHints":{"allow":["GET"]}}],"collection":[{"href":"https:\/\/jorgezanoni.com.br\/2019\/wp-json\/wp\/v2\/posts"}],"about":[{"href":"https:\/\/jorgezanoni.com.br\/2019\/wp-json\/wp\/v2\/types\/post"}],"author":[{"embeddable":true,"href":"https:\/\/jorgezanoni.com.br\/2019\/wp-json\/wp\/v2\/users\/1"}],"replies":[{"embeddable":true,"href":"https:\/\/jorgezanoni.com.br\/2019\/wp-json\/wp\/v2\/comments?post=27763"}],"version-history":[{"count":0,"href":"https:\/\/jorgezanoni.com.br\/2019\/wp-json\/wp\/v2\/posts\/27763\/revisions"}],"wp:featuredmedia":[{"embeddable":true,"href":"https:\/\/jorgezanoni.com.br\/2019\/wp-json\/wp\/v2\/media\/27764"}],"wp:attachment":[{"href":"https:\/\/jorgezanoni.com.br\/2019\/wp-json\/wp\/v2\/media?parent=27763"}],"wp:term":[{"taxonomy":"category","embeddable":true,"href":"https:\/\/jorgezanoni.com.br\/2019\/wp-json\/wp\/v2\/categories?post=27763"},{"taxonomy":"post_tag","embeddable":true,"href":"https:\/\/jorgezanoni.com.br\/2019\/wp-json\/wp\/v2\/tags?post=27763"}],"curies":[{"name":"wp","href":"https:\/\/api.w.org\/{rel}","templated":true}]}}