{"id":27753,"date":"2020-06-06T18:33:22","date_gmt":"2020-06-06T18:33:22","guid":{"rendered":"https:\/\/jorgezanoni.com.br\/2019\/?p=27753"},"modified":"2020-06-06T18:50:44","modified_gmt":"2020-06-06T18:50:44","slug":"moradores-do-jardim-bortolato-reclamam-de-falta-de-agua","status":"publish","type":"post","link":"https:\/\/jorgezanoni.com.br\/2019\/moradores-do-jardim-bortolato-reclamam-de-falta-de-agua\/","title":{"rendered":"Moradores do jardim Bortolato reclamam de falta de \u00e1gua"},"content":{"rendered":"<p style=\"text-align: justify;\">Moradores do jardim Bortolato II est\u00e3o reclamando que desde as 07:00 Horas da manh\u00e3 deste s\u00e1bado (6) est\u00e3o se \u00e1gua em sua resid\u00eancias.<\/p>\n<p style=\"text-align: justify;\">A informa\u00e7\u00e3o \u00e9 que todos ou pelo menos a maioria possui caixa, e n\u00e3o entendem porque dessa falta, sendo que tem acontecido com frequ\u00eancia.<\/p>\n<p style=\"text-align: justify;\">Outra reclama\u00e7\u00e3o \u00e9 que no fone \u00e0 disposi\u00e7\u00e3o para plant\u00e3o n\u00e3o existe uma informa\u00e7\u00e3o concreta, cada vez que ligam \u00e9 dado um tipo de desculpa.<\/p>\n<p style=\"text-align: justify;\">Pedem que algum respons\u00e1vel da EMDAEP resolva o problema, pois s\u00e3o moradores que est\u00e3o com a conta em dia e exigem servi\u00e7o de qualidade, ou ao menos que seja dado uma aten\u00e7\u00e3o e explicado o porque dessas faltas constantes.<\/p>\n<p style=\"text-align: justify;\">Jorge Zanoni<\/p>\n<p style=\"text-align: justify;\">NOTA: Ap\u00f3s divulga\u00e7\u00e3o da mat\u00e9ria, fomos informados por funcion\u00e1rio da EMDAEP que foi localizado o problema, ocorreu um rompimento em rede. O problema est\u00e1 sendo solucionado.<\/p>\n","protected":false},"excerpt":{"rendered":"<p>Moradores do jardim Bortolato II est\u00e3o reclamando que desde as 07:00 Horas da manh\u00e3 deste s\u00e1bado (6) est\u00e3o se \u00e1gua em sua resid\u00eancias. A informa\u00e7\u00e3o \u00e9 que todos ou pelo menos a maioria possui caixa, e n\u00e3o entendem porque dessa falta, sendo que tem acontecido com frequ\u00eancia. Outra reclama\u00e7\u00e3o \u00e9 que no fone \u00e0 disposi\u00e7\u00e3o [&hellip;]<\/p>\n","protected":false},"author":1,"featured_media":27754,"comment_status":"closed","ping_status":"open","sticky":false,"template":"","format":"standard","meta":{"footnotes":""},"categories":[179,184,110],"tags":[],"class_list":["post-27753","post","type-post","status-publish","format-standard","has-post-thumbnail","hentry","category-cidadeseregiao","category-dracena","category-noticiasdestaque"],"_links":{"self":[{"href":"https:\/\/jorgezanoni.com.br\/2019\/wp-json\/wp\/v2\/posts\/27753","targetHints":{"allow":["GET"]}}],"collection":[{"href":"https:\/\/jorgezanoni.com.br\/2019\/wp-json\/wp\/v2\/posts"}],"about":[{"href":"https:\/\/jorgezanoni.com.br\/2019\/wp-json\/wp\/v2\/types\/post"}],"author":[{"embeddable":true,"href":"https:\/\/jorgezanoni.com.br\/2019\/wp-json\/wp\/v2\/users\/1"}],"replies":[{"embeddable":true,"href":"https:\/\/jorgezanoni.com.br\/2019\/wp-json\/wp\/v2\/comments?post=27753"}],"version-history":[{"count":0,"href":"https:\/\/jorgezanoni.com.br\/2019\/wp-json\/wp\/v2\/posts\/27753\/revisions"}],"wp:featuredmedia":[{"embeddable":true,"href":"https:\/\/jorgezanoni.com.br\/2019\/wp-json\/wp\/v2\/media\/27754"}],"wp:attachment":[{"href":"https:\/\/jorgezanoni.com.br\/2019\/wp-json\/wp\/v2\/media?parent=27753"}],"wp:term":[{"taxonomy":"category","embeddable":true,"href":"https:\/\/jorgezanoni.com.br\/2019\/wp-json\/wp\/v2\/categories?post=27753"},{"taxonomy":"post_tag","embeddable":true,"href":"https:\/\/jorgezanoni.com.br\/2019\/wp-json\/wp\/v2\/tags?post=27753"}],"curies":[{"name":"wp","href":"https:\/\/api.w.org\/{rel}","templated":true}]}}