{"id":27749,"date":"2020-06-06T18:00:24","date_gmt":"2020-06-06T18:00:24","guid":{"rendered":"https:\/\/jorgezanoni.com.br\/2019\/?p=27749"},"modified":"2020-06-06T18:00:24","modified_gmt":"2020-06-06T18:00:24","slug":"apos-agredir-e-ameacar-companheira-homem-e-preso-em-dracena","status":"publish","type":"post","link":"https:\/\/jorgezanoni.com.br\/2019\/apos-agredir-e-ameacar-companheira-homem-e-preso-em-dracena\/","title":{"rendered":"Ap\u00f3s agredir e amea\u00e7ar companheira, homem \u00e9 preso em Dracena"},"content":{"rendered":"<p style=\"font-weight: 400; text-align: justify;\">Nesta madrugada, os Policiais Militares de Dracena, durante patrulhamento se depararam com a vitima que informou ter sido agredida com socos na cabe\u00e7a por seu amasio e que o mesmo estaria ainda no interior da resid\u00eancia. Ao adentrar a resid\u00eancia, os policiais localizaram o autor que foi abordado e conduzido juntamente com a vitima at\u00e9 a delegacia, onde\u00a0\u00a0o autor foi preso em flagrante por viol\u00eancia dom\u00e9stica, vias de fato, inj\u00faria e amea\u00e7a, permaneceu recolhido a disposi\u00e7\u00e3o da justi\u00e7a.<\/p>\n<p style=\"font-weight: 400;\"><strong>#25BPMI\u00a0\u00a0\u00a0\u00a0\u00a0\u00a0\u00a0\u00a0\u00a0\u00a0\u00a0\u00a0\u00a0\u00a0\u00a0\u00a0\u00a0<\/strong><\/p>\n<p style=\"font-weight: 400;\"><strong>#POLICIAMILITARSP<\/strong><\/p>\n<p style=\"font-weight: 400;\"><strong>#AFOR\u00c7AP\u00daBLICADES\u00c3OPAULO<\/strong><\/p>\n<p style=\"font-weight: 400;\"><strong>COMUNICA\u00c7\u00c3O SOCIAL DO 25\u00ba BPM\/I &#8211; Dracena e regi\u00e3o.<\/strong><\/p>\n","protected":false},"excerpt":{"rendered":"<p>Nesta madrugada, os Policiais Militares de Dracena, durante patrulhamento se depararam com a vitima que informou ter sido agredida com socos na cabe\u00e7a por seu amasio e que o mesmo estaria ainda no interior da resid\u00eancia. Ao adentrar a resid\u00eancia, os policiais localizaram o autor que foi abordado e conduzido juntamente com a vitima at\u00e9 [&hellip;]<\/p>\n","protected":false},"author":1,"featured_media":27751,"comment_status":"closed","ping_status":"open","sticky":false,"template":"","format":"standard","meta":{"footnotes":""},"categories":[110,2],"tags":[],"class_list":["post-27749","post","type-post","status-publish","format-standard","has-post-thumbnail","hentry","category-noticiasdestaque","category-policial"],"_links":{"self":[{"href":"https:\/\/jorgezanoni.com.br\/2019\/wp-json\/wp\/v2\/posts\/27749","targetHints":{"allow":["GET"]}}],"collection":[{"href":"https:\/\/jorgezanoni.com.br\/2019\/wp-json\/wp\/v2\/posts"}],"about":[{"href":"https:\/\/jorgezanoni.com.br\/2019\/wp-json\/wp\/v2\/types\/post"}],"author":[{"embeddable":true,"href":"https:\/\/jorgezanoni.com.br\/2019\/wp-json\/wp\/v2\/users\/1"}],"replies":[{"embeddable":true,"href":"https:\/\/jorgezanoni.com.br\/2019\/wp-json\/wp\/v2\/comments?post=27749"}],"version-history":[{"count":0,"href":"https:\/\/jorgezanoni.com.br\/2019\/wp-json\/wp\/v2\/posts\/27749\/revisions"}],"wp:featuredmedia":[{"embeddable":true,"href":"https:\/\/jorgezanoni.com.br\/2019\/wp-json\/wp\/v2\/media\/27751"}],"wp:attachment":[{"href":"https:\/\/jorgezanoni.com.br\/2019\/wp-json\/wp\/v2\/media?parent=27749"}],"wp:term":[{"taxonomy":"category","embeddable":true,"href":"https:\/\/jorgezanoni.com.br\/2019\/wp-json\/wp\/v2\/categories?post=27749"},{"taxonomy":"post_tag","embeddable":true,"href":"https:\/\/jorgezanoni.com.br\/2019\/wp-json\/wp\/v2\/tags?post=27749"}],"curies":[{"name":"wp","href":"https:\/\/api.w.org\/{rel}","templated":true}]}}