{"id":27746,"date":"2020-06-06T17:19:50","date_gmt":"2020-06-06T17:19:50","guid":{"rendered":"https:\/\/jorgezanoni.com.br\/2019\/?p=27746"},"modified":"2020-06-06T17:21:01","modified_gmt":"2020-06-06T17:21:01","slug":"policia-civil-captura-homem-procurado-pela-justica-em-dracena","status":"publish","type":"post","link":"https:\/\/jorgezanoni.com.br\/2019\/policia-civil-captura-homem-procurado-pela-justica-em-dracena\/","title":{"rendered":"Pol\u00edcia Civil captura homem procurado pela Justi\u00e7a em Dracena"},"content":{"rendered":"<p style=\"text-align: justify;\">Em desfavor do homem havia um mandado de pris\u00e3o por senten\u00e7a definitiva pelos crimes de tr\u00e1fico de drogas e associa\u00e7\u00e3o para tr\u00e1fico, no \u00e2mbito da \u201cOpera\u00e7\u00e3o J\u00fapiter\u201d, desencadeada em 2012.<\/p>\n<p style=\"text-align: justify;\">A Pol\u00edcia Civil, por interm\u00e9dio das unidades de Delegacias Especializadas (Delegacia de Investiga\u00e7\u00f5es Gerais &#8211; DIG e Delegacia de Investiga\u00e7\u00e3o Sobre Entorpecentes &#8211; DISE), prendeu na sexta-feira (5), um homem de 48 anos que tinha em seu desfavor um mandado de pris\u00e3o em regime fechado por senten\u00e7a definitiva pelos crimes de tr\u00e1fico de drogas e associa\u00e7\u00e3o para o tr\u00e1fico.<br \/>\nO homem que possu\u00eda antecedentes criminais em dois estados, S\u00e3o Paulo e Rio Grande do Sul, foi localizado por agentes das unidades especializadas na rua Almirante Barroso, no bairro Santa Clara, em Dracena. N\u00e3o houve resist\u00eancia \u00e0 pris\u00e3o.<br \/>\nAp\u00f3s ser capturado, o homem foi encaminhado \u00e0 delegacia, onde foi dado o fiel cumprimento ao mandado de pris\u00e3o e, em seguida transferido para uma unidade prisional da regi\u00e3o.<br \/>\nA pris\u00e3o, foi resultado do trabalho de investiga\u00e7\u00e3o e uso de t\u00e9cnicas de intelig\u00eancia realizado pela Pol\u00edcia Civil, no \u00e2mbito do inqu\u00e9rito policial que deflagrou a \u201cOpera\u00e7\u00e3o J\u00fapiter\u201d, no ano 2012, cujo o objetivo visou o combate aos crimes de tr\u00e1fico de drogas e associa\u00e7\u00e3o para tr\u00e1fico de drogas praticados na cidade de Dracena.<br \/>\nCom senten\u00e7a de condena\u00e7\u00e3o penal definitiva, mantida pelo Tribunal de Justi\u00e7a, foram expedidos sete mandados de pris\u00e3o, e com a pris\u00e3o ocorrida na sexta-feira (5), cinco mandados j\u00e1 foram cumpridos. Dois indiv\u00edduos ainda se encontram foragidos.<\/p>\n<p style=\"text-align: justify;\">Fonte: Com. Social Pol\u00edcia Civil<\/p>\n","protected":false},"excerpt":{"rendered":"<p>Em desfavor do homem havia um mandado de pris\u00e3o por senten\u00e7a definitiva pelos crimes de tr\u00e1fico de drogas e associa\u00e7\u00e3o para tr\u00e1fico, no \u00e2mbito da \u201cOpera\u00e7\u00e3o J\u00fapiter\u201d, desencadeada em 2012. A Pol\u00edcia Civil, por interm\u00e9dio das unidades de Delegacias Especializadas (Delegacia de Investiga\u00e7\u00f5es Gerais &#8211; DIG e Delegacia de Investiga\u00e7\u00e3o Sobre Entorpecentes &#8211; DISE), prendeu [&hellip;]<\/p>\n","protected":false},"author":1,"featured_media":27747,"comment_status":"closed","ping_status":"open","sticky":false,"template":"","format":"standard","meta":{"footnotes":""},"categories":[110,2],"tags":[],"class_list":["post-27746","post","type-post","status-publish","format-standard","has-post-thumbnail","hentry","category-noticiasdestaque","category-policial"],"_links":{"self":[{"href":"https:\/\/jorgezanoni.com.br\/2019\/wp-json\/wp\/v2\/posts\/27746","targetHints":{"allow":["GET"]}}],"collection":[{"href":"https:\/\/jorgezanoni.com.br\/2019\/wp-json\/wp\/v2\/posts"}],"about":[{"href":"https:\/\/jorgezanoni.com.br\/2019\/wp-json\/wp\/v2\/types\/post"}],"author":[{"embeddable":true,"href":"https:\/\/jorgezanoni.com.br\/2019\/wp-json\/wp\/v2\/users\/1"}],"replies":[{"embeddable":true,"href":"https:\/\/jorgezanoni.com.br\/2019\/wp-json\/wp\/v2\/comments?post=27746"}],"version-history":[{"count":0,"href":"https:\/\/jorgezanoni.com.br\/2019\/wp-json\/wp\/v2\/posts\/27746\/revisions"}],"wp:featuredmedia":[{"embeddable":true,"href":"https:\/\/jorgezanoni.com.br\/2019\/wp-json\/wp\/v2\/media\/27747"}],"wp:attachment":[{"href":"https:\/\/jorgezanoni.com.br\/2019\/wp-json\/wp\/v2\/media?parent=27746"}],"wp:term":[{"taxonomy":"category","embeddable":true,"href":"https:\/\/jorgezanoni.com.br\/2019\/wp-json\/wp\/v2\/categories?post=27746"},{"taxonomy":"post_tag","embeddable":true,"href":"https:\/\/jorgezanoni.com.br\/2019\/wp-json\/wp\/v2\/tags?post=27746"}],"curies":[{"name":"wp","href":"https:\/\/api.w.org\/{rel}","templated":true}]}}