{"id":27694,"date":"2020-06-06T02:11:15","date_gmt":"2020-06-06T02:11:15","guid":{"rendered":"https:\/\/jorgezanoni.com.br\/2019\/?p=27694"},"modified":"2020-06-06T02:11:15","modified_gmt":"2020-06-06T02:11:15","slug":"rapaz-acaba-preso-em-flagrante-apos-acertar-11-facadas-em-homem-e-alegar-legitima-defesa","status":"publish","type":"post","link":"https:\/\/jorgezanoni.com.br\/2019\/rapaz-acaba-preso-em-flagrante-apos-acertar-11-facadas-em-homem-e-alegar-legitima-defesa\/","title":{"rendered":"Rapaz acaba preso em flagrante ap\u00f3s acertar 11 facadas em homem e alegar \u2018leg\u00edtima defesa\u2019"},"content":{"rendered":"<h2 class=\"content-head__subtitle\" style=\"text-align: justify;\"><strong>V\u00edtima foi atingida no peito e nas costas e encaminhada a atendimento m\u00e9dico no Hospital Estadual de Porto Primavera, em Rosana.<\/strong><\/h2>\n<div class=\"mc-column content-text active-extra-styles \" data-block-type=\"unstyled\" data-block-weight=\"30\" data-block-id=\"2\">\n<p class=\"content-text__container \" style=\"text-align: justify;\" data-track-category=\"Link no Texto\" data-track-links=\"\">Um rapaz de 18 anos foi preso em flagrante nesta sexta-feira (5) por suspeita de envolvimento em uma tentativa de homic\u00eddio qualificado no distrito de Porto Primavera, em\u00a0<a href=\"https:\/\/g1.globo.com\/sp\/presidente-prudente-regiao\/cidade\/rosana\/\">Rosana (SP)<\/a>.<\/p>\n<\/div>\n<div class=\"wall protected-content\">\n<div class=\"mc-column content-text active-extra-styles \" style=\"text-align: justify;\" data-block-type=\"unstyled\" data-block-weight=\"41\" data-block-id=\"3\">\n<p class=\"content-text__container \" data-track-category=\"Link no Texto\" data-track-links=\"\">A v\u00edtima foi um homem de 31 anos, que recebeu, segundo a Pol\u00edcia Civil, 11 facadas no peito e nas costas, ferimentos que lhes causaram perfura\u00e7\u00f5es nos pulm\u00f5es, e est\u00e1 internado no Hospital Estadual de Porto Primavera, onde recebe atendimento m\u00e9dico.<\/p>\n<\/div>\n<div class=\"mc-column content-text active-extra-styles \" style=\"text-align: justify;\" data-block-type=\"unstyled\" data-block-weight=\"16\" data-block-id=\"4\">\n<p class=\"content-text__container \" data-track-category=\"Link no Texto\" data-track-links=\"\">O crime ocorreu na madrugada desta sexta-feira (5) e teria sido motivado por uma mera discuss\u00e3o.<\/p>\n<\/div>\n<div class=\"mc-column content-text active-extra-styles \" style=\"text-align: justify;\" data-block-type=\"unstyled\" data-block-weight=\"39\" data-block-id=\"5\">\n<p class=\"content-text__container \" data-track-category=\"Link no Texto\" data-track-links=\"\">Ap\u00f3s iniciadas as investiga\u00e7\u00f5es, a Pol\u00edcia Civil identificou e localizou o suspeito, com o apoio da Pol\u00edcia Militar, a partir das descri\u00e7\u00f5es repassadas pela v\u00edtima, e ele confessou a pr\u00e1tica do crime, mas alegou que agiu em \u201cleg\u00edtima defesa\u201d.<\/p>\n<\/div>\n<div class=\"mc-column content-text active-extra-styles \" style=\"text-align: justify;\" data-block-type=\"unstyled\" data-block-weight=\"22\" data-block-id=\"6\">\n<p class=\"content-text__container \" data-track-category=\"Link no Texto\" data-track-links=\"\">A arma do crime, uma faca com cerca de 20 cent\u00edmetros de l\u00e2mina, foi encontrada escondida nos fundos da resid\u00eancia do indiciado.<\/p>\n<\/div>\n<div class=\"mc-column content-text active-extra-styles \" style=\"text-align: justify;\" data-block-type=\"unstyled\" data-block-weight=\"40\" data-block-id=\"7\">\n<p class=\"content-text__container \" data-track-category=\"Link no Texto\" data-track-links=\"\">O rapaz alegou, segundo a Pol\u00edcia Civil, que a v\u00edtima estaria armada com aquela faca e que teria tentado lhe agredir. Ainda segundo a vers\u00e3o do indiciado, ele conseguiu desarm\u00e1-la e, ent\u00e3o, a teria golpeado para defender a pr\u00f3pria vida.<\/p>\n<\/div>\n<div class=\"mc-column content-text active-extra-styles \" data-block-type=\"unstyled\" data-block-weight=\"52\" data-block-id=\"8\">\n<p class=\"content-text__container \" style=\"text-align: justify;\" data-track-category=\"Link no Texto\" data-track-links=\"\">No entanto, a vers\u00e3o n\u00e3o convenceu a pol\u00edcia que, durante as investiga\u00e7\u00f5es, conseguiu provar que a faca pertencia ao indiciado e que, ap\u00f3s uma breve discuss\u00e3o, o autor se dirigiu at\u00e9 a sua casa, onde se armou e retornou ao encontro da v\u00edtima e tentou mat\u00e1-la, fugindo do local logo em seguida.<\/p>\n<div class=\"mc-column content-text active-extra-styles \" style=\"text-align: justify;\" data-block-type=\"unstyled\" data-block-weight=\"24\" data-block-id=\"10\">\n<p class=\"content-text__container \" data-track-category=\"Link no Texto\" data-track-links=\"\">Foi decretada a pris\u00e3o em flagrante do indiciado pela pr\u00e1tica do crime de tentativa de homic\u00eddio qualificado pelo motivo f\u00fatil, que tem natureza hedionda.<\/p>\n<\/div>\n<div class=\"mc-column content-text active-extra-styles \" style=\"text-align: justify;\" data-block-type=\"unstyled\" data-block-weight=\"34\" data-block-id=\"11\">\n<p class=\"content-text__container \" data-track-category=\"Link no Texto\" data-track-links=\"\">A Pol\u00edcia Civil tamb\u00e9m representou \u00e0 Justi\u00e7a pela decreta\u00e7\u00e3o da pris\u00e3o preventiva do indiciado, tendo em vista que as circunst\u00e2ncias concretas apontam que ele agiu com extrema crueldade e em claro ato de premedita\u00e7\u00e3o.<\/p>\n<\/div>\n<div class=\"row medium-uncollapsed content-media content-photo\" style=\"text-align: justify;\" data-block-type=\"backstage-photo\" data-block-id=\"12\">\n<div class=\"mc-column content-media__container\">\n<figure><img decoding=\"async\" class=\"i-amphtml-fill-content i-amphtml-replaced-content\" src=\"https:\/\/s2.glbimg.com\/7b49lkDePuiO3T-Xp63zXEoU9BU=\/0x0:648x1152\/984x0\/smart\/filters:strip_icc()\/i.s3.glbimg.com\/v1\/AUTH_59edd422c0c84a879bd37670ae4f538a\/internal_photos\/bs\/2020\/y\/i\/mau3yWQua3fNGCAWZPVA\/rosana-2.jpg\" sizes=\"(max-width: 1242px) 648px, 100vw\" srcset=\"https:\/\/s2.glbimg.com\/3DKuN0xDGh0Z3V-DGQ8fx33ceAk=\/0x0:648x1152\/1000x0\/smart\/filters:strip_icc()\/i.s3.glbimg.com\/v1\/AUTH_59edd422c0c84a879bd37670ae4f538a\/internal_photos\/bs\/2020\/y\/i\/mau3yWQua3fNGCAWZPVA\/rosana-2.jpg 1000w, https:\/\/s2.glbimg.com\/7b49lkDePuiO3T-Xp63zXEoU9BU=\/0x0:648x1152\/984x0\/smart\/filters:strip_icc()\/i.s3.glbimg.com\/v1\/AUTH_59edd422c0c84a879bd37670ae4f538a\/internal_photos\/bs\/2020\/y\/i\/mau3yWQua3fNGCAWZPVA\/rosana-2.jpg 984w, https:\/\/s2.glbimg.com\/M_O-Dl5EFOHc5ZFOAPdtZ7XtiMU=\/0x0:648x1152\/640x0\/smart\/filters:strip_icc()\/i.s3.glbimg.com\/v1\/AUTH_59edd422c0c84a879bd37670ae4f538a\/internal_photos\/bs\/2020\/y\/i\/mau3yWQua3fNGCAWZPVA\/rosana-2.jpg 640w, https:\/\/s2.glbimg.com\/KY_h9wNC8Z42cHa7atTMm4R1lrU=\/0x0:648x1152\/600x0\/smart\/filters:strip_icc()\/i.s3.glbimg.com\/v1\/AUTH_59edd422c0c84a879bd37670ae4f538a\/internal_photos\/bs\/2020\/y\/i\/mau3yWQua3fNGCAWZPVA\/rosana-2.jpg 600w\" alt=\"Homem foi atingido com 11 facadas no peito e nas costas \u2014 Foto: Pol\u00edcia Civil\" \/><\/figure>\n<p class=\"content-media__description \">Homem foi atingido com 11 facadas no peito e nas costas \u2014 Foto: Pol\u00edcia Civil<\/p>\n<\/div>\n<\/div>\n<div class=\"row medium-uncollapsed content-media content-photo\" data-block-type=\"backstage-photo\" data-block-id=\"13\">\n<div class=\"mc-column content-media__container\">\n<figure style=\"text-align: justify;\"><img decoding=\"async\" class=\"i-amphtml-fill-content i-amphtml-replaced-content\" src=\"https:\/\/s2.glbimg.com\/CVBjUM__Jlci-5lYbrWq2mSFbjM=\/0x0:648x1152\/984x0\/smart\/filters:strip_icc()\/i.s3.glbimg.com\/v1\/AUTH_59edd422c0c84a879bd37670ae4f538a\/internal_photos\/bs\/2020\/8\/z\/uLRoL9RGmOeU8SpV5bLg\/rosana-3.jpg\" sizes=\"(max-width: 1242px) 648px, 100vw\" srcset=\"https:\/\/s2.glbimg.com\/VjihfwZYtqylJ_cNVX_Gf8m0SmY=\/0x0:648x1152\/1000x0\/smart\/filters:strip_icc()\/i.s3.glbimg.com\/v1\/AUTH_59edd422c0c84a879bd37670ae4f538a\/internal_photos\/bs\/2020\/8\/z\/uLRoL9RGmOeU8SpV5bLg\/rosana-3.jpg 1000w, https:\/\/s2.glbimg.com\/CVBjUM__Jlci-5lYbrWq2mSFbjM=\/0x0:648x1152\/984x0\/smart\/filters:strip_icc()\/i.s3.glbimg.com\/v1\/AUTH_59edd422c0c84a879bd37670ae4f538a\/internal_photos\/bs\/2020\/8\/z\/uLRoL9RGmOeU8SpV5bLg\/rosana-3.jpg 984w, https:\/\/s2.glbimg.com\/X4jVw2uUukYCrTzeazLrtIulHAY=\/0x0:648x1152\/640x0\/smart\/filters:strip_icc()\/i.s3.glbimg.com\/v1\/AUTH_59edd422c0c84a879bd37670ae4f538a\/internal_photos\/bs\/2020\/8\/z\/uLRoL9RGmOeU8SpV5bLg\/rosana-3.jpg 640w, https:\/\/s2.glbimg.com\/iCIS2GghJLi93wxKuB_5uU0LVVo=\/0x0:648x1152\/600x0\/smart\/filters:strip_icc()\/i.s3.glbimg.com\/v1\/AUTH_59edd422c0c84a879bd37670ae4f538a\/internal_photos\/bs\/2020\/8\/z\/uLRoL9RGmOeU8SpV5bLg\/rosana-3.jpg 600w\" alt=\"Homem foi atingido com 11 facadas no peito e nas costas \u2014 Foto: Pol\u00edcia Civil\" \/><\/figure>\n<p class=\"content-media__description \" style=\"text-align: justify;\">Homem foi atingido com 11 facadas no peito e nas costas \u2014 Foto: Pol\u00edcia Civil<\/p>\n<p style=\"text-align: justify;\">Fonte: G1<\/p>\n<\/div>\n<\/div>\n<\/div>\n<\/div>\n","protected":false},"excerpt":{"rendered":"<p>V\u00edtima foi atingida no peito e nas costas e encaminhada a atendimento m\u00e9dico no Hospital Estadual de Porto Primavera, em Rosana. Um rapaz de 18 anos foi preso em flagrante nesta sexta-feira (5) por suspeita de envolvimento em uma tentativa de homic\u00eddio qualificado no distrito de Porto Primavera, em\u00a0Rosana (SP). A v\u00edtima foi um homem [&hellip;]<\/p>\n","protected":false},"author":1,"featured_media":27695,"comment_status":"closed","ping_status":"open","sticky":false,"template":"","format":"standard","meta":{"footnotes":""},"categories":[110,2],"tags":[],"class_list":["post-27694","post","type-post","status-publish","format-standard","has-post-thumbnail","hentry","category-noticiasdestaque","category-policial"],"_links":{"self":[{"href":"https:\/\/jorgezanoni.com.br\/2019\/wp-json\/wp\/v2\/posts\/27694","targetHints":{"allow":["GET"]}}],"collection":[{"href":"https:\/\/jorgezanoni.com.br\/2019\/wp-json\/wp\/v2\/posts"}],"about":[{"href":"https:\/\/jorgezanoni.com.br\/2019\/wp-json\/wp\/v2\/types\/post"}],"author":[{"embeddable":true,"href":"https:\/\/jorgezanoni.com.br\/2019\/wp-json\/wp\/v2\/users\/1"}],"replies":[{"embeddable":true,"href":"https:\/\/jorgezanoni.com.br\/2019\/wp-json\/wp\/v2\/comments?post=27694"}],"version-history":[{"count":0,"href":"https:\/\/jorgezanoni.com.br\/2019\/wp-json\/wp\/v2\/posts\/27694\/revisions"}],"wp:featuredmedia":[{"embeddable":true,"href":"https:\/\/jorgezanoni.com.br\/2019\/wp-json\/wp\/v2\/media\/27695"}],"wp:attachment":[{"href":"https:\/\/jorgezanoni.com.br\/2019\/wp-json\/wp\/v2\/media?parent=27694"}],"wp:term":[{"taxonomy":"category","embeddable":true,"href":"https:\/\/jorgezanoni.com.br\/2019\/wp-json\/wp\/v2\/categories?post=27694"},{"taxonomy":"post_tag","embeddable":true,"href":"https:\/\/jorgezanoni.com.br\/2019\/wp-json\/wp\/v2\/tags?post=27694"}],"curies":[{"name":"wp","href":"https:\/\/api.w.org\/{rel}","templated":true}]}}