{"id":27691,"date":"2020-06-06T01:10:44","date_gmt":"2020-06-06T01:10:44","guid":{"rendered":"https:\/\/jorgezanoni.com.br\/2019\/?p=27691"},"modified":"2020-06-06T01:10:44","modified_gmt":"2020-06-06T01:10:44","slug":"a-utilizacao-das-mascaras","status":"publish","type":"post","link":"https:\/\/jorgezanoni.com.br\/2019\/a-utilizacao-das-mascaras\/","title":{"rendered":"A Utiliza\u00e7\u00e3o das M\u00e1scaras&#8230;"},"content":{"rendered":"<p style=\"text-align: justify;\"><strong>A UTILIZA\u00c7\u00c3O DE M\u00c1SCARAS&#8230;\u00a0 \u00a0 \u00a0 \u00a0 \u00a0 \u00a0 \u00a0 \u00a0 \u00a0 \u00a0 \u00a0 \u00a0 \u00a0 \u00a0 \u00a0 \u00a0 \u00a0 \u00a0 \u00a0 \u00a0 \u00a0 \u00a0 \u00a0 \u00a0 \u00a0 \u00a0 \u00a0 \u00a0 \u00a0 \u00a0 \u00a0 \u00a0 \u00a0 \u00a0 \u00a0 \u00a0 \u00a0 \u00a0 \u00a0 \u00a0 \u00a0 \u00a0 \u00a0 \u00a0 \u00a0 \u00a0 \u00a0 \u00a0 \u00a0 \u00a0 \u00a0 \u00a0 \u00a0\u00a0<\/strong><\/p>\n<p style=\"text-align: justify;\"><strong>\u00a0<\/strong><strong>*CLAUDIVAL CLEMENTE.<\/strong><\/p>\n<p style=\"text-align: justify;\"><strong>**CLAUDIVAL MOURA CLEMENTE<\/strong><\/p>\n<p style=\"text-align: justify;\">Desde o in\u00edcio da pandemia da SARS-Cov2, v\u00edrus respons\u00e1vel pela contamina\u00e7\u00e3o da Covid19, alguns cuidados foram ensinados para toda a popula\u00e7\u00e3o, pois como se sabe a contamina\u00e7\u00e3o se d\u00e1 de pessoa a pessoa, por meio das part\u00edculas de saliva, expelidas pela fala, tosse ou espirros, sendo proibido qualquer contato f\u00edsico, seja aperto de m\u00e3o, abra\u00e7o ou beijos, pois todos estes pequenos atos, pr\u00f3prios dos brasileiros, podem ocasionar a transmiss\u00e3o do v\u00edrus.<\/p>\n<p style=\"text-align: justify;\">As autoridades estatuais e municipais resolveram decretar o isolamento social, como uma das medidas de preven\u00e7\u00e3o do avan\u00e7o do coronav\u00edrus, evitando que as pessoas fossem ao trabalho, escola e outras atividades, justamente para impedir a aglomera\u00e7\u00e3o de pessoas, pois \u00e9 neste ambiente que o v\u00edrus pode se espalhar com maior facilidade.<\/p>\n<p style=\"text-align: justify;\">O uso de m\u00e1scaras tamb\u00e9m foi recomendado, pois impede que as got\u00edculas da saliva sejam expelidas e, em caso da pessoa estar contaminada n\u00e3o passa para outras pessoas e diminui enormemente a possibilidade de uma pessoa sadia ser contaminada pelo v\u00edrus.<\/p>\n<p style=\"text-align: justify;\">Por\u00e9m, existem alguns requisitos para a utiliza\u00e7\u00e3o de m\u00e1scaras, nem sempre bem observados pela popula\u00e7\u00e3o. As m\u00e1scaras mais seguras s\u00e3o as de tecido \u2013 de algod\u00e3o \u2013 pois s\u00e3o mais resistentes \u00e0 uma poss\u00edvel contamina\u00e7\u00e3o, devem ser trocadas a cada 3 horas de uso, porque devido \u00e0 respira\u00e7\u00e3o do usu\u00e1rio, elas perdem a capacidade de filtrar a entrada do v\u00edrus. Depois de colocada n\u00e3o se deve tocar na m\u00e1scara, pois a ideia da m\u00e1scara \u00e9 justamente impedir que o v\u00edrus chegue at\u00e9 a pessoa e, teoricamente ela pode ser retida pela m\u00e1scara e tocar na m\u00e1scara, significa que pode se contaminar no v\u00edrus que eventualmente esteja ali retido. O ideal \u00e9 al\u00e9m de n\u00e3o tocar a m\u00e1scara, tamb\u00e9m n\u00e3o tocar nenhuma parte do rosto, especialmente os olhos, pois o v\u00edrus pode entrar no corpo humano tamb\u00e9m pelos olhos.<\/p>\n<p style=\"text-align: justify;\">Antes de fazer a troca da m\u00e1scara, deve-se higienizar as m\u00e3os com \u00e1lcool gel e colocar uma outra m\u00e1scara. A m\u00e1scara descartada n\u00e3o deve ser tocada tamb\u00e9m, apanhada somente pelas al\u00e7as e acondicionada em um saco pl\u00e1stico, para ser posteriormente lavada junto com as outras,em\u00a0 uma solu\u00e7\u00e3o de uma colher de sobremesa de \u00e1gua sanit\u00e1ria para meio litro de \u00e1gua entre 10 a 20 minutos e deixar que sequem \u00e0 sombra.<\/p>\n<p style=\"text-align: justify;\">As m\u00e1scaras devem ser utilizadas sempre que existir contato com outras pessoas, como por exemplo, atender um entregador de mercadorias e tamb\u00e9m ao fazer a higieniza\u00e7\u00e3o das mercadorias recebidas na entrega ou vindas do supermercado.<\/p>\n<p style=\"text-align: justify;\">No estado de S\u00e3o Paulo j\u00e1 existe a determina\u00e7\u00e3o legal de se utilizar as m\u00e1scaras em todo e qualquer recinto, at\u00e9 mesmo nos condom\u00ednios, onde exista o contato com v\u00e1rias pessoas, sendo obrigat\u00f3rio o uso em transportes p\u00fablicos e t\u00e1xis ou transportes por aplicativos.<\/p>\n<p style=\"text-align: justify;\">Encontra-se em tramita\u00e7\u00e3o no Congresso Nacional um projeto de lei j\u00e1 aprovado pelo Senado Federal tornando obrigat\u00f3rio o uso de m\u00e1scaras em todo o territ\u00f3rio nacional, em locais p\u00fablicos e em transportes p\u00fablicos tamb\u00e9m, incluindo t\u00e1xis, transportes por aplicativos e avi\u00f5es.<\/p>\n<p style=\"text-align: justify;\">A correta\u00a0\u00a0 utiliza\u00e7\u00e3o de m\u00e1scaras nos tempos atuais, se mostra de extrema import\u00e2ncia, pois estamos vivendo o processo de flexibiliza\u00e7\u00e3o da quarentena, com abertura gradual dos com\u00e9rcios n\u00e3o essenciais, incluindo os shopping centers, que normalmente causam aglomera\u00e7\u00e3o de pessoas, o que deve ser evitado pelos dirigentes lojistas e pelas autoridades municipais.<\/p>\n<p style=\"text-align: justify;\">Naturalmente que a reabertura do com\u00e9rcio ser\u00e1 precedida de um exigente protocolo de cuidados b\u00e1sicos; mas a popula\u00e7\u00e3o em geral deve sempre ficar atenta \u00e0 todas as recomenda\u00e7\u00f5es anteriores, pois ainda ir\u00e1 demorar um certo tempo para que o pa\u00eds fique totalmente livre da circula\u00e7\u00e3o do v\u00edrus.<\/p>\n<p style=\"text-align: justify;\">Estes cuidados todos devem ser incorporados como h\u00e1bitos das pessoas, lavar as m\u00e3os com frequ\u00eancia, evitar tocar a boca, o nariz e os olhos com as m\u00e3os, cobrir a boca quando tossir ou espirrar, assim como higienizar sempre as m\u00e3os com \u00e1lcool gel e todas as mercadorias que receberem em casa ou que comprarem nos mercados.<\/p>\n<p style=\"text-align: justify;\">Juntos somos mais fortes, juntos venceremos. O Brasil ir\u00e1 vencer o v\u00edrus. O Brasil precisa de todos n\u00f3s.<\/p>\n<p style=\"text-align: justify;\">Participe enviando d\u00favidas, coment\u00e1rios ou sugest\u00f5es para<a href=\"mailto:bcrcconsultoria@gmail.com\">bcrcnews.wixsite.com<\/a> e tamb\u00e9m no facebook, onde podereler este e outros artigos. At\u00e9 a pr\u00f3xima.<\/p>\n<p style=\"text-align: justify;\">*Formado em Direito pela Universidade Estadual de Direito do Norte Pioneiro em Jacarezinho e em Administra\u00e7\u00e3o de Empresas nas Faculdades Integradas de Ourinhos. MBA em Comunica\u00e7\u00e3o Corporativa pela Universidade Est\u00e1cio de S\u00e1(em curso) . S\u00f3cio s\u00eanior da BCRC Consultoria em Comunica\u00e7\u00e3o.<\/p>\n<p style=\"text-align: justify;\">** Revis\u00e3o e colabora\u00e7\u00e3o\u00a0 &#8211; Administrador de Empresas pela Universidade Cidade de S\u00e3o Paulo &#8211; UNICID.<\/p>\n","protected":false},"excerpt":{"rendered":"<p>A UTILIZA\u00c7\u00c3O DE M\u00c1SCARAS&#8230;\u00a0 \u00a0 \u00a0 \u00a0 \u00a0 \u00a0 \u00a0 \u00a0 \u00a0 \u00a0 \u00a0 \u00a0 \u00a0 \u00a0 \u00a0 \u00a0 \u00a0 \u00a0 \u00a0 \u00a0 \u00a0 \u00a0 \u00a0 \u00a0 \u00a0 \u00a0 \u00a0 \u00a0 \u00a0 \u00a0 \u00a0 \u00a0 \u00a0 \u00a0 \u00a0 \u00a0 \u00a0 \u00a0 \u00a0 \u00a0 \u00a0 \u00a0 \u00a0 \u00a0 \u00a0 \u00a0 \u00a0 \u00a0 \u00a0 \u00a0 \u00a0 \u00a0 [&hellip;]<\/p>\n","protected":false},"author":1,"featured_media":27692,"comment_status":"closed","ping_status":"open","sticky":false,"template":"","format":"standard","meta":{"footnotes":""},"categories":[175],"tags":[],"class_list":["post-27691","post","type-post","status-publish","format-standard","has-post-thumbnail","hentry","category-artigos"],"_links":{"self":[{"href":"https:\/\/jorgezanoni.com.br\/2019\/wp-json\/wp\/v2\/posts\/27691","targetHints":{"allow":["GET"]}}],"collection":[{"href":"https:\/\/jorgezanoni.com.br\/2019\/wp-json\/wp\/v2\/posts"}],"about":[{"href":"https:\/\/jorgezanoni.com.br\/2019\/wp-json\/wp\/v2\/types\/post"}],"author":[{"embeddable":true,"href":"https:\/\/jorgezanoni.com.br\/2019\/wp-json\/wp\/v2\/users\/1"}],"replies":[{"embeddable":true,"href":"https:\/\/jorgezanoni.com.br\/2019\/wp-json\/wp\/v2\/comments?post=27691"}],"version-history":[{"count":0,"href":"https:\/\/jorgezanoni.com.br\/2019\/wp-json\/wp\/v2\/posts\/27691\/revisions"}],"wp:featuredmedia":[{"embeddable":true,"href":"https:\/\/jorgezanoni.com.br\/2019\/wp-json\/wp\/v2\/media\/27692"}],"wp:attachment":[{"href":"https:\/\/jorgezanoni.com.br\/2019\/wp-json\/wp\/v2\/media?parent=27691"}],"wp:term":[{"taxonomy":"category","embeddable":true,"href":"https:\/\/jorgezanoni.com.br\/2019\/wp-json\/wp\/v2\/categories?post=27691"},{"taxonomy":"post_tag","embeddable":true,"href":"https:\/\/jorgezanoni.com.br\/2019\/wp-json\/wp\/v2\/tags?post=27691"}],"curies":[{"name":"wp","href":"https:\/\/api.w.org\/{rel}","templated":true}]}}