{"id":27687,"date":"2020-06-06T00:57:55","date_gmt":"2020-06-06T00:57:55","guid":{"rendered":"https:\/\/jorgezanoni.com.br\/2019\/?p=27687"},"modified":"2020-06-06T01:00:02","modified_gmt":"2020-06-06T01:00:02","slug":"sistema-prisional-no-oeste-paulista-tem-67-confirmacoes-e-cinco-mortes-de-servidores-por-covid-19-aponta-sindicato","status":"publish","type":"post","link":"https:\/\/jorgezanoni.com.br\/2019\/sistema-prisional-no-oeste-paulista-tem-67-confirmacoes-e-cinco-mortes-de-servidores-por-covid-19-aponta-sindicato\/","title":{"rendered":"Sistema prisional no Oeste Paulista tem 67 confirma\u00e7\u00f5es e cinco mortes de servidores por Covid-19, aponta sindicato"},"content":{"rendered":"<h2 class=\"content-head__subtitle\" style=\"text-align: justify;\"><strong>Dados foram divulgados pelo Sindicato dos Funcion\u00e1rios do Sistema Prisional do Estado de S\u00e3o Paulo (Sifuspesp). Regi\u00e3o de Presidente Prudente \u00e9 a mais afetada pelo novo coronav\u00edrus.<\/strong><\/h2>\n<div class=\"mc-column content-text active-extra-styles \" data-block-type=\"unstyled\" data-block-weight=\"50\" data-block-id=\"2\">\n<p class=\"content-text__container \" style=\"text-align: justify;\" data-track-category=\"Link no Texto\" data-track-links=\"\">Um levantamento realizado pelo Sindicato dos Funcion\u00e1rios do Sistema Prisional do Estado de S\u00e3o Paulo (Sifuspesp) apontou que 67 funcion\u00e1rios penitenci\u00e1rios foram infectados pelo novo coronav\u00edrus em pres\u00eddios na regi\u00e3o de\u00a0<a href=\"https:\/\/g1.globo.com\/sp\/presidente-prudente-regiao\/cidade\/presidente-prudente\/\">Presidente Prudente<\/a>. De acordo com o sindicato, cinco servidores que atuavam no Oeste Paulista morreram em decorr\u00eancia da Covid-19.<\/p>\n<\/div>\n<div class=\"wall protected-content\">\n<div class=\"mc-column content-text active-extra-styles \" style=\"text-align: justify;\" data-block-type=\"unstyled\" data-block-weight=\"18\" data-block-id=\"3\">\n<p class=\"content-text__container \" data-track-category=\"Link no Texto\" data-track-links=\"\">O levantamento foi realizado a partir de informa\u00e7\u00f5es fornecidas pela pr\u00f3pria categoria e apuradas pela dire\u00e7\u00e3o do sindicato.<\/p>\n<\/div>\n<div class=\"mc-column content-text active-extra-styles \" style=\"text-align: justify;\" data-block-type=\"unstyled\" data-block-weight=\"10\" data-block-id=\"4\">\n<p class=\"content-text__container \" data-track-category=\"Link no Texto\" data-track-links=\"\">No Estado, s\u00e3o 185 servidores penitenci\u00e1rios infectados e 14 mortos.<\/p>\n<\/div>\n<div class=\"mc-column content-text active-extra-styles \" style=\"text-align: justify;\" data-block-type=\"unstyled\" data-block-weight=\"50\" data-block-id=\"5\">\n<p class=\"content-text__container \" data-track-category=\"Link no Texto\" data-track-links=\"\">De acordo com o Sifuspesp, a morte mais recente \u00e9 a do\u00a0<a href=\"https:\/\/g1.globo.com\/sp\/presidente-prudente-regiao\/noticia\/2020\/06\/05\/morador-de-pacaembu-morre-vitima-da-covid-19-na-santa-casa-de-osvaldo-cruz.ghtml\">policial penal Ant\u00f4nio Dantas, de 60 anos, que trabalhava no Centro de Progress\u00e3o Penitenci\u00e1ria (CPP) de Pacaembu e faleceu nesta sexta-feira (5)<\/a>, ap\u00f3s per\u00edodo de interna\u00e7\u00e3o em um hospital de Osvaldo Cruz. Ele deixa esposa e tr\u00eas filhos.<\/p>\n<\/div>\n<div class=\"mc-column content-text active-extra-styles \" style=\"text-align: justify;\" data-block-type=\"unstyled\" data-block-weight=\"18\" data-block-id=\"6\">\n<p class=\"content-text__container \" data-track-category=\"Link no Texto\" data-track-links=\"\">No levantamento de dados do sindicato, a regi\u00e3o do Oeste Paulista \u00e9 a mais afetada pelo novo coronav\u00edrus.<\/p>\n<\/div>\n<div class=\"mc-column content-text active-extra-styles \" data-block-type=\"unstyled\" data-block-weight=\"65\" data-block-id=\"7\">\n<p class=\"content-text__container \" style=\"text-align: justify;\" data-track-category=\"Link no Texto\" data-track-links=\"\">\u201cO coronav\u00edrus segue se alastrando pelo sistema prisional, e tanto a Secretaria de Administra\u00e7\u00e3o Penitenci\u00e1ria quanto o governador Jo\u00e3o Doria [PSDB] continuam fazendo vistas grossas, de olhos fechados para a gravidade da situa\u00e7\u00e3o e sem fornecer os testes r\u00e1pidos em massa para os trabalhadores e para os detentos. \u00c9 uma bomba rel\u00f3gio com milhares de vidas em risco\u201d, afirmou F\u00e1bio C\u00e9sar Ferreira, presidente do Sifuspesp.<\/p>\n<div class=\"mc-column content-text active-extra-styles \" style=\"text-align: justify;\" data-block-type=\"unstyled\" data-block-weight=\"40\" data-block-id=\"9\">\n<p class=\"content-text__container \" data-track-category=\"Link no Texto\" data-track-links=\"\">De acordo com o Sifuspesp, o sindicato continua travando uma batalha na Justi\u00e7a, com a\u00e7\u00e3o no Minist\u00e9rio P\u00fablico do Trabalho reivindicando os testes r\u00e1pidos em massa, como orienta a Organiza\u00e7\u00e3o Mundial de Sa\u00fade (OMS) para a pandemia no ambiente carcer\u00e1rio.<\/p>\n<\/div>\n<div class=\"row medium-uncollapsed content-text\" style=\"text-align: justify;\" data-block-type=\"table-plugin\" data-block-id=\"10\">\n<div class=\"column medium-centered medium-22 large-20\">\n<div class=\"show-table content-media content-media--normal\">\n<p class=\"mc-column show-table__title\">Casos de Covid-19 em penitenci\u00e1rias do Oeste Paulista<\/p>\n<div class=\"show-table__centralized\">\n<div class=\"show-table__container\">\n<table class=\"show-table__content show-table__content--highlight-top \">\n<tbody>\n<tr>\n<td>UNIDADE PRISIONAL<\/td>\n<td>CONFIRMADOS<\/td>\n<td>MORTES<\/td>\n<\/tr>\n<tr>\n<td>Centro de Progress\u00e3o Penitenci\u00e1ria de Pacaembu<\/td>\n<td>15<\/td>\n<td>1<\/td>\n<\/tr>\n<tr>\n<td>Penitenci\u00e1ria de Dracena<\/td>\n<td>2<\/td>\n<td>1<\/td>\n<\/tr>\n<tr>\n<td>Penitenci\u00e1ria de Irapuru<\/td>\n<td>5<\/td>\n<td><\/td>\n<\/tr>\n<tr>\n<td>Penitenci\u00e1ria de Junqueir\u00f3polis<\/td>\n<td>7<\/td>\n<td><\/td>\n<\/tr>\n<tr>\n<td>Penitenci\u00e1ria de Luc\u00e9lia<\/td>\n<td>1<\/td>\n<td><\/td>\n<\/tr>\n<tr>\n<td>Penitenci\u00e1ria de Presidente Prudente (regime fechado)<\/td>\n<td>10<\/td>\n<td>1<\/td>\n<\/tr>\n<tr>\n<td>Penitenci\u00e1ria 1 de Presidente Venceslau<\/td>\n<td>1<\/td>\n<td><\/td>\n<\/tr>\n<tr>\n<td>Penitenci\u00e1ria de Tupi Paulista (feminina)<\/td>\n<td>2<\/td>\n<td><\/td>\n<\/tr>\n<tr>\n<td>Penitenci\u00e1ria de Tupia Paulista (masculina)<\/td>\n<td>14<\/td>\n<td><\/td>\n<\/tr>\n<tr>\n<td>Penitenci\u00e1ria de Martin\u00f3polis<\/td>\n<td>1<\/td>\n<td><\/td>\n<\/tr>\n<tr>\n<td>Penitenci\u00e1ria de Pracinha<\/td>\n<td>9<\/td>\n<td>2<\/td>\n<\/tr>\n<tr>\n<td>TOTAL<\/td>\n<td>67<\/td>\n<td>5<\/td>\n<\/tr>\n<\/tbody>\n<\/table>\n<\/div>\n<div class=\"show-table__footer\">\n<div class=\"show-table__source\">Fonte: Sifuspesp<\/div>\n<\/div>\n<\/div>\n<\/div>\n<\/div>\n<\/div>\n<div class=\"mc-column content-text active-extra-styles\" style=\"text-align: justify;\" data-block-type=\"raw\" data-block-weight=\"1\" data-block-id=\"11\">\n<div class=\"content-intertitle\">\n<h2>SAP<\/h2>\n<\/div>\n<\/div>\n<div class=\"mc-column content-text active-extra-styles \" style=\"text-align: justify;\" data-block-type=\"unstyled\" data-block-weight=\"30\" data-block-id=\"12\">\n<p class=\"content-text__container \" data-track-category=\"Link no Texto\" data-track-links=\"\">O\u00a0<strong>G1\u00a0<\/strong>solicitou um posicionamento sobre o caso para a Secretaria da Administra\u00e7\u00e3o Penitenci\u00e1ria do Estado de S\u00e3o Paulo (SAP). Em resposta \u00e0 reportagem, a SAP enviou a seguinte nota:<\/p>\n<\/div>\n<div class=\"mc-column content-text active-extra-styles \" style=\"text-align: justify;\" data-block-type=\"unstyled\" data-block-weight=\"145\" data-block-id=\"13\">\n<p class=\"content-text__container \" data-track-category=\"Link no Texto\" data-track-links=\"\"><em>A Secretaria da Administra\u00e7\u00e3o Penitenci\u00e1ria, ao contr\u00e1rio do que afirma o sindicato, vem atuando intensivamente para a prote\u00e7\u00e3o de nosso servidores na atual situa\u00e7\u00e3o de pandemia. Sempre sob orienta\u00e7\u00e3o do Centro de Conting\u00eancia do Coronav\u00edrus do Governo do Estado de S\u00e3o Paulo, foram adotadas diversas medidas, como a restri\u00e7\u00e3o de entrada de pessoas nas unidades prisionais; ampla distribui\u00e7\u00e3o de Equipamentos de Prote\u00e7\u00e3o Individual, especialmente m\u00e1scaras reutiliz\u00e1veis, al\u00e9m de \u00e1lcool gel e outros insumos de prote\u00e7\u00e3o. A testagem em massa da popula\u00e7\u00e3o paulista foi planejada por \u00f3rg\u00e3os t\u00e9cnicos da \u00e1rea de sa\u00fade e contempla os servidores do sistema prisional, bem como os custodiados, em sua segunda fase, com in\u00edcio previsto para os pr\u00f3ximos dias.O presidente do sindicato participou, h\u00e1 poucos dias, de reuni\u00e3o na sede da SAP, oportunidade em que lhe foi informada tal circunst\u00e2ncia de maneira detalhada. Por isso, causa esp\u00e9cie a manifesta\u00e7\u00e3o do presidente indigitado.<\/em><\/p>\n<\/div>\n<div class=\"mc-column content-text active-extra-styles \" data-block-type=\"unstyled\" data-block-weight=\"230\" data-block-id=\"15\">\n<p class=\"content-text__container \" style=\"text-align: justify;\" data-track-category=\"Link no Texto\" data-track-links=\"\"><em>A Pasta se solidariza com a dor dos familiares do servidor Ant\u00f4nio Dantas, funcion\u00e1rio do Centro de Progress\u00e3o Penitenci\u00e1ria (CPP) de Pacaembu que faleceu v\u00edtima da Covid-19. Ao todo, tivemos cinco \u00f3bitos entre funcion\u00e1rios de pres\u00eddios da regi\u00e3o:al\u00e9m de Dantas, Aparecido Cabriotti, da Penitenci\u00e1ria de Dracena; Moacir Batista e Jos\u00e9 Rodrigo Ferreira, que trabalhavam na Penitenci\u00e1ria de Pracinha e T\u00e2nia Magali da Silva, que era servidora da Penitenci\u00e1ria de Presidente Prudente. No CPP de Pacaembu, outros seis servidores se curaram da doen\u00e7a. Um funcion\u00e1rio da Penitenci\u00e1ria de Irapuru tamb\u00e9m j\u00e1 est\u00e1 curado da Covid-19. Dois servidores da Penitenci\u00e1ria de Junqueir\u00f3polis tiveram a doen\u00e7a, sendo que um se curou e outro ainda est\u00e1 em tratamento. Na Penitenci\u00e1ria de Luc\u00e9lia, tr\u00eas funcion\u00e1rios tiveram Covid-19, mas est\u00e3o curados. Na Penitenci\u00e1ria de Presidente Prudente, quatro funcion\u00e1rios conseguiram vencer a doen\u00e7a. Na Penitenci\u00e1ria II de Presidente Vencelau, um funcion\u00e1rios teve a doen\u00e7a mas conseguiu se curar. Na Pentienci\u00e1ria Feminina de Tupi Paulista, uma funcion\u00e1ria est\u00e1 curada. Em Pracinha, nove servidores tiveram Covid-19 mas est\u00e3o todos curados. Em todo o Estado, h\u00e1 141 servidores confirmados com COVID-19, desses, 14 faleceram. Todo servidor com suspeita de diagn\u00f3stico do Covid-19 est\u00e1 devidamente afastado sob medidas de isolamento em sua resid\u00eancia, conforme orienta\u00e7\u00f5es do Comit\u00ea de Conting\u00eancia do coronav\u00edrus e a Secretaria acompanha seu quadro cl\u00ednico, fornecendo todo o suporte necess\u00e1rio para sua recupera\u00e7\u00e3o.<\/em><\/p>\n<p style=\"text-align: justify;\" data-track-category=\"Link no Texto\" data-track-links=\"\">Fonte: G1<\/p>\n<\/div>\n<\/div>\n<\/div>\n","protected":false},"excerpt":{"rendered":"<p>Dados foram divulgados pelo Sindicato dos Funcion\u00e1rios do Sistema Prisional do Estado de S\u00e3o Paulo (Sifuspesp). Regi\u00e3o de Presidente Prudente \u00e9 a mais afetada pelo novo coronav\u00edrus. Um levantamento realizado pelo Sindicato dos Funcion\u00e1rios do Sistema Prisional do Estado de S\u00e3o Paulo (Sifuspesp) apontou que 67 funcion\u00e1rios penitenci\u00e1rios foram infectados pelo novo coronav\u00edrus em pres\u00eddios [&hellip;]<\/p>\n","protected":false},"author":1,"featured_media":27688,"comment_status":"closed","ping_status":"open","sticky":false,"template":"","format":"standard","meta":{"footnotes":""},"categories":[114,110],"tags":[],"class_list":["post-27687","post","type-post","status-publish","format-standard","has-post-thumbnail","hentry","category-geralecomercio","category-noticiasdestaque"],"_links":{"self":[{"href":"https:\/\/jorgezanoni.com.br\/2019\/wp-json\/wp\/v2\/posts\/27687","targetHints":{"allow":["GET"]}}],"collection":[{"href":"https:\/\/jorgezanoni.com.br\/2019\/wp-json\/wp\/v2\/posts"}],"about":[{"href":"https:\/\/jorgezanoni.com.br\/2019\/wp-json\/wp\/v2\/types\/post"}],"author":[{"embeddable":true,"href":"https:\/\/jorgezanoni.com.br\/2019\/wp-json\/wp\/v2\/users\/1"}],"replies":[{"embeddable":true,"href":"https:\/\/jorgezanoni.com.br\/2019\/wp-json\/wp\/v2\/comments?post=27687"}],"version-history":[{"count":0,"href":"https:\/\/jorgezanoni.com.br\/2019\/wp-json\/wp\/v2\/posts\/27687\/revisions"}],"wp:featuredmedia":[{"embeddable":true,"href":"https:\/\/jorgezanoni.com.br\/2019\/wp-json\/wp\/v2\/media\/27688"}],"wp:attachment":[{"href":"https:\/\/jorgezanoni.com.br\/2019\/wp-json\/wp\/v2\/media?parent=27687"}],"wp:term":[{"taxonomy":"category","embeddable":true,"href":"https:\/\/jorgezanoni.com.br\/2019\/wp-json\/wp\/v2\/categories?post=27687"},{"taxonomy":"post_tag","embeddable":true,"href":"https:\/\/jorgezanoni.com.br\/2019\/wp-json\/wp\/v2\/tags?post=27687"}],"curies":[{"name":"wp","href":"https:\/\/api.w.org\/{rel}","templated":true}]}}