{"id":27684,"date":"2020-06-06T00:40:51","date_gmt":"2020-06-06T00:40:51","guid":{"rendered":"https:\/\/jorgezanoni.com.br\/2019\/?p=27684"},"modified":"2020-06-06T00:41:52","modified_gmt":"2020-06-06T00:41:52","slug":"em-um-mes-presidios-da-regiao-ja-somam-cerca-de-3-mil-videoconferencias-com-detentos","status":"publish","type":"post","link":"https:\/\/jorgezanoni.com.br\/2019\/em-um-mes-presidios-da-regiao-ja-somam-cerca-de-3-mil-videoconferencias-com-detentos\/","title":{"rendered":"Em um m\u00eas, pres\u00eddios da regi\u00e3o j\u00e1 somam cerca de 3 mil videoconfer\u00eancias com detentos"},"content":{"rendered":"<div>\n<p style=\"text-align: justify;\"><b>Em tempos de Covid-19, assist\u00eancia jur\u00eddica \u00e9 oferecida remotamente em unidades prisionais.<\/b><b>\u00a0<\/b><\/p>\n<p style=\"text-align: justify;\">Para evitar uma interrup\u00e7\u00e3o nos atendimentos jur\u00eddicos a presos paulistas durante o surto de Coronav\u00edrus, advogados e defensores p\u00fablicos passaram a trabalhar por videoconfer\u00eancia. A atividade remota \u00e9 uma sugest\u00e3o das autoridades neste per\u00edodo de pandemia. Aos defensores, o servi\u00e7o teve in\u00edcio no dia 13 de maio e est\u00e1 atrelado ao agendamento na unidade prisional. A Defensoria envia ao respons\u00e1vel pela unidade os nomes dos sentenciados com quem pretende conversar. J\u00e1 a OAB iniciou os atendimentos um dia depois dos defensores e criou um manual espec\u00edfico a ser operacionalizado por seus associados.<\/p>\n<p style=\"text-align: justify;\"><b>Julgamentos<\/b><\/p>\n<p style=\"text-align: justify;\">Paralelamente a isso,\u00a0entre os dias 24\/04 e 26\/05,\u00a0cerca de 14 mil\u00a0atendimentos remotos foram realizados nas\u00a0176 unidades\u00a0prisionais do Estado de S\u00e3o Paulo. Os casos v\u00e3o desde audi\u00eancias de instru\u00e7\u00e3o at\u00e9 julgamentos com senten\u00e7a proferida pelo magistrado no mesmo dia. Os Oficiais de Justi\u00e7a tamb\u00e9m est\u00e3o inclu\u00eddos executando tanto a intima\u00e7\u00e3o ou cita\u00e7\u00e3o pelo mesmo sistema. As a\u00e7\u00f5es foram viabilizadas ap\u00f3s uma parceria da Secretaria da Administra\u00e7\u00e3o Penitenci\u00e1ria (SAP), Tribunal de Justi\u00e7a (TJ-SP), Defensoria P\u00fablica e Ordem dos Advogados do Brasil\/SP.<\/p>\n<p style=\"text-align: justify;\"><b>Regi\u00e3o<\/b><\/p>\n<p style=\"text-align: justify;\">Das unidades citadas, 45 est\u00e3o subordinadas \u00e0 Coordenadoria de Unidades Prisionais da Regi\u00e3o Oeste (Croeste), tendo elas promovido no mesmo per\u00edodo: 133 teleaudi\u00eancias com ju\u00edzes, 726 cita\u00e7\u00f5es, 1.865 intima\u00e7\u00f5es, 37 atendimentos por defensor p\u00fablico e 189 atendimentos pela Ordem dos Advogados do Brasil (OAB). Uma soma de 2.950 v\u00eddeoconfer\u00eancias em um m\u00eas.<\/p>\n<p style=\"text-align: justify;\"><b>Celeridade<\/b><\/p>\n<p style=\"text-align: justify;\">A modalidade online de atendimento evita o deslocamento de detentos e interrup\u00e7\u00e3o de tr\u00e2mites no processo, al\u00e9m de evitar a propaga\u00e7\u00e3o da Covid-19. Para ocorrer, \u00e9 necess\u00e1rio ao menos um computador com webcam e microfone.<\/p>\n<\/div>\n<div>\n<div id=\"Signature\">\n<div style=\"text-align: justify;\">Respeitosamente,<\/div>\n<div style=\"text-align: justify;\"><\/div>\n<div style=\"text-align: justify;\"><img decoding=\"async\" class=\"EmojiInsert\" src=\"https:\/\/jorgezanoni.com.br:2096\/cpsess5471080185\/3rdparty\/roundcube\/?_task=mail&amp;_action=get&amp;_mbox=INBOX&amp;_uid=15651&amp;_token=NkWShjqkrz84FTddtq7QWrfWV4tXSRMu&amp;_part=1.2&amp;_embed=1&amp;_mimeclass=image\" \/><\/div>\n<\/div>\n<\/div>\n","protected":false},"excerpt":{"rendered":"<p>Em tempos de Covid-19, assist\u00eancia jur\u00eddica \u00e9 oferecida remotamente em unidades prisionais.\u00a0 Para evitar uma interrup\u00e7\u00e3o nos atendimentos jur\u00eddicos a presos paulistas durante o surto de Coronav\u00edrus, advogados e defensores p\u00fablicos passaram a trabalhar por videoconfer\u00eancia. A atividade remota \u00e9 uma sugest\u00e3o das autoridades neste per\u00edodo de pandemia. Aos defensores, o servi\u00e7o teve in\u00edcio no [&hellip;]<\/p>\n","protected":false},"author":1,"featured_media":27685,"comment_status":"closed","ping_status":"open","sticky":false,"template":"","format":"standard","meta":{"footnotes":""},"categories":[114,110],"tags":[],"class_list":["post-27684","post","type-post","status-publish","format-standard","has-post-thumbnail","hentry","category-geralecomercio","category-noticiasdestaque"],"_links":{"self":[{"href":"https:\/\/jorgezanoni.com.br\/2019\/wp-json\/wp\/v2\/posts\/27684","targetHints":{"allow":["GET"]}}],"collection":[{"href":"https:\/\/jorgezanoni.com.br\/2019\/wp-json\/wp\/v2\/posts"}],"about":[{"href":"https:\/\/jorgezanoni.com.br\/2019\/wp-json\/wp\/v2\/types\/post"}],"author":[{"embeddable":true,"href":"https:\/\/jorgezanoni.com.br\/2019\/wp-json\/wp\/v2\/users\/1"}],"replies":[{"embeddable":true,"href":"https:\/\/jorgezanoni.com.br\/2019\/wp-json\/wp\/v2\/comments?post=27684"}],"version-history":[{"count":0,"href":"https:\/\/jorgezanoni.com.br\/2019\/wp-json\/wp\/v2\/posts\/27684\/revisions"}],"wp:featuredmedia":[{"embeddable":true,"href":"https:\/\/jorgezanoni.com.br\/2019\/wp-json\/wp\/v2\/media\/27685"}],"wp:attachment":[{"href":"https:\/\/jorgezanoni.com.br\/2019\/wp-json\/wp\/v2\/media?parent=27684"}],"wp:term":[{"taxonomy":"category","embeddable":true,"href":"https:\/\/jorgezanoni.com.br\/2019\/wp-json\/wp\/v2\/categories?post=27684"},{"taxonomy":"post_tag","embeddable":true,"href":"https:\/\/jorgezanoni.com.br\/2019\/wp-json\/wp\/v2\/tags?post=27684"}],"curies":[{"name":"wp","href":"https:\/\/api.w.org\/{rel}","templated":true}]}}