{"id":27675,"date":"2020-06-05T21:15:41","date_gmt":"2020-06-05T21:15:41","guid":{"rendered":"https:\/\/jorgezanoni.com.br\/2019\/?p=27675"},"modified":"2020-06-06T00:28:34","modified_gmt":"2020-06-06T00:28:34","slug":"dois-cachorros-pitbull-atacam-ciclista-em-rodovia-e-duas-pessoas-acabaram-feridas","status":"publish","type":"post","link":"https:\/\/jorgezanoni.com.br\/2019\/dois-cachorros-pitbull-atacam-ciclista-em-rodovia-e-duas-pessoas-acabaram-feridas\/","title":{"rendered":"Dois cachorros Pitbull atacam Ciclista em rodovia e duas pessoas acabaram feridas"},"content":{"rendered":"<p style=\"text-align: justify;\"><strong>Idoso pedalava sua Bicicleta quando foi atacado, rapaz que passava com ve\u00edculo pelo local parou para ajudar e acabou ficando ferido.<\/strong><\/p>\n<p style=\"text-align: justify;\">Por volta de 13:30 Horas desta sexta-feira (5) um senhor idoso de 77 anos, morador de Dracena pedalava sua Bicicleta pela Rodovia General Euclides de Oliveira Figueiredo, SP-563, altura do Km. 13e, quando foi atacado por dois Cachorros da ra\u00e7a Pitbull.<\/p>\n<p style=\"text-align: justify;\">Um homem de 47 anos, tamb\u00e9m de Dracena que passava pelo local com seu ve\u00edculo Fiat P\u00e1lio, parou e foi tentar ajudar socorrer o idoso e acabou sendo atacado tamb\u00e9m.<\/p>\n<p style=\"text-align: justify;\">Segundo informa\u00e7\u00f5es obtidas pelo Site JZ junto a Pol\u00edcia Militar Rodovi\u00e1ria, base operacional de Adamantina que atendeu a ocorr\u00eancia, o idoso teve diversos ferimentos no bra\u00e7o e o rapaz muitos ferimentos no bra\u00e7o e no rosto, levando muitos pontos.<\/p>\n<p style=\"text-align: justify;\">As duas pessoas atacadas foram socorridas por uma Equipe de Resgate do Corpo de Bombeiros de Dracena e encaminhadas ao Pronto Socorro Municipal de Tupi Paulista.<\/p>\n<p style=\"text-align: justify;\">Os dois Cachorros tamb\u00e9m acabaram presos e foram levados para o Centro de Zoonoses de Tupi Paulista.<\/p>\n<p style=\"text-align: justify;\">O Boletim de Ocorr\u00eancia foi encaminhado para a Pol\u00edcia Civil que vai investigar o caso e tentar encontrar o dono dos animais que pode ser responsabilizado.<\/p>\n<p><img loading=\"lazy\" decoding=\"async\" class=\"alignnone size-full wp-image-27679\" src=\"https:\/\/jorgezanoni.com.br\/2019\/wp-content\/uploads\/2020\/06\/PITi.jpg\" alt=\"\" width=\"1280\" height=\"720\" srcset=\"https:\/\/jorgezanoni.com.br\/2019\/wp-content\/uploads\/2020\/06\/PITi.jpg 1280w, https:\/\/jorgezanoni.com.br\/2019\/wp-content\/uploads\/2020\/06\/PITi-300x169.jpg 300w, https:\/\/jorgezanoni.com.br\/2019\/wp-content\/uploads\/2020\/06\/PITi-1024x576.jpg 1024w, https:\/\/jorgezanoni.com.br\/2019\/wp-content\/uploads\/2020\/06\/PITi-768x432.jpg 768w, https:\/\/jorgezanoni.com.br\/2019\/wp-content\/uploads\/2020\/06\/PITi-696x392.jpg 696w, https:\/\/jorgezanoni.com.br\/2019\/wp-content\/uploads\/2020\/06\/PITi-1068x601.jpg 1068w, https:\/\/jorgezanoni.com.br\/2019\/wp-content\/uploads\/2020\/06\/PITi-747x420.jpg 747w\" sizes=\"auto, (max-width: 1280px) 100vw, 1280px\" \/><img loading=\"lazy\" decoding=\"async\" class=\"alignnone size-full wp-image-27681\" src=\"https:\/\/jorgezanoni.com.br\/2019\/wp-content\/uploads\/2020\/06\/cachorro.jpg\" alt=\"\" width=\"1040\" height=\"780\" srcset=\"https:\/\/jorgezanoni.com.br\/2019\/wp-content\/uploads\/2020\/06\/cachorro.jpg 1040w, https:\/\/jorgezanoni.com.br\/2019\/wp-content\/uploads\/2020\/06\/cachorro-300x225.jpg 300w, https:\/\/jorgezanoni.com.br\/2019\/wp-content\/uploads\/2020\/06\/cachorro-1024x768.jpg 1024w, https:\/\/jorgezanoni.com.br\/2019\/wp-content\/uploads\/2020\/06\/cachorro-768x576.jpg 768w, https:\/\/jorgezanoni.com.br\/2019\/wp-content\/uploads\/2020\/06\/cachorro-80x60.jpg 80w, https:\/\/jorgezanoni.com.br\/2019\/wp-content\/uploads\/2020\/06\/cachorro-265x198.jpg 265w, https:\/\/jorgezanoni.com.br\/2019\/wp-content\/uploads\/2020\/06\/cachorro-696x522.jpg 696w, https:\/\/jorgezanoni.com.br\/2019\/wp-content\/uploads\/2020\/06\/cachorro-560x420.jpg 560w\" sizes=\"auto, (max-width: 1040px) 100vw, 1040px\" \/> <img loading=\"lazy\" decoding=\"async\" class=\"alignnone size-full wp-image-27682\" src=\"https:\/\/jorgezanoni.com.br\/2019\/wp-content\/uploads\/2020\/06\/cachorro1.jpg\" alt=\"\" width=\"1040\" height=\"780\" srcset=\"https:\/\/jorgezanoni.com.br\/2019\/wp-content\/uploads\/2020\/06\/cachorro1.jpg 1040w, https:\/\/jorgezanoni.com.br\/2019\/wp-content\/uploads\/2020\/06\/cachorro1-300x225.jpg 300w, https:\/\/jorgezanoni.com.br\/2019\/wp-content\/uploads\/2020\/06\/cachorro1-1024x768.jpg 1024w, https:\/\/jorgezanoni.com.br\/2019\/wp-content\/uploads\/2020\/06\/cachorro1-768x576.jpg 768w, https:\/\/jorgezanoni.com.br\/2019\/wp-content\/uploads\/2020\/06\/cachorro1-80x60.jpg 80w, https:\/\/jorgezanoni.com.br\/2019\/wp-content\/uploads\/2020\/06\/cachorro1-265x198.jpg 265w, https:\/\/jorgezanoni.com.br\/2019\/wp-content\/uploads\/2020\/06\/cachorro1-696x522.jpg 696w, https:\/\/jorgezanoni.com.br\/2019\/wp-content\/uploads\/2020\/06\/cachorro1-560x420.jpg 560w\" sizes=\"auto, (max-width: 1040px) 100vw, 1040px\" \/>Fotos cedidas Pol\u00edcia Militar Rodovi\u00e1ria<\/p>\n<p style=\"text-align: justify;\">Jorge Zanoni<\/p>\n<p style=\"text-align: justify;\">Foto da capa Ilustrativa<\/p>\n","protected":false},"excerpt":{"rendered":"<p>Idoso pedalava sua Bicicleta quando foi atacado, rapaz que passava com ve\u00edculo pelo local parou para ajudar e acabou ficando ferido. Por volta de 13:30 Horas desta sexta-feira (5) um senhor idoso de 77 anos, morador de Dracena pedalava sua Bicicleta pela Rodovia General Euclides de Oliveira Figueiredo, SP-563, altura do Km. 13e, quando foi [&hellip;]<\/p>\n","protected":false},"author":1,"featured_media":27676,"comment_status":"closed","ping_status":"open","sticky":false,"template":"","format":"standard","meta":{"footnotes":""},"categories":[110,2],"tags":[],"class_list":["post-27675","post","type-post","status-publish","format-standard","has-post-thumbnail","hentry","category-noticiasdestaque","category-policial"],"_links":{"self":[{"href":"https:\/\/jorgezanoni.com.br\/2019\/wp-json\/wp\/v2\/posts\/27675","targetHints":{"allow":["GET"]}}],"collection":[{"href":"https:\/\/jorgezanoni.com.br\/2019\/wp-json\/wp\/v2\/posts"}],"about":[{"href":"https:\/\/jorgezanoni.com.br\/2019\/wp-json\/wp\/v2\/types\/post"}],"author":[{"embeddable":true,"href":"https:\/\/jorgezanoni.com.br\/2019\/wp-json\/wp\/v2\/users\/1"}],"replies":[{"embeddable":true,"href":"https:\/\/jorgezanoni.com.br\/2019\/wp-json\/wp\/v2\/comments?post=27675"}],"version-history":[{"count":0,"href":"https:\/\/jorgezanoni.com.br\/2019\/wp-json\/wp\/v2\/posts\/27675\/revisions"}],"wp:featuredmedia":[{"embeddable":true,"href":"https:\/\/jorgezanoni.com.br\/2019\/wp-json\/wp\/v2\/media\/27676"}],"wp:attachment":[{"href":"https:\/\/jorgezanoni.com.br\/2019\/wp-json\/wp\/v2\/media?parent=27675"}],"wp:term":[{"taxonomy":"category","embeddable":true,"href":"https:\/\/jorgezanoni.com.br\/2019\/wp-json\/wp\/v2\/categories?post=27675"},{"taxonomy":"post_tag","embeddable":true,"href":"https:\/\/jorgezanoni.com.br\/2019\/wp-json\/wp\/v2\/tags?post=27675"}],"curies":[{"name":"wp","href":"https:\/\/api.w.org\/{rel}","templated":true}]}}