{"id":27661,"date":"2020-06-05T14:35:38","date_gmt":"2020-06-05T14:35:38","guid":{"rendered":"https:\/\/jorgezanoni.com.br\/2019\/?p=27661"},"modified":"2020-06-05T14:35:38","modified_gmt":"2020-06-05T14:35:38","slug":"ex-secretaria-de-saude-do-governo-pedretti-tem-contas-aprovadas-pelo-tce-sp","status":"publish","type":"post","link":"https:\/\/jorgezanoni.com.br\/2019\/ex-secretaria-de-saude-do-governo-pedretti-tem-contas-aprovadas-pelo-tce-sp\/","title":{"rendered":"Ex-secret\u00e1ria de Sa\u00fade do Governo Pedretti tem contas aprovadas pelo TCE\/SP"},"content":{"rendered":"<p style=\"text-align: justify;\"><strong>EX-SECRET\u00c1RIA DE SA\u00daDE DO GOVERNO PEDRETTI TEM CONTAS APROVADAS PELO TRIBUNAL DE CONTAS DO ESTADO DE S\u00c3O PAULO<\/strong><\/p>\n<p style=\"text-align: justify;\"><strong>Ex-secret\u00e1riade Sa\u00fade do governo Pedretti, Geni Pereira Lobo Pesin teve aprovadas as contas referentes a presta\u00e7\u00e3o de servi\u00e7os na \u00e1rea de plant\u00e3o m\u00e9dico, para atendimento aos pacientes em casos de urg\u00eancias e emerg\u00eancias nas depend\u00eancias do Pronto Atendimento Municipal de Dracena. A defesa da ex-secret\u00e1ria foi feita pelo advogado dracenense Vladimir de Mattos.<\/strong><\/p>\n<p><img loading=\"lazy\" decoding=\"async\" class=\"alignnone size-full wp-image-27662\" src=\"https:\/\/jorgezanoni.com.br\/2019\/wp-content\/uploads\/2020\/06\/vladimir.jpg\" alt=\"\" width=\"576\" height=\"828\" srcset=\"https:\/\/jorgezanoni.com.br\/2019\/wp-content\/uploads\/2020\/06\/vladimir.jpg 576w, https:\/\/jorgezanoni.com.br\/2019\/wp-content\/uploads\/2020\/06\/vladimir-209x300.jpg 209w, https:\/\/jorgezanoni.com.br\/2019\/wp-content\/uploads\/2020\/06\/vladimir-292x420.jpg 292w\" sizes=\"auto, (max-width: 576px) 100vw, 576px\" \/><\/p>\n<p style=\"text-align: justify;\">A ex-secret\u00e1ria de sa\u00fade do governo Pedretti, Geni Pereira Lobo Pesin, teve aprovadas as contas referentes \u00e0 Dispensa de Licita\u00e7\u00e3o n\u00ba 3\/15, cujos servi\u00e7os contratados garantiram 02 m\u00e9dicos 24 horas, 01 m\u00e9dico respons\u00e1vel t\u00e9cnico e m\u00e9dico \u00e0 disposi\u00e7\u00e3o para as transfer\u00eancias de pacientes.<\/p>\n<p style=\"text-align: justify;\">As contas referentes \u00e0 Dispensa de Licita\u00e7\u00e3o foram julgadas regulares por que o Tribunal de Contas do Estado de S\u00e3o Paulo \u2013 TCE considerou que os pre\u00e7os contratados foram os menores do mercado e a contrata\u00e7\u00e3o visava o adequado atendimento a pacientes em situa\u00e7\u00e3o de urg\u00eancia e emerg\u00eancia.<\/p>\n<p style=\"text-align: justify;\">A presta\u00e7\u00e3o de servi\u00e7os na \u00e1rea de plant\u00e3o m\u00e9dico contratadas pela ex-secret\u00e1ria do governo Pedretti visava o atendimento aos pacientes portadores de quadros agudos ou cr\u00f4nicos-agudizados, de natureza cl\u00ednica, traum\u00e1tica, realizando investiga\u00e7\u00e3o diagn\u00f3stica inicial, estabiliza\u00e7\u00e3o de pacientes, definindo casos de interna\u00e7\u00e3o ou encaminhamento para as refer\u00eancias, em urg\u00eancias e emerg\u00eancias nas depend\u00eancias do Pronto Atendimento Municipal de Dracena, de acordo com o Planto Operativo imposto pela Secretaria de Sa\u00fade e Higiene P\u00fablica do munic\u00edpio.<\/p>\n<p style=\"text-align: justify;\">O processo que tratou das referidas contas foi julgado pelo Conselheiro Robson marinho e pode ser acessado, na \u00edntegra, no site do Tribunal de Contas do Estado de S\u00e3o Paulo \u2013 TCE\/SP (www.tce.sp.gov.br) por meio da seguinte numera\u00e7\u00e3o: TC-00012554.989.16-0.<\/p>\n<p style=\"text-align: justify;\">Procurado pela reportagem, o advogado Vladimir de Mattos elogiou a senten\u00e7a e afirmou que \u201co Conselheiro do Tribunal de Contas do Estado de S\u00e3o Paulo reconheceu que a ex-secret\u00e1ria do governo Pedretti, Geni Pereira Lobo Pesin, se preocupou principalmente com a sa\u00fade e a vida dos dracenenses e os valores pagos pelos servi\u00e7os m\u00e9dicos foram os menores do mercado ap\u00f3s consulta de pre\u00e7os. Se todos os secret\u00e1rios de sa\u00fade fossem t\u00e3o competentes e honestos quanto a ex-secret\u00e1ria Geni, o mundo seria melhor.\u201d, completou o advogado.<\/p>\n","protected":false},"excerpt":{"rendered":"<p>EX-SECRET\u00c1RIA DE SA\u00daDE DO GOVERNO PEDRETTI TEM CONTAS APROVADAS PELO TRIBUNAL DE CONTAS DO ESTADO DE S\u00c3O PAULO Ex-secret\u00e1riade Sa\u00fade do governo Pedretti, Geni Pereira Lobo Pesin teve aprovadas as contas referentes a presta\u00e7\u00e3o de servi\u00e7os na \u00e1rea de plant\u00e3o m\u00e9dico, para atendimento aos pacientes em casos de urg\u00eancias e emerg\u00eancias nas depend\u00eancias do Pronto [&hellip;]<\/p>\n","protected":false},"author":1,"featured_media":27663,"comment_status":"closed","ping_status":"open","sticky":false,"template":"","format":"standard","meta":{"footnotes":""},"categories":[120,110],"tags":[],"class_list":["post-27661","post","type-post","status-publish","format-standard","has-post-thumbnail","hentry","category-justicahabitacaotecnologia","category-noticiasdestaque"],"_links":{"self":[{"href":"https:\/\/jorgezanoni.com.br\/2019\/wp-json\/wp\/v2\/posts\/27661","targetHints":{"allow":["GET"]}}],"collection":[{"href":"https:\/\/jorgezanoni.com.br\/2019\/wp-json\/wp\/v2\/posts"}],"about":[{"href":"https:\/\/jorgezanoni.com.br\/2019\/wp-json\/wp\/v2\/types\/post"}],"author":[{"embeddable":true,"href":"https:\/\/jorgezanoni.com.br\/2019\/wp-json\/wp\/v2\/users\/1"}],"replies":[{"embeddable":true,"href":"https:\/\/jorgezanoni.com.br\/2019\/wp-json\/wp\/v2\/comments?post=27661"}],"version-history":[{"count":0,"href":"https:\/\/jorgezanoni.com.br\/2019\/wp-json\/wp\/v2\/posts\/27661\/revisions"}],"wp:featuredmedia":[{"embeddable":true,"href":"https:\/\/jorgezanoni.com.br\/2019\/wp-json\/wp\/v2\/media\/27663"}],"wp:attachment":[{"href":"https:\/\/jorgezanoni.com.br\/2019\/wp-json\/wp\/v2\/media?parent=27661"}],"wp:term":[{"taxonomy":"category","embeddable":true,"href":"https:\/\/jorgezanoni.com.br\/2019\/wp-json\/wp\/v2\/categories?post=27661"},{"taxonomy":"post_tag","embeddable":true,"href":"https:\/\/jorgezanoni.com.br\/2019\/wp-json\/wp\/v2\/tags?post=27661"}],"curies":[{"name":"wp","href":"https:\/\/api.w.org\/{rel}","templated":true}]}}