{"id":27632,"date":"2020-06-05T02:08:03","date_gmt":"2020-06-05T02:08:03","guid":{"rendered":"https:\/\/jorgezanoni.com.br\/2019\/?p=27632"},"modified":"2020-06-05T02:08:03","modified_gmt":"2020-06-05T02:08:03","slug":"unifadra-dracena-e-selecionada-para-os-programas-pibid-e-residencia-pedagogica","status":"publish","type":"post","link":"https:\/\/jorgezanoni.com.br\/2019\/unifadra-dracena-e-selecionada-para-os-programas-pibid-e-residencia-pedagogica\/","title":{"rendered":"Unifadra Dracena \u00e9 selecionada para os programas PIBID e Resid\u00eancia Pedag\u00f3gica"},"content":{"rendered":"<p dir=\"ltr\" style=\"text-align: justify;\">No 22 de maio de 2020, a CAPES (Coordena\u00e7\u00e3o de Aperfei\u00e7oamento de Pessoal de N\u00edvel Superior), vinculada ao MEC (Minist\u00e9rio da Educa\u00e7\u00e3o), publicou o resultado do processo de sele\u00e7\u00e3o de Institui\u00e7\u00f5es de Ensino Superior para o PIBID (Programa Institucional de Bolsa de Inicia\u00e7\u00e3o \u00e0 Doc\u00eancia) e Resid\u00eancia Pedag\u00f3gica. Foram selecionados 500 projetos para participar dos programas, sendo que cada programa oferece 30.096 bolsas que beneficiar\u00e3o mais de 60 mil alunos de licenciatura em todo o Pa\u00eds. Concorreram 564 propostas de 302 institui\u00e7\u00f5es de ensino superior.<\/p>\n<p dir=\"ltr\" style=\"text-align: justify;\">Nesta edi\u00e7\u00e3o, a Unifadra Dracena foi contemplada com os dois programas, para os cursos de Pedagogia e Educa\u00e7\u00e3o F\u00edsica, em projetos que buscam articular os conhecimentos destas \u00e1reas de forma\u00e7\u00e3o de forma interdisciplinar, vinculando os processos de alfabetiza\u00e7\u00e3o, psicomotricidade e as diretrizes presentes na Base Nacional Comum Curricular.<\/p>\n<p dir=\"ltr\" style=\"text-align: justify;\">A professora da Unifadra Dra. Vanessa Ribeiro Andreto explicou que cada programa possui 24 cotas de bolsas no valor de R$ 400,00 reais mensais, totalizando 48 cotas para ambos os projetos, que ser\u00e3o pleiteadas pelos estudantes dos cursos de Pedagogia e Educa\u00e7\u00e3o F\u00edsica, por meio de processo seletivo para o ingresso nos programas.<\/p>\n<p dir=\"ltr\" style=\"text-align: justify;\">Os programas ser\u00e3o coordenados e supervisionados pelas professoras doutoras Vanessa Ribeiro Andreto, Silvana Ferreira de Souza Balsan, Marcela Alexandra da Silva e L\u00edvia Raposo Bardy. Os estudantes dos cursos de Pedagogia e Educa\u00e7\u00e3o F\u00edsica atuar\u00e3o em escolas do munic\u00edpio de Dracena (SP).<\/p>\n<p dir=\"ltr\" style=\"text-align: justify;\">O PIBID e o Programa de Resid\u00eancia Pedag\u00f3gica s\u00e3o a\u00e7\u00f5es da Pol\u00edtica Nacional de Forma\u00e7\u00e3o de Professores do Minist\u00e9rio da Educa\u00e7\u00e3o (MEC) que visam proporcionar aos discentes dos cursos de Licenciatura do pa\u00eds a oportunidade de articular os conhecimentos te\u00f3ricos trabalhados no curso com as experi\u00eancias pr\u00e1ticas do contexto da sala de aula nas escolas.<\/p>\n<p dir=\"ltr\" style=\"text-align: justify;\">O PIBID tem como foco estudantes de licenciatura que estejam cursando os primeiros anos do curso. J\u00e1 a Resid\u00eancia Pedag\u00f3gica tem como p\u00fablico os estudantes que est\u00e3o na fase final.<\/p>\n<p dir=\"ltr\" style=\"text-align: justify;\">&#8220;A imers\u00e3o dos estudantes deve contemplar, entre outras atividades, reg\u00eancia de sala de aula e interven\u00e7\u00e3o pedag\u00f3gica, acompanhada por um professor da escola com experi\u00eancia na \u00e1rea de ensino do licenciando e orientada por um docente da sua Institui\u00e7\u00e3o Formadora&#8221;, destacou Vanessa Andreto.<\/p>\n<p dir=\"ltr\" style=\"text-align: justify;\">O diretor acad\u00eamico da Unifadra Prof. Dr. Enio Garbelini acrescentou que &#8220;a participa\u00e7\u00e3o dos nossos estudantes de Pedagogia e Educa\u00e7\u00e3o F\u00edsica nesses programas possibilitar\u00e1 a eles uma experi\u00eancia s\u00f3lida pela viv\u00eancia nas escolas, colaborando assim para a forma\u00e7\u00e3o de qualidade desses futuros professores.&#8221;<span id=\"gmail-docs-internal-guid-8f4ddcd0-7fff-4c5d-70d6-444541e48df4\"><\/span><\/p>\n<div style=\"text-align: justify;\">Foto:\u00a0<span id=\"gmail-docs-internal-guid-63272eaf-7fff-7b2f-4ad6-703b5768d5f5\">As professoras doutoras Silvana Ferreira de Souza Balsan, Vanessa Ribeiro Andreto e\u00a0 Marcela Alexandra da Silva fazem parte da equipe que coordena e supervisiona os programas na Unifadra.<\/span><\/div>\n<div style=\"text-align: justify;\"><\/div>\n<p style=\"text-align: justify;\">Carolina Colnago<\/p>\n<p style=\"text-align: justify;\">Assistente de Comunica\u00e7\u00e3o<\/p>\n<div class=\"gmail_signature\" dir=\"ltr\">\n<div dir=\"ltr\" style=\"text-align: justify;\">Funda\u00e7\u00e3o Dracenense de Educa\u00e7\u00e3o e Cultura<\/div>\n<\/div>\n","protected":false},"excerpt":{"rendered":"<p>No 22 de maio de 2020, a CAPES (Coordena\u00e7\u00e3o de Aperfei\u00e7oamento de Pessoal de N\u00edvel Superior), vinculada ao MEC (Minist\u00e9rio da Educa\u00e7\u00e3o), publicou o resultado do processo de sele\u00e7\u00e3o de Institui\u00e7\u00f5es de Ensino Superior para o PIBID (Programa Institucional de Bolsa de Inicia\u00e7\u00e3o \u00e0 Doc\u00eancia) e Resid\u00eancia Pedag\u00f3gica. Foram selecionados 500 projetos para participar dos [&hellip;]<\/p>\n","protected":false},"author":1,"featured_media":27634,"comment_status":"closed","ping_status":"open","sticky":false,"template":"","format":"standard","meta":{"footnotes":""},"categories":[122],"tags":[],"class_list":["post-27632","post","type-post","status-publish","format-standard","has-post-thumbnail","hentry","category-saudeeducacaoeconcurso"],"_links":{"self":[{"href":"https:\/\/jorgezanoni.com.br\/2019\/wp-json\/wp\/v2\/posts\/27632","targetHints":{"allow":["GET"]}}],"collection":[{"href":"https:\/\/jorgezanoni.com.br\/2019\/wp-json\/wp\/v2\/posts"}],"about":[{"href":"https:\/\/jorgezanoni.com.br\/2019\/wp-json\/wp\/v2\/types\/post"}],"author":[{"embeddable":true,"href":"https:\/\/jorgezanoni.com.br\/2019\/wp-json\/wp\/v2\/users\/1"}],"replies":[{"embeddable":true,"href":"https:\/\/jorgezanoni.com.br\/2019\/wp-json\/wp\/v2\/comments?post=27632"}],"version-history":[{"count":0,"href":"https:\/\/jorgezanoni.com.br\/2019\/wp-json\/wp\/v2\/posts\/27632\/revisions"}],"wp:featuredmedia":[{"embeddable":true,"href":"https:\/\/jorgezanoni.com.br\/2019\/wp-json\/wp\/v2\/media\/27634"}],"wp:attachment":[{"href":"https:\/\/jorgezanoni.com.br\/2019\/wp-json\/wp\/v2\/media?parent=27632"}],"wp:term":[{"taxonomy":"category","embeddable":true,"href":"https:\/\/jorgezanoni.com.br\/2019\/wp-json\/wp\/v2\/categories?post=27632"},{"taxonomy":"post_tag","embeddable":true,"href":"https:\/\/jorgezanoni.com.br\/2019\/wp-json\/wp\/v2\/tags?post=27632"}],"curies":[{"name":"wp","href":"https:\/\/api.w.org\/{rel}","templated":true}]}}