{"id":27609,"date":"2020-06-04T20:32:53","date_gmt":"2020-06-04T20:32:53","guid":{"rendered":"https:\/\/jorgezanoni.com.br\/2019\/?p=27609"},"modified":"2020-06-04T21:05:14","modified_gmt":"2020-06-04T21:05:14","slug":"acidente-com-moto-deixa-vitima-com-ferimentos-na-sp-294","status":"publish","type":"post","link":"https:\/\/jorgezanoni.com.br\/2019\/acidente-com-moto-deixa-vitima-com-ferimentos-na-sp-294\/","title":{"rendered":"Acidente com moto deixa v\u00edtima com ferimentos leves na SP-294"},"content":{"rendered":"<p style=\"text-align: justify;\">O tombamento de uma motocicleta deixou uma pessoa com ferimentos leves na tarde desta quinta-feira (4).<\/p>\n<p style=\"text-align: justify;\">Segundo apurado pelo jornal e site Folha Regional junto \u00e0 Pol\u00edcia Rodovi\u00e1ria \/ Base Operacional de Adamantina, o acidente ocorreu por volta das 15h na Rodovia Comandante Jo\u00e3o Ribeiro de Barros (SP-294) no trecho pertencente \u00e0 Irapuru.<\/p>\n<p style=\"text-align: justify;\">Uma pessoa teria sido socorrida e encaminhada por uma ambul\u00e2ncia para o Pronto Socorro de Junqueir\u00f3polis. Ainda n\u00e3o foram divulgadas maiores informa\u00e7\u00f5es sobre a v\u00edtima.<\/p>\n<p style=\"text-align: justify;\">A Pol\u00edcia Militar Rodovi\u00e1ria atua nesta ocorr\u00eancia e a atualiza\u00e7\u00e3o desta reportagem pode acontecer a qualquer momento.<\/p>\n<p style=\"text-align: justify;\">Fonte: Folha Regional<\/p>\n<p style=\"text-align: justify;\"><strong>NOTA: Motociclista envolvido no acidente entra em contato com o Site JZ e diz:\u00a0<\/strong><\/p>\n<p style=\"text-align: justify;\"><strong><a class=\"_6qw4\" href=\"https:\/\/www.facebook.com\/welitom.rampazzo.1?comment_id=Y29tbWVudDoxNjQ1NjQyNTU4OTQzMjUzXzE2NDU2NDU2NDg5NDI5NDQ%3D\" data-hovercard=\"\/ajax\/hovercard\/user.php?id=100024501395782&amp;extragetparams={&quot;directed_target_id&quot;: &quot; &quot;}\">Biia Wellintom<\/a>\u00a0<span dir=\"ltr\"><span class=\"_3l3x\">Ei n\u00e3o tem nada de grave o acidente foi comigo eu estou bem e gra\u00e7as a Deus n\u00e3o quebrei nada nem ralado estou<\/span><\/span><\/strong><\/p>\n","protected":false},"excerpt":{"rendered":"<p>O tombamento de uma motocicleta deixou uma pessoa com ferimentos leves na tarde desta quinta-feira (4). Segundo apurado pelo jornal e site Folha Regional junto \u00e0 Pol\u00edcia Rodovi\u00e1ria \/ Base Operacional de Adamantina, o acidente ocorreu por volta das 15h na Rodovia Comandante Jo\u00e3o Ribeiro de Barros (SP-294) no trecho pertencente \u00e0 Irapuru. Uma pessoa [&hellip;]<\/p>\n","protected":false},"author":1,"featured_media":27610,"comment_status":"closed","ping_status":"open","sticky":false,"template":"","format":"standard","meta":{"footnotes":""},"categories":[170,110],"tags":[],"class_list":["post-27609","post","type-post","status-publish","format-standard","has-post-thumbnail","hentry","category-acidentes","category-noticiasdestaque"],"_links":{"self":[{"href":"https:\/\/jorgezanoni.com.br\/2019\/wp-json\/wp\/v2\/posts\/27609","targetHints":{"allow":["GET"]}}],"collection":[{"href":"https:\/\/jorgezanoni.com.br\/2019\/wp-json\/wp\/v2\/posts"}],"about":[{"href":"https:\/\/jorgezanoni.com.br\/2019\/wp-json\/wp\/v2\/types\/post"}],"author":[{"embeddable":true,"href":"https:\/\/jorgezanoni.com.br\/2019\/wp-json\/wp\/v2\/users\/1"}],"replies":[{"embeddable":true,"href":"https:\/\/jorgezanoni.com.br\/2019\/wp-json\/wp\/v2\/comments?post=27609"}],"version-history":[{"count":0,"href":"https:\/\/jorgezanoni.com.br\/2019\/wp-json\/wp\/v2\/posts\/27609\/revisions"}],"wp:featuredmedia":[{"embeddable":true,"href":"https:\/\/jorgezanoni.com.br\/2019\/wp-json\/wp\/v2\/media\/27610"}],"wp:attachment":[{"href":"https:\/\/jorgezanoni.com.br\/2019\/wp-json\/wp\/v2\/media?parent=27609"}],"wp:term":[{"taxonomy":"category","embeddable":true,"href":"https:\/\/jorgezanoni.com.br\/2019\/wp-json\/wp\/v2\/categories?post=27609"},{"taxonomy":"post_tag","embeddable":true,"href":"https:\/\/jorgezanoni.com.br\/2019\/wp-json\/wp\/v2\/tags?post=27609"}],"curies":[{"name":"wp","href":"https:\/\/api.w.org\/{rel}","templated":true}]}}