{"id":27598,"date":"2020-06-04T16:09:59","date_gmt":"2020-06-04T16:09:59","guid":{"rendered":"https:\/\/jorgezanoni.com.br\/2019\/?p=27598"},"modified":"2020-06-04T16:09:59","modified_gmt":"2020-06-04T16:09:59","slug":"senador-major-olimpio-disponibiliza-recursos-a-santa-casa-de-dracena","status":"publish","type":"post","link":"https:\/\/jorgezanoni.com.br\/2019\/senador-major-olimpio-disponibiliza-recursos-a-santa-casa-de-dracena\/","title":{"rendered":"Senador Major Ol\u00edmpio disponibiliza recursos \u00e0 Santa Casa de Dracena"},"content":{"rendered":"<p style=\"text-align: justify;\"><strong>Santa Casa de Dracena Patrim\u00f4nio da Comunidade, recebe R$ 100.000,00<\/strong><\/p>\n<p style=\"text-align: justify;\">Verba recebida com imensa alegria, em refer\u00eancia a emenda parlamentar inserida no or\u00e7amento vigente, de CUSTEIO, no valor de R$.100.000,00, para noticiar a libera\u00e7\u00e3o do recurso pela Prefeitura Municipal de Dracena e C\u00e2mara Municipal de Dracena.<\/p>\n<p style=\"text-align: justify;\">Foi poss\u00edvel o acesso aos recursos financeiros gra\u00e7as ao empenho, dedica\u00e7\u00e3o, determina\u00e7\u00e3o e incans\u00e1vel trabalho do Senador MAJOR OL\u00cdMPIO que tem procurado direcionar suas a\u00e7\u00f5es tamb\u00e9m em prol das Santas Casas, cujo segmento sempre enfrentou toda sorte de dificuldades e sabedor disto, o Senador n\u00e3o tem medido esfor\u00e7os para auxiliar o setor.<\/p>\n<p style=\"text-align: justify;\">Os agradecimentos seguem por conta do comprometimento do ilustre Senador MAJOR OL\u00cdMPIO, sempre engajado com a sa\u00fade p\u00fablica, sens\u00edvel ao pleito da SANTA CASA DE DRACENA.<\/p>\n<p style=\"text-align: justify;\">O provedor da Santa Casa de Dracena, senhor Altamir Alves dos Santos, em nome da Irmandade da Santa Casa de Miseric\u00f3rdia e Maternidade de Dracena, vem externar os agradecimentos a sua excel\u00eancia MAJOR OL\u00cdMPIO, que certamente ser\u00e3o compartilhados pelos pacientes, pelos seus familiares, pelos m\u00e9dicos e profissionais de sa\u00fade, pelos atores<br \/>\nenvolvidos com a sa\u00fade p\u00fablica e pela comunidade em geral.<\/p>\n<p style=\"text-align: justify;\">A verba de custeio ser\u00e1 destinada a aquisi\u00e7\u00e3o de materiais e<br \/>\nsuprimentos para o hospital.<\/p>\n<p style=\"text-align: justify;\">Dracena \u2013 S\u00e3o Paulo, em 04 de junho de 2020.<\/p>\n<p style=\"text-align: justify;\">Diretoria Administrativa<br \/>\nSanta Casa de Dracena<\/p>\n","protected":false},"excerpt":{"rendered":"<p>Santa Casa de Dracena Patrim\u00f4nio da Comunidade, recebe R$ 100.000,00 Verba recebida com imensa alegria, em refer\u00eancia a emenda parlamentar inserida no or\u00e7amento vigente, de CUSTEIO, no valor de R$.100.000,00, para noticiar a libera\u00e7\u00e3o do recurso pela Prefeitura Municipal de Dracena e C\u00e2mara Municipal de Dracena. Foi poss\u00edvel o acesso aos recursos financeiros gra\u00e7as ao [&hellip;]<\/p>\n","protected":false},"author":1,"featured_media":27599,"comment_status":"closed","ping_status":"open","sticky":false,"template":"","format":"standard","meta":{"footnotes":""},"categories":[116],"tags":[],"class_list":["post-27598","post","type-post","status-publish","format-standard","has-post-thumbnail","hentry","category-politicaeeconomia"],"_links":{"self":[{"href":"https:\/\/jorgezanoni.com.br\/2019\/wp-json\/wp\/v2\/posts\/27598","targetHints":{"allow":["GET"]}}],"collection":[{"href":"https:\/\/jorgezanoni.com.br\/2019\/wp-json\/wp\/v2\/posts"}],"about":[{"href":"https:\/\/jorgezanoni.com.br\/2019\/wp-json\/wp\/v2\/types\/post"}],"author":[{"embeddable":true,"href":"https:\/\/jorgezanoni.com.br\/2019\/wp-json\/wp\/v2\/users\/1"}],"replies":[{"embeddable":true,"href":"https:\/\/jorgezanoni.com.br\/2019\/wp-json\/wp\/v2\/comments?post=27598"}],"version-history":[{"count":0,"href":"https:\/\/jorgezanoni.com.br\/2019\/wp-json\/wp\/v2\/posts\/27598\/revisions"}],"wp:featuredmedia":[{"embeddable":true,"href":"https:\/\/jorgezanoni.com.br\/2019\/wp-json\/wp\/v2\/media\/27599"}],"wp:attachment":[{"href":"https:\/\/jorgezanoni.com.br\/2019\/wp-json\/wp\/v2\/media?parent=27598"}],"wp:term":[{"taxonomy":"category","embeddable":true,"href":"https:\/\/jorgezanoni.com.br\/2019\/wp-json\/wp\/v2\/categories?post=27598"},{"taxonomy":"post_tag","embeddable":true,"href":"https:\/\/jorgezanoni.com.br\/2019\/wp-json\/wp\/v2\/tags?post=27598"}],"curies":[{"name":"wp","href":"https:\/\/api.w.org\/{rel}","templated":true}]}}