{"id":27595,"date":"2020-06-04T15:29:53","date_gmt":"2020-06-04T15:29:53","guid":{"rendered":"https:\/\/jorgezanoni.com.br\/2019\/?p=27595"},"modified":"2020-06-04T15:29:53","modified_gmt":"2020-06-04T15:29:53","slug":"coronavirus-tse-autoriza-convencoes-partidarias-virtuais-nas-eleicoes-2020","status":"publish","type":"post","link":"https:\/\/jorgezanoni.com.br\/2019\/coronavirus-tse-autoriza-convencoes-partidarias-virtuais-nas-eleicoes-2020\/","title":{"rendered":"Coronav\u00edrus: TSE autoriza conven\u00e7\u00f5es partid\u00e1rias virtuais nas elei\u00e7\u00f5es 2020"},"content":{"rendered":"<h2 class=\"content-head__subtitle\" style=\"text-align: justify;\"><strong>Pelo calend\u00e1rio eleitoral, as conven\u00e7\u00f5es devem ser realizadas entre 20 de julho e 5 de agosto. \u00c9 nessas reuni\u00f5es que os partidos definem os candidatos.<\/strong><\/h2>\n<div class=\"mc-column content-text active-extra-styles active-capital-letter\" data-block-type=\"unstyled\" data-block-weight=\"31\" data-block-id=\"1\">\n<p class=\"content-text__container theme-color-primary-first-letter\" style=\"text-align: justify;\" data-track-category=\"Link no Texto\" data-track-links=\"\">O\u00a0<a href=\"https:\/\/g1.globo.com\/tudo-sobre\/tribunal-superior-eleitoral\/\">Tribunal Superior Eleitoral (TSE)<\/a>\u00a0autorizou nesta quinta-feira (4) a realiza\u00e7\u00e3o de conven\u00e7\u00f5es partid\u00e1rias de forma virtual pelos partidos nas elei\u00e7\u00f5es municipais de 2020, em raz\u00e3o da\u00a0<a href=\"https:\/\/g1.globo.com\/bemestar\/coronavirus\/\">pandemia do coronav\u00edrus<\/a>.<\/p>\n<\/div>\n<div class=\"wall protected-content\">\n<div class=\"mc-column content-text active-extra-styles \" style=\"text-align: justify;\" data-block-type=\"unstyled\" data-block-weight=\"18\" data-block-id=\"2\">\n<p class=\"content-text__container \" data-track-category=\"Link no Texto\" data-track-links=\"\">Segundo a decis\u00e3o, os partidos t\u00eam autonomia para utilizar as ferramentas tecnol\u00f3gicas que entenderem necess\u00e1rias para as conven\u00e7\u00f5es.<\/p>\n<\/div>\n<div class=\"mc-column content-text active-extra-styles \" style=\"text-align: justify;\" data-block-type=\"unstyled\" data-block-weight=\"35\" data-block-id=\"3\">\n<p class=\"content-text__container \" data-track-category=\"Link no Texto\" data-track-links=\"\">\u00c9 nessas reuni\u00f5es que os partidos definem os candidatos a prefeito e a vereador. As conven\u00e7\u00f5es, pelo calend\u00e1rio eleitoral, devem ser realizadas entre 20 julho e 5 de agosto. A elei\u00e7\u00e3o est\u00e1 marcada para outubro.<\/p>\n<\/div>\n<div class=\"mc-column content-text active-extra-styles \" style=\"text-align: justify;\" data-block-type=\"unstyled\" data-block-weight=\"22\" data-block-id=\"4\">\n<p class=\"content-text__container \" data-track-category=\"Link no Texto\" data-track-links=\"\">O tribunal respondeu a uma consulta feita por parlamentares. As conven\u00e7\u00f5es dever\u00e3o seguir as regras e procedimentos j\u00e1 definidos pela Justi\u00e7a Eleitoral.<\/p>\n<\/div>\n<div class=\"mc-column content-text active-extra-styles \" style=\"text-align: justify;\" data-block-type=\"unstyled\" data-block-weight=\"14\" data-block-id=\"5\">\n<p class=\"content-text__container \" data-track-category=\"Link no Texto\" data-track-links=\"\">O relator, ministro Lu\u00eds Felipe Salom\u00e3o, decidiu submeter os questionamentos ao plen\u00e1rio do TSE.<\/p>\n<\/div>\n<div class=\"mc-column content-text active-extra-styles \" style=\"text-align: justify;\" data-block-type=\"unstyled\" data-block-weight=\"22\" data-block-id=\"6\">\n<p class=\"content-text__container \" data-track-category=\"Link no Texto\" data-track-links=\"\">Um parecer elaborado pela \u00e1rea t\u00e9cnica da Corte afirmou n\u00e3o haver impedimento jur\u00eddico para a realiza\u00e7\u00e3o de conven\u00e7\u00f5es partid\u00e1rias de forma virtual.<\/p>\n<\/div>\n<div class=\"mc-column content-text active-extra-styles \" style=\"text-align: justify;\" data-block-type=\"unstyled\" data-block-weight=\"65\" data-block-id=\"7\">\n<p class=\"content-text__container \" data-track-category=\"Link no Texto\" data-track-links=\"\">Ainda n\u00e3o h\u00e1 a confirma\u00e7\u00e3o, por causa da pandemia, de que as elei\u00e7\u00f5es municipais ser\u00e3o realizadas de fato em outubro. Por enquanto, a data est\u00e1 mantida. No in\u00edcio de maio, antes de tomar posse como presidente da Corte, o ministro Lu\u00eds Roberto Barroso afirmou que\u00a0<a href=\"https:\/\/g1.globo.com\/politica\/eleicoes\/2020\/noticia\/2020\/05\/01\/futuro-presidente-do-tse-ministro-roberto-barroso-ve-risco-real-de-adiamento-das-eleicoes-deste-ano.ghtml\">havia a possibilidade de adiamento<\/a>. No entanto, Barroso se disse contra o prolongamento dos mandatos dos atuais prefeitos e vereadores.<\/p>\n<\/div>\n<div class=\"mc-column content-text active-extra-styles \" data-block-type=\"unstyled\" data-block-weight=\"36\" data-block-id=\"8\">\n<p class=\"content-text__container \" style=\"text-align: justify;\" data-track-category=\"Link no Texto\" data-track-links=\"\">A mudan\u00e7a na data depende do Congresso. O presidente da C\u00e2mara, Rodrigo Maia (DEM-RJ), tem defendido que o adiamento, se for feito, seja no m\u00e1ximo at\u00e9 dezembro. Ele tamb\u00e9m \u00e9 contra prorrogar mandatos.<\/p>\n<p style=\"text-align: justify;\" data-track-category=\"Link no Texto\" data-track-links=\"\">Fonte: https:\/\/g1.globo.com\/politica\/eleicoes\/2020\/noticia\/2020\/06\/04\/coronavirus-tse-autoriza-convencoes-partidarias-virtuais-nas-eleicoes-2020.ghtml<\/p>\n<\/div>\n<\/div>\n","protected":false},"excerpt":{"rendered":"<p>Pelo calend\u00e1rio eleitoral, as conven\u00e7\u00f5es devem ser realizadas entre 20 de julho e 5 de agosto. \u00c9 nessas reuni\u00f5es que os partidos definem os candidatos. O\u00a0Tribunal Superior Eleitoral (TSE)\u00a0autorizou nesta quinta-feira (4) a realiza\u00e7\u00e3o de conven\u00e7\u00f5es partid\u00e1rias de forma virtual pelos partidos nas elei\u00e7\u00f5es municipais de 2020, em raz\u00e3o da\u00a0pandemia do coronav\u00edrus. Segundo a decis\u00e3o, [&hellip;]<\/p>\n","protected":false},"author":1,"featured_media":27596,"comment_status":"closed","ping_status":"open","sticky":false,"template":"","format":"standard","meta":{"footnotes":""},"categories":[110,116],"tags":[],"class_list":["post-27595","post","type-post","status-publish","format-standard","has-post-thumbnail","hentry","category-noticiasdestaque","category-politicaeeconomia"],"_links":{"self":[{"href":"https:\/\/jorgezanoni.com.br\/2019\/wp-json\/wp\/v2\/posts\/27595","targetHints":{"allow":["GET"]}}],"collection":[{"href":"https:\/\/jorgezanoni.com.br\/2019\/wp-json\/wp\/v2\/posts"}],"about":[{"href":"https:\/\/jorgezanoni.com.br\/2019\/wp-json\/wp\/v2\/types\/post"}],"author":[{"embeddable":true,"href":"https:\/\/jorgezanoni.com.br\/2019\/wp-json\/wp\/v2\/users\/1"}],"replies":[{"embeddable":true,"href":"https:\/\/jorgezanoni.com.br\/2019\/wp-json\/wp\/v2\/comments?post=27595"}],"version-history":[{"count":0,"href":"https:\/\/jorgezanoni.com.br\/2019\/wp-json\/wp\/v2\/posts\/27595\/revisions"}],"wp:featuredmedia":[{"embeddable":true,"href":"https:\/\/jorgezanoni.com.br\/2019\/wp-json\/wp\/v2\/media\/27596"}],"wp:attachment":[{"href":"https:\/\/jorgezanoni.com.br\/2019\/wp-json\/wp\/v2\/media?parent=27595"}],"wp:term":[{"taxonomy":"category","embeddable":true,"href":"https:\/\/jorgezanoni.com.br\/2019\/wp-json\/wp\/v2\/categories?post=27595"},{"taxonomy":"post_tag","embeddable":true,"href":"https:\/\/jorgezanoni.com.br\/2019\/wp-json\/wp\/v2\/tags?post=27595"}],"curies":[{"name":"wp","href":"https:\/\/api.w.org\/{rel}","templated":true}]}}