{"id":27566,"date":"2020-06-04T01:09:48","date_gmt":"2020-06-04T01:09:48","guid":{"rendered":"https:\/\/jorgezanoni.com.br\/2019\/?p=27566"},"modified":"2020-06-04T01:09:48","modified_gmt":"2020-06-04T01:09:48","slug":"comerciante-morre-ao-cair-de-escada-enquanto-limpava-luminaria-para-reabertura-de-pizzaria","status":"publish","type":"post","link":"https:\/\/jorgezanoni.com.br\/2019\/comerciante-morre-ao-cair-de-escada-enquanto-limpava-luminaria-para-reabertura-de-pizzaria\/","title":{"rendered":"Comerciante morre ao cair de escada enquanto limpava lumin\u00e1ria para reabertura de pizzaria"},"content":{"rendered":"<h2 class=\"content-head__subtitle\" style=\"text-align: justify;\"><strong>Homem de 42 anos caiu de uma altura de cerca de seis metros e n\u00e3o resistiu aos ferimentos, em Mar\u00edlia.<\/strong><\/h2>\n<div class=\"row medium-uncollapsed content-media content-photo\" data-block-type=\"backstage-photo\" data-block-id=\"0\">\n<div class=\"mc-column content-media__container\">\n<p class=\"content-media__description \" style=\"text-align: justify;\">Joel Carlos Marcelino Alves, de 42 anos n\u00e3o resistiu aos ferimentos ap\u00f3s cair de altura de seis metros.<\/p>\n<\/div>\n<\/div>\n<div class=\"mc-column content-text active-extra-styles \" style=\"text-align: justify;\" data-block-type=\"unstyled\" data-block-weight=\"29\" data-block-id=\"2\">\n<p class=\"content-text__container \" data-track-category=\"Link no Texto\" data-track-links=\"\">Um comerciante de 42 anos morreu depois que caiu de uma escada na pizzaria que era dono, em Mar\u00edlia, nesta ter\u00e7a-feira (2). O corpo foi sepultado nesta quarta-feira (3).<\/p>\n<\/div>\n<div class=\"wall protected-content\">\n<div class=\"mc-column content-text active-extra-styles \" style=\"text-align: justify;\" data-block-type=\"unstyled\" data-block-weight=\"38\" data-block-id=\"3\">\n<p class=\"content-text__container \" data-track-category=\"Link no Texto\" data-track-links=\"\">De acordo com a pol\u00edcia, a v\u00edtima estava limpava uma lumin\u00e1ria, quando caiu de uma altura aproximada de seis metros. O estabelecimento seria reaberto ap\u00f3s a\u00a0<a href=\"https:\/\/g1.globo.com\/sp\/bauru-marilia\/noticia\/2020\/06\/01\/no-interior-de-sp-cidade-que-se-colocou-na-fase-4-tem-fila-na-reabertura-do-comercio.ghtml\"><strong>prefeitura autorizar a abertura de com\u00e9rcios, incluindo bares e restaurantes, durante flexibiliza\u00e7\u00e3o<\/strong><\/a>.<\/p>\n<\/div>\n<div class=\"mc-column content-text active-extra-styles \" data-block-type=\"unstyled\" data-block-weight=\"31\" data-block-id=\"4\">\n<p class=\"content-text__container \" style=\"text-align: justify;\" data-track-category=\"Link no Texto\" data-track-links=\"\">A v\u00edtima chegou a ser socorrida pelo Servi\u00e7o de Atendimento M\u00f3vel de Urg\u00eancia (Samu), sendo levada para o Hospital das Cl\u00ednicas (HC), mas n\u00e3o resistiu aos ferimentos. As causas ser\u00e3o investigadas.<\/p>\n<p data-track-category=\"Link no Texto\" data-track-links=\"\">Fonte: G1<\/p>\n<\/div>\n<\/div>\n","protected":false},"excerpt":{"rendered":"<p>Homem de 42 anos caiu de uma altura de cerca de seis metros e n\u00e3o resistiu aos ferimentos, em Mar\u00edlia. Joel Carlos Marcelino Alves, de 42 anos n\u00e3o resistiu aos ferimentos ap\u00f3s cair de altura de seis metros. Um comerciante de 42 anos morreu depois que caiu de uma escada na pizzaria que era dono, [&hellip;]<\/p>\n","protected":false},"author":1,"featured_media":27567,"comment_status":"closed","ping_status":"open","sticky":false,"template":"","format":"standard","meta":{"footnotes":""},"categories":[110,2],"tags":[],"class_list":["post-27566","post","type-post","status-publish","format-standard","has-post-thumbnail","hentry","category-noticiasdestaque","category-policial"],"_links":{"self":[{"href":"https:\/\/jorgezanoni.com.br\/2019\/wp-json\/wp\/v2\/posts\/27566","targetHints":{"allow":["GET"]}}],"collection":[{"href":"https:\/\/jorgezanoni.com.br\/2019\/wp-json\/wp\/v2\/posts"}],"about":[{"href":"https:\/\/jorgezanoni.com.br\/2019\/wp-json\/wp\/v2\/types\/post"}],"author":[{"embeddable":true,"href":"https:\/\/jorgezanoni.com.br\/2019\/wp-json\/wp\/v2\/users\/1"}],"replies":[{"embeddable":true,"href":"https:\/\/jorgezanoni.com.br\/2019\/wp-json\/wp\/v2\/comments?post=27566"}],"version-history":[{"count":0,"href":"https:\/\/jorgezanoni.com.br\/2019\/wp-json\/wp\/v2\/posts\/27566\/revisions"}],"wp:featuredmedia":[{"embeddable":true,"href":"https:\/\/jorgezanoni.com.br\/2019\/wp-json\/wp\/v2\/media\/27567"}],"wp:attachment":[{"href":"https:\/\/jorgezanoni.com.br\/2019\/wp-json\/wp\/v2\/media?parent=27566"}],"wp:term":[{"taxonomy":"category","embeddable":true,"href":"https:\/\/jorgezanoni.com.br\/2019\/wp-json\/wp\/v2\/categories?post=27566"},{"taxonomy":"post_tag","embeddable":true,"href":"https:\/\/jorgezanoni.com.br\/2019\/wp-json\/wp\/v2\/tags?post=27566"}],"curies":[{"name":"wp","href":"https:\/\/api.w.org\/{rel}","templated":true}]}}