{"id":27554,"date":"2020-06-03T22:52:34","date_gmt":"2020-06-03T22:52:34","guid":{"rendered":"https:\/\/jorgezanoni.com.br\/2019\/?p=27554"},"modified":"2020-06-03T22:52:34","modified_gmt":"2020-06-03T22:52:34","slug":"festa-clandestina-e-denunciada-e-sera-embargada-pela-prefeitura-de-dracena","status":"publish","type":"post","link":"https:\/\/jorgezanoni.com.br\/2019\/festa-clandestina-e-denunciada-e-sera-embargada-pela-prefeitura-de-dracena\/","title":{"rendered":"Festa clandestina \u00e9 denunciada e ser\u00e1 embargada pela Prefeitura de Dracena"},"content":{"rendered":"<p style=\"text-align: justify;\">Por meio de den\u00fancia, chegou ao conhecimento da Prefeitura de Dracena e ao Departamento de Fiscaliza\u00e7\u00e3o, que uma festa clandestina estava programada para acontecer neste s\u00e1bado (06) em Dracena e sendo divulgada nas redes sociais.<\/p>\n<p style=\"text-align: justify;\">A Prefeitura de Dracena j\u00e1 tomou as medidas cab\u00edveis amparadas pelo Decreto Estadual e tamb\u00e9m pelo Decreto Municipal n\u00ba 7.274 de 29 de maio de 2.020, que no Artigo 11 item III<span class=\"text_exposed_show\">\u00a0determina: \u201cPermanece suspenso o funcionamento dos seguintes estabelecimentos e atividades: eventos, a exemplos de casamentos, bailes, festas, formaturas, anivers\u00e1rios e afins que cumulem nas aglomera\u00e7\u00f5es\u201d.<\/span><\/p>\n<div class=\"text_exposed_show\">\n<p style=\"text-align: justify;\">A Prefeitura de Dracena reitera que devido ao per\u00edodo de quarentena est\u00e3o proibidos eventos que promovam aglomera\u00e7\u00e3o, e \u00e9 de extrema import\u00e2ncia a colabora\u00e7\u00e3o da popula\u00e7\u00e3o para que n\u00e3o participe desses eventos e que denuncie para as autoridades competentes e Pol\u00edcia Militar.<\/p>\n<p style=\"text-align: justify;\">O Poder P\u00fablico e a popula\u00e7\u00e3o tem feito um grande esfor\u00e7o coletivo para o combate e controle da pandemia do novo coronav\u00edrus. N\u00e3o podemos correr o risco de perder o que conquistamos nos \u00faltimos dias, que foi \u00fanico e exclusivamente o direito de flexibilidade econ\u00f4mica.<\/p>\n<p style=\"text-align: justify;\">O Departamento de Fiscaliza\u00e7\u00e3o da prefeitura identificou o promotor do evento e far\u00e1 o embargo da festa. Promotores e participantes de eventos clandestinos poder\u00e3o responder pelos crimes previstos na legisla\u00e7\u00e3o vigente.<\/p>\n<p style=\"text-align: justify;\">Fonte: https:\/\/www.facebook.com\/prefeituradracena\/<\/p>\n<\/div>\n","protected":false},"excerpt":{"rendered":"<p>Por meio de den\u00fancia, chegou ao conhecimento da Prefeitura de Dracena e ao Departamento de Fiscaliza\u00e7\u00e3o, que uma festa clandestina estava programada para acontecer neste s\u00e1bado (06) em Dracena e sendo divulgada nas redes sociais. A Prefeitura de Dracena j\u00e1 tomou as medidas cab\u00edveis amparadas pelo Decreto Estadual e tamb\u00e9m pelo Decreto Municipal n\u00ba 7.274 [&hellip;]<\/p>\n","protected":false},"author":1,"featured_media":27555,"comment_status":"closed","ping_status":"open","sticky":false,"template":"","format":"standard","meta":{"footnotes":""},"categories":[179,184,110],"tags":[],"class_list":["post-27554","post","type-post","status-publish","format-standard","has-post-thumbnail","hentry","category-cidadeseregiao","category-dracena","category-noticiasdestaque"],"_links":{"self":[{"href":"https:\/\/jorgezanoni.com.br\/2019\/wp-json\/wp\/v2\/posts\/27554","targetHints":{"allow":["GET"]}}],"collection":[{"href":"https:\/\/jorgezanoni.com.br\/2019\/wp-json\/wp\/v2\/posts"}],"about":[{"href":"https:\/\/jorgezanoni.com.br\/2019\/wp-json\/wp\/v2\/types\/post"}],"author":[{"embeddable":true,"href":"https:\/\/jorgezanoni.com.br\/2019\/wp-json\/wp\/v2\/users\/1"}],"replies":[{"embeddable":true,"href":"https:\/\/jorgezanoni.com.br\/2019\/wp-json\/wp\/v2\/comments?post=27554"}],"version-history":[{"count":0,"href":"https:\/\/jorgezanoni.com.br\/2019\/wp-json\/wp\/v2\/posts\/27554\/revisions"}],"wp:featuredmedia":[{"embeddable":true,"href":"https:\/\/jorgezanoni.com.br\/2019\/wp-json\/wp\/v2\/media\/27555"}],"wp:attachment":[{"href":"https:\/\/jorgezanoni.com.br\/2019\/wp-json\/wp\/v2\/media?parent=27554"}],"wp:term":[{"taxonomy":"category","embeddable":true,"href":"https:\/\/jorgezanoni.com.br\/2019\/wp-json\/wp\/v2\/categories?post=27554"},{"taxonomy":"post_tag","embeddable":true,"href":"https:\/\/jorgezanoni.com.br\/2019\/wp-json\/wp\/v2\/tags?post=27554"}],"curies":[{"name":"wp","href":"https:\/\/api.w.org\/{rel}","templated":true}]}}