{"id":27548,"date":"2020-06-03T22:11:35","date_gmt":"2020-06-03T22:11:35","guid":{"rendered":"https:\/\/jorgezanoni.com.br\/2019\/?p=27548"},"modified":"2020-06-03T22:11:35","modified_gmt":"2020-06-03T22:11:35","slug":"boletim-atualizado-da-covid-19-da-secretaria-municipal-de-saude-de-dracena-2","status":"publish","type":"post","link":"https:\/\/jorgezanoni.com.br\/2019\/boletim-atualizado-da-covid-19-da-secretaria-municipal-de-saude-de-dracena-2\/","title":{"rendered":"Boletim atualizado da COVID-19 da Secretaria Municipal de Sa\u00fade de Dracena"},"content":{"rendered":"<p style=\"text-align: justify;\">Secretaria Municipal de Sa\u00fade e Higiene P\u00fablica informa a atualiza\u00e7\u00e3o do quadro de casos suspeitos e confirmados de Covid-19 em Dracena.\u00a003\/06\/2020<\/p>\n<p style=\"text-align: justify;\">ATEN\u00c7\u00c3O &#8211; A Prefeitura de Dracena contabiliza somente os n\u00fameros de moradores do nosso munic\u00edpio. Pessoas de outras cidades que s\u00e3o atendidas e\/ou internadas na Santa Casa de Dracena n\u00e3o entram nas estat\u00edsticas deste quadro.<\/p>\n<p>&nbsp;<\/p>\n","protected":false},"excerpt":{"rendered":"<p>Secretaria Municipal de Sa\u00fade e Higiene P\u00fablica informa a atualiza\u00e7\u00e3o do quadro de casos suspeitos e confirmados de Covid-19 em Dracena.\u00a003\/06\/2020 ATEN\u00c7\u00c3O &#8211; A Prefeitura de Dracena contabiliza somente os n\u00fameros de moradores do nosso munic\u00edpio. Pessoas de outras cidades que s\u00e3o atendidas e\/ou internadas na Santa Casa de Dracena n\u00e3o entram nas estat\u00edsticas deste [&hellip;]<\/p>\n","protected":false},"author":1,"featured_media":27549,"comment_status":"closed","ping_status":"open","sticky":false,"template":"","format":"standard","meta":{"footnotes":""},"categories":[179,184,110],"tags":[],"class_list":["post-27548","post","type-post","status-publish","format-standard","has-post-thumbnail","hentry","category-cidadeseregiao","category-dracena","category-noticiasdestaque"],"_links":{"self":[{"href":"https:\/\/jorgezanoni.com.br\/2019\/wp-json\/wp\/v2\/posts\/27548","targetHints":{"allow":["GET"]}}],"collection":[{"href":"https:\/\/jorgezanoni.com.br\/2019\/wp-json\/wp\/v2\/posts"}],"about":[{"href":"https:\/\/jorgezanoni.com.br\/2019\/wp-json\/wp\/v2\/types\/post"}],"author":[{"embeddable":true,"href":"https:\/\/jorgezanoni.com.br\/2019\/wp-json\/wp\/v2\/users\/1"}],"replies":[{"embeddable":true,"href":"https:\/\/jorgezanoni.com.br\/2019\/wp-json\/wp\/v2\/comments?post=27548"}],"version-history":[{"count":0,"href":"https:\/\/jorgezanoni.com.br\/2019\/wp-json\/wp\/v2\/posts\/27548\/revisions"}],"wp:featuredmedia":[{"embeddable":true,"href":"https:\/\/jorgezanoni.com.br\/2019\/wp-json\/wp\/v2\/media\/27549"}],"wp:attachment":[{"href":"https:\/\/jorgezanoni.com.br\/2019\/wp-json\/wp\/v2\/media?parent=27548"}],"wp:term":[{"taxonomy":"category","embeddable":true,"href":"https:\/\/jorgezanoni.com.br\/2019\/wp-json\/wp\/v2\/categories?post=27548"},{"taxonomy":"post_tag","embeddable":true,"href":"https:\/\/jorgezanoni.com.br\/2019\/wp-json\/wp\/v2\/tags?post=27548"}],"curies":[{"name":"wp","href":"https:\/\/api.w.org\/{rel}","templated":true}]}}