{"id":27541,"date":"2020-06-03T21:59:44","date_gmt":"2020-06-03T21:59:44","guid":{"rendered":"https:\/\/jorgezanoni.com.br\/2019\/?p=27541"},"modified":"2020-06-03T21:59:44","modified_gmt":"2020-06-03T21:59:44","slug":"prefeitura-de-dracena-anuncia-data-de-abertura-das-inscricoes-para-casas-populares","status":"publish","type":"post","link":"https:\/\/jorgezanoni.com.br\/2019\/prefeitura-de-dracena-anuncia-data-de-abertura-das-inscricoes-para-casas-populares\/","title":{"rendered":"Prefeitura de Dracena anuncia data de abertura das inscri\u00e7\u00f5es para casas populares"},"content":{"rendered":"<p style=\"text-align: justify;\">Hoje (03), o Prefeito de Dracena, se reuniu com representantes da CDHU (Companhia de Desenvolvimento Habitacional e Urbano) para tratar assuntos do Conjunto Habitacional Florindo Tabachi, onde est\u00e1 sendo finalizada a constru\u00e7\u00e3o das casas populares.<\/p>\n<p style=\"text-align: justify;\">Na oportunidade, o prefeito apresentou o andamento da obra e alinhou o cronograma de execu\u00e7\u00e3o de agora at\u00e9 o breve t\u00e9rmino dos tr<span class=\"text_exposed_show\">abalhos.<\/span><\/p>\n<div class=\"text_exposed_show\">\n<p style=\"text-align: justify;\">Est\u00e1 em andamento a obra de instala\u00e7\u00e3o do Po\u00e7o Artesiano e do Reservat\u00f3rio de \u00c1gua, al\u00e9m de guias, sarjetas e pavimenta\u00e7\u00e3o. Est\u00e1 previsto a entrega da primeira etapa das casas para outubro deste ano.<\/p>\n<p style=\"text-align: justify;\">O in\u00edcio das inscri\u00e7\u00f5es para concorrer a uma casa do Conjunto Habitacional ser\u00e1 por meio eletr\u00f4nico entre os dias 15 e 24 de junho de 2.020.<\/p>\n<p style=\"text-align: justify;\">Quem tiver interesse em concorrer a uma casa deve ficar atento aos \u00f3rg\u00e3os de imprensa local, site oficial da Prefeitura de Dracena e redes sociais da municipalidade. A Prefeitura de Dracena dar\u00e1 mais informa\u00e7\u00f5es ao longo dessa semana e na pr\u00f3xima, orientando a forma correta e segura de como fazer o cadastro e obter o direito para concorrer a uma unidade das moradias populares.<\/p>\n<p><img loading=\"lazy\" decoding=\"async\" class=\"alignnone size-full wp-image-27542\" src=\"https:\/\/jorgezanoni.com.br\/2019\/wp-content\/uploads\/2020\/06\/casas1.jpg\" alt=\"\" width=\"960\" height=\"480\" srcset=\"https:\/\/jorgezanoni.com.br\/2019\/wp-content\/uploads\/2020\/06\/casas1.jpg 960w, https:\/\/jorgezanoni.com.br\/2019\/wp-content\/uploads\/2020\/06\/casas1-300x150.jpg 300w, https:\/\/jorgezanoni.com.br\/2019\/wp-content\/uploads\/2020\/06\/casas1-768x384.jpg 768w, https:\/\/jorgezanoni.com.br\/2019\/wp-content\/uploads\/2020\/06\/casas1-696x348.jpg 696w, https:\/\/jorgezanoni.com.br\/2019\/wp-content\/uploads\/2020\/06\/casas1-840x420.jpg 840w\" sizes=\"auto, (max-width: 960px) 100vw, 960px\" \/> <img loading=\"lazy\" decoding=\"async\" class=\"alignnone size-full wp-image-27543\" src=\"https:\/\/jorgezanoni.com.br\/2019\/wp-content\/uploads\/2020\/06\/casas2.jpg\" alt=\"\" width=\"960\" height=\"720\" srcset=\"https:\/\/jorgezanoni.com.br\/2019\/wp-content\/uploads\/2020\/06\/casas2.jpg 960w, https:\/\/jorgezanoni.com.br\/2019\/wp-content\/uploads\/2020\/06\/casas2-300x225.jpg 300w, https:\/\/jorgezanoni.com.br\/2019\/wp-content\/uploads\/2020\/06\/casas2-768x576.jpg 768w, https:\/\/jorgezanoni.com.br\/2019\/wp-content\/uploads\/2020\/06\/casas2-80x60.jpg 80w, https:\/\/jorgezanoni.com.br\/2019\/wp-content\/uploads\/2020\/06\/casas2-265x198.jpg 265w, https:\/\/jorgezanoni.com.br\/2019\/wp-content\/uploads\/2020\/06\/casas2-696x522.jpg 696w, https:\/\/jorgezanoni.com.br\/2019\/wp-content\/uploads\/2020\/06\/casas2-560x420.jpg 560w\" sizes=\"auto, (max-width: 960px) 100vw, 960px\" \/> <img loading=\"lazy\" decoding=\"async\" class=\"alignnone size-full wp-image-27544\" src=\"https:\/\/jorgezanoni.com.br\/2019\/wp-content\/uploads\/2020\/06\/casas3.jpg\" alt=\"\" width=\"720\" height=\"960\" srcset=\"https:\/\/jorgezanoni.com.br\/2019\/wp-content\/uploads\/2020\/06\/casas3.jpg 720w, https:\/\/jorgezanoni.com.br\/2019\/wp-content\/uploads\/2020\/06\/casas3-225x300.jpg 225w, https:\/\/jorgezanoni.com.br\/2019\/wp-content\/uploads\/2020\/06\/casas3-696x928.jpg 696w, https:\/\/jorgezanoni.com.br\/2019\/wp-content\/uploads\/2020\/06\/casas3-315x420.jpg 315w\" sizes=\"auto, (max-width: 720px) 100vw, 720px\" \/> <img loading=\"lazy\" decoding=\"async\" class=\"alignnone size-full wp-image-27545\" src=\"https:\/\/jorgezanoni.com.br\/2019\/wp-content\/uploads\/2020\/06\/casas4.jpg\" alt=\"\" width=\"960\" height=\"546\" srcset=\"https:\/\/jorgezanoni.com.br\/2019\/wp-content\/uploads\/2020\/06\/casas4.jpg 960w, https:\/\/jorgezanoni.com.br\/2019\/wp-content\/uploads\/2020\/06\/casas4-300x171.jpg 300w, https:\/\/jorgezanoni.com.br\/2019\/wp-content\/uploads\/2020\/06\/casas4-768x437.jpg 768w, https:\/\/jorgezanoni.com.br\/2019\/wp-content\/uploads\/2020\/06\/casas4-696x396.jpg 696w, https:\/\/jorgezanoni.com.br\/2019\/wp-content\/uploads\/2020\/06\/casas4-738x420.jpg 738w\" sizes=\"auto, (max-width: 960px) 100vw, 960px\" \/><\/p>\n<p style=\"text-align: justify;\">Fonte: https:\/\/www.facebook.com\/prefeituradracena\/<\/p>\n<\/div>\n","protected":false},"excerpt":{"rendered":"<p>Hoje (03), o Prefeito de Dracena, se reuniu com representantes da CDHU (Companhia de Desenvolvimento Habitacional e Urbano) para tratar assuntos do Conjunto Habitacional Florindo Tabachi, onde est\u00e1 sendo finalizada a constru\u00e7\u00e3o das casas populares. Na oportunidade, o prefeito apresentou o andamento da obra e alinhou o cronograma de execu\u00e7\u00e3o de agora at\u00e9 o breve [&hellip;]<\/p>\n","protected":false},"author":1,"featured_media":27546,"comment_status":"closed","ping_status":"open","sticky":false,"template":"","format":"standard","meta":{"footnotes":""},"categories":[179,184,120,110],"tags":[],"class_list":["post-27541","post","type-post","status-publish","format-standard","has-post-thumbnail","hentry","category-cidadeseregiao","category-dracena","category-justicahabitacaotecnologia","category-noticiasdestaque"],"_links":{"self":[{"href":"https:\/\/jorgezanoni.com.br\/2019\/wp-json\/wp\/v2\/posts\/27541","targetHints":{"allow":["GET"]}}],"collection":[{"href":"https:\/\/jorgezanoni.com.br\/2019\/wp-json\/wp\/v2\/posts"}],"about":[{"href":"https:\/\/jorgezanoni.com.br\/2019\/wp-json\/wp\/v2\/types\/post"}],"author":[{"embeddable":true,"href":"https:\/\/jorgezanoni.com.br\/2019\/wp-json\/wp\/v2\/users\/1"}],"replies":[{"embeddable":true,"href":"https:\/\/jorgezanoni.com.br\/2019\/wp-json\/wp\/v2\/comments?post=27541"}],"version-history":[{"count":0,"href":"https:\/\/jorgezanoni.com.br\/2019\/wp-json\/wp\/v2\/posts\/27541\/revisions"}],"wp:featuredmedia":[{"embeddable":true,"href":"https:\/\/jorgezanoni.com.br\/2019\/wp-json\/wp\/v2\/media\/27546"}],"wp:attachment":[{"href":"https:\/\/jorgezanoni.com.br\/2019\/wp-json\/wp\/v2\/media?parent=27541"}],"wp:term":[{"taxonomy":"category","embeddable":true,"href":"https:\/\/jorgezanoni.com.br\/2019\/wp-json\/wp\/v2\/categories?post=27541"},{"taxonomy":"post_tag","embeddable":true,"href":"https:\/\/jorgezanoni.com.br\/2019\/wp-json\/wp\/v2\/tags?post=27541"}],"curies":[{"name":"wp","href":"https:\/\/api.w.org\/{rel}","templated":true}]}}