{"id":27538,"date":"2020-06-03T16:05:48","date_gmt":"2020-06-03T16:05:48","guid":{"rendered":"https:\/\/jorgezanoni.com.br\/2019\/?p=27538"},"modified":"2020-06-03T16:05:48","modified_gmt":"2020-06-03T16:05:48","slug":"video-de-criancas-de-ouro-verde-enfoca-o-racismo","status":"publish","type":"post","link":"https:\/\/jorgezanoni.com.br\/2019\/video-de-criancas-de-ouro-verde-enfoca-o-racismo\/","title":{"rendered":"Video de crian\u00e7as de Ouro Verde enfoca o racismo"},"content":{"rendered":"<p>Quem disse que racismo tem gra\u00e7a?<br \/>\nN\u00e3o transforme o preconceito em piada<br \/>\nPor que isso n\u00e3o tem gra\u00e7a.<\/p>\n<div id=\"fb-root\"><\/div>\n<p><script async=\"1\" defer=\"1\" crossorigin=\"anonymous\" src=\"https:\/\/connect.facebook.net\/en_US\/sdk.js#xfbml=1&amp;version=v7.0\"><\/script><\/p>\n<div class=\"fb-video\" data-href=\"https:\/\/www.facebook.com\/100035098664751\/videos\/288907775622509\/\" data-width=\"696\">\n<blockquote cite=\"https:\/\/www.facebook.com\/100035098664751\/videos\/288907775622509\/\" class=\"fb-xfbml-parse-ignore\"><p><a href=\"https:\/\/www.facebook.com\/100035098664751\/videos\/288907775622509\/\"><\/a><\/p>\n<p>Quem disse que racismo tem gra\u00e7a?N\u00e3o transforme o preconceito em piadaPor que isso n\u00e3o tem gra\u00e7a.<\/p>\n<p>Posted by <a href=\"https:\/\/www.facebook.com\/people\/Tvmov-Tvmunicipal-OuroVerde\/100035098664751\">Tvmov Tvmunicipal OuroVerde<\/a> on Tuesday, June 2, 2020<\/p><\/blockquote>\n<\/div>\n<p>Esse curta metragem feito por algumas crian\u00e7as da nossa cidade de Ouro Verde, demonstra de maneira simples como algo abomin\u00e1vel \u00e9 inocentemente reproduzido, vale a reflex\u00e3o&#8230;compartilhe &#8230;<\/p>\n","protected":false},"excerpt":{"rendered":"<p>Quem disse que racismo tem gra\u00e7a? N\u00e3o transforme o preconceito em piada Por que isso n\u00e3o tem gra\u00e7a. Quem disse que racismo tem gra\u00e7a?N\u00e3o transforme o preconceito em piadaPor que isso n\u00e3o tem gra\u00e7a. Posted by Tvmov Tvmunicipal OuroVerde on Tuesday, June 2, 2020 Esse curta metragem feito por algumas crian\u00e7as da nossa cidade de [&hellip;]<\/p>\n","protected":false},"author":1,"featured_media":27539,"comment_status":"closed","ping_status":"open","sticky":false,"template":"","format":"video","meta":{"footnotes":""},"categories":[169],"tags":[],"class_list":["post-27538","post","type-post","status-publish","format-video","has-post-thumbnail","hentry","category-videos","post_format-post-format-video"],"_links":{"self":[{"href":"https:\/\/jorgezanoni.com.br\/2019\/wp-json\/wp\/v2\/posts\/27538","targetHints":{"allow":["GET"]}}],"collection":[{"href":"https:\/\/jorgezanoni.com.br\/2019\/wp-json\/wp\/v2\/posts"}],"about":[{"href":"https:\/\/jorgezanoni.com.br\/2019\/wp-json\/wp\/v2\/types\/post"}],"author":[{"embeddable":true,"href":"https:\/\/jorgezanoni.com.br\/2019\/wp-json\/wp\/v2\/users\/1"}],"replies":[{"embeddable":true,"href":"https:\/\/jorgezanoni.com.br\/2019\/wp-json\/wp\/v2\/comments?post=27538"}],"version-history":[{"count":0,"href":"https:\/\/jorgezanoni.com.br\/2019\/wp-json\/wp\/v2\/posts\/27538\/revisions"}],"wp:featuredmedia":[{"embeddable":true,"href":"https:\/\/jorgezanoni.com.br\/2019\/wp-json\/wp\/v2\/media\/27539"}],"wp:attachment":[{"href":"https:\/\/jorgezanoni.com.br\/2019\/wp-json\/wp\/v2\/media?parent=27538"}],"wp:term":[{"taxonomy":"category","embeddable":true,"href":"https:\/\/jorgezanoni.com.br\/2019\/wp-json\/wp\/v2\/categories?post=27538"},{"taxonomy":"post_tag","embeddable":true,"href":"https:\/\/jorgezanoni.com.br\/2019\/wp-json\/wp\/v2\/tags?post=27538"}],"curies":[{"name":"wp","href":"https:\/\/api.w.org\/{rel}","templated":true}]}}