{"id":27535,"date":"2020-06-03T15:40:08","date_gmt":"2020-06-03T15:40:08","guid":{"rendered":"https:\/\/jorgezanoni.com.br\/2019\/?p=27535"},"modified":"2020-06-03T15:40:08","modified_gmt":"2020-06-03T15:40:08","slug":"deputado-bragato-destina-mais-r-3-milhoes-para-combate-ao-coronavirus-em-17-municipios-do-oeste-paulista","status":"publish","type":"post","link":"https:\/\/jorgezanoni.com.br\/2019\/deputado-bragato-destina-mais-r-3-milhoes-para-combate-ao-coronavirus-em-17-municipios-do-oeste-paulista\/","title":{"rendered":"Deputado Bragato destina mais R$ 3 milh\u00f5es para combate ao coronav\u00edrus em 17 munic\u00edpios do Oeste Paulista"},"content":{"rendered":"<p style=\"text-align: justify;\">O deputado Mauro Bragato destinou mais R$ 3 milh\u00f5es para 17 cidades do Oeste Paulista para custeio do setor da sa\u00fade na regi\u00e3o. O recurso ser\u00e1 transferido pela Secretaria Estadual da Sa\u00fade.<\/p>\n<p style=\"text-align: justify;\">Bragato mant\u00e9m constante di\u00e1logo com o secret\u00e1rio Jos\u00e9 Henrique Germann Ferreira para debater a\u00e7\u00f5es para a sa\u00fade da regi\u00e3o e buscar recursos para a sa\u00fade das cidades de Adamantina, \u00c1lvares Machado, Dracena, Ipaussu, Mirante do Paranapanema, Osvaldo Cruz, Ourinhos, Presidente Bernardes, Presidente Prudente, Presidente Venceslau, Presidente Epit\u00e1cio, Quat\u00e1, Rancharia, Santo Anast\u00e1cio, Taciba, Teodoro Sampaio e Tup\u00e3.<\/p>\n<p style=\"text-align: justify;\">\u201cEste \u00e9 o momento em que precisamos olhar para a sa\u00fade p\u00fablica. A pandemia trouxe um impacto enorme ao setor, extrapolando, inclusive, os efeitos da pr\u00f3pria doen\u00e7a Covid-19. O que posso fazer, estou fazendo: medidas para ajudar nessa batalha\u201d, destacou o parlamentar.<\/p>\n<p style=\"text-align: justify;\">Bragato j\u00e1 havia liberado R$ 2,5 milh\u00f5es de sua cota de emendas parlamentares para os hospitais filantr\u00f3picos, santas casas e prefeituras, al\u00e9m de articular junto ao Governo do Estado de S\u00e3o Paulo a libera\u00e7\u00e3o de mais R$ 8,5 milh\u00f5es para 100 munic\u00edpios da regi\u00e3o combaterem a pandemia.<\/p>\n<p style=\"text-align: justify;\">Confira o valor destinado a cada cidade:<\/p>\n<p style=\"text-align: justify;\">R$ 180 mil para a Irmandade Da Santa Casa De Miseric\u00f3rdia de Adamantina<\/p>\n<p style=\"text-align: justify;\">R$ 100 mil para o Hospital e Santa Casa de Miseric\u00f3rdia De \u00c1lvares Machado<\/p>\n<p style=\"text-align: justify;\">R$ 180 mil para a Irmandade da Santa Casa de Miseric\u00f3rdia e Maternidade de Dracena<\/p>\n<p style=\"text-align: justify;\">R$ 180 mil para a Irmandade da Santa Casa de Ipaussu<\/p>\n<p style=\"text-align: justify;\">R$ 250 mil para a Secretaria da Sa\u00fade da Prefeitura Municipal de Mirante do Paranapanema<\/p>\n<p style=\"text-align: justify;\">R$ 180 mil para a Secretaria da Sa\u00fade da Prefeitura Municipal de Osvaldo Cruz<\/p>\n<p style=\"text-align: justify;\">R$ 180 mil para a Santa Casa de Miseric\u00f3rdia de Ourinhos<\/p>\n<p style=\"text-align: justify;\">R$ 100 mil para a Associa\u00e7\u00e3o Beneficente de Presidente Bernardes &#8211; Hospital de Miseric\u00f3rdia Nossa Senhora Aparecida<\/p>\n<p style=\"text-align: justify;\">R$ 190 mil para a Santa Casa de Miseric\u00f3rdia de Presidente Prudente<\/p>\n<p style=\"text-align: justify;\">R$ 380 mil para a Secretaria da Sa\u00fade da Prefeitura Municipal de Presidente Prudente<\/p>\n<p style=\"text-align: justify;\">R$ 150 mil para a Irmandade da Santa Casa de Presidente Venceslau<\/p>\n<p style=\"text-align: justify;\">R$ 150 mil para a Secretaria da Sa\u00fade da Prefeitura Municipal de Presidente Epit\u00e1cio<\/p>\n<p style=\"text-align: justify;\">R$ 100 mil para a Secretaria da Sa\u00fade da Prefeitura Municipal de Quat\u00e1<\/p>\n<p style=\"text-align: justify;\">R$ 150 mil para o Hospital e Maternidade de Rancharia<\/p>\n<p style=\"text-align: justify;\">R$ 100 mil para a Irmandade do Hospital de Caridade Anita Costa, em Santo Anast\u00e1cio<\/p>\n<p style=\"text-align: justify;\">R$ 100 mil para a Secretaria da Sa\u00fade da Prefeitura Municipal de Taciba<\/p>\n<p style=\"text-align: justify;\">R$ 180 mil para a Secretaria da Sa\u00fade da Prefeitura Municipal de Teodoro Sampaio<\/p>\n<p style=\"text-align: justify;\">R$ 150 mil para a Santa Casa de Miseric\u00f3rdia de Tup\u00e3<\/p>\n<p style=\"text-align: justify;\">Fonte: Assessoria de Imprensa<\/p>\n","protected":false},"excerpt":{"rendered":"<p>O deputado Mauro Bragato destinou mais R$ 3 milh\u00f5es para 17 cidades do Oeste Paulista para custeio do setor da sa\u00fade na regi\u00e3o. O recurso ser\u00e1 transferido pela Secretaria Estadual da Sa\u00fade. Bragato mant\u00e9m constante di\u00e1logo com o secret\u00e1rio Jos\u00e9 Henrique Germann Ferreira para debater a\u00e7\u00f5es para a sa\u00fade da regi\u00e3o e buscar recursos para [&hellip;]<\/p>\n","protected":false},"author":1,"featured_media":27536,"comment_status":"closed","ping_status":"open","sticky":false,"template":"","format":"standard","meta":{"footnotes":""},"categories":[116],"tags":[],"class_list":["post-27535","post","type-post","status-publish","format-standard","has-post-thumbnail","hentry","category-politicaeeconomia"],"_links":{"self":[{"href":"https:\/\/jorgezanoni.com.br\/2019\/wp-json\/wp\/v2\/posts\/27535","targetHints":{"allow":["GET"]}}],"collection":[{"href":"https:\/\/jorgezanoni.com.br\/2019\/wp-json\/wp\/v2\/posts"}],"about":[{"href":"https:\/\/jorgezanoni.com.br\/2019\/wp-json\/wp\/v2\/types\/post"}],"author":[{"embeddable":true,"href":"https:\/\/jorgezanoni.com.br\/2019\/wp-json\/wp\/v2\/users\/1"}],"replies":[{"embeddable":true,"href":"https:\/\/jorgezanoni.com.br\/2019\/wp-json\/wp\/v2\/comments?post=27535"}],"version-history":[{"count":0,"href":"https:\/\/jorgezanoni.com.br\/2019\/wp-json\/wp\/v2\/posts\/27535\/revisions"}],"wp:featuredmedia":[{"embeddable":true,"href":"https:\/\/jorgezanoni.com.br\/2019\/wp-json\/wp\/v2\/media\/27536"}],"wp:attachment":[{"href":"https:\/\/jorgezanoni.com.br\/2019\/wp-json\/wp\/v2\/media?parent=27535"}],"wp:term":[{"taxonomy":"category","embeddable":true,"href":"https:\/\/jorgezanoni.com.br\/2019\/wp-json\/wp\/v2\/categories?post=27535"},{"taxonomy":"post_tag","embeddable":true,"href":"https:\/\/jorgezanoni.com.br\/2019\/wp-json\/wp\/v2\/tags?post=27535"}],"curies":[{"name":"wp","href":"https:\/\/api.w.org\/{rel}","templated":true}]}}