{"id":27515,"date":"2020-06-03T14:51:02","date_gmt":"2020-06-03T14:51:02","guid":{"rendered":"https:\/\/jorgezanoni.com.br\/2019\/?p=27515"},"modified":"2020-06-03T14:51:02","modified_gmt":"2020-06-03T14:51:02","slug":"ex-prefeito-pedretti-e-absolvido-pela-justica-no-caso-do-pam","status":"publish","type":"post","link":"https:\/\/jorgezanoni.com.br\/2019\/ex-prefeito-pedretti-e-absolvido-pela-justica-no-caso-do-pam\/","title":{"rendered":"Ex-prefeito Pedretti \u00e9 absolvido pela Justi\u00e7a no caso do PAM"},"content":{"rendered":"<p style=\"text-align: justify;\"><strong>EX-PREFEITO PEDRETTI \u00c9 ABSOLVIDO PELA JUSTI\u00c7A POR TER RESOLVIDO TODOS OS PROBLEMAS DO PAM LOCAL REFERENTES A ADMINISTRA\u00c7\u00d5ES ANTERIORES<\/strong><\/p>\n<p style=\"text-align: justify;\">O ex-prefeito Pedretti, durante a sua gest\u00e3o \u00e0 frente do munic\u00edpio de Dracena (2013-2016), realizou as adequa\u00e7\u00f5es necess\u00e1rias no PAM Dr. Takashi Enokibara, conforme exig\u00eancias judiciais vindas de 2 administra\u00e7\u00f5es anteriores. A defesa do ex-prefeito foi feita pelo advogado dracenense Vladimir de Mattos.<\/p>\n<p style=\"text-align: justify;\"><img loading=\"lazy\" decoding=\"async\" class=\"alignnone size-full wp-image-27516\" src=\"https:\/\/jorgezanoni.com.br\/2019\/wp-content\/uploads\/2020\/06\/pedretti.jpg\" alt=\"\" width=\"512\" height=\"384\" srcset=\"https:\/\/jorgezanoni.com.br\/2019\/wp-content\/uploads\/2020\/06\/pedretti.jpg 512w, https:\/\/jorgezanoni.com.br\/2019\/wp-content\/uploads\/2020\/06\/pedretti-300x225.jpg 300w, https:\/\/jorgezanoni.com.br\/2019\/wp-content\/uploads\/2020\/06\/pedretti-80x60.jpg 80w, https:\/\/jorgezanoni.com.br\/2019\/wp-content\/uploads\/2020\/06\/pedretti-265x198.jpg 265w\" sizes=\"auto, (max-width: 512px) 100vw, 512px\" \/>O ex-prefeito ladeado de seus ex-secret\u00e1rios de sa\u00fade, Geni P. L. Pesin e Nelson A. Bortolatto. Cr\u00e9dito da foto: Facebook.<\/p>\n<p style=\"text-align: justify;\">O ex-prefeito Jos\u00e9 Ant\u00f4nio Pedretti foi absolvido em processo judicial que apurava o cumprimento de determina\u00e7\u00f5es que visavam melhorias do PAM local em conformidade com as normas do Conselho Regional de Medicina \u2013 CRM e Conselho Federal de Medicina \u2013 CFM, em face de irregularidades vindas de duas administra\u00e7\u00f5es municipais anteriores.<\/p>\n<p style=\"text-align: justify;\">As irregularidades n\u00e3o sanadas pelas administra\u00e7\u00f5es anteriores e devidamente resolvidas durante a administra\u00e7\u00e3o do ex-prefeito Jos\u00e9 Antonio Pedretti eram as seguintes: inexist\u00eancia de estrutura adequada do PAM, inexist\u00eancia de m\u00e9dicos especialistas plantonistas de anestesia, cl\u00ednica m\u00e9dica, pediatria, cirurgia geral e ortopedia; inexist\u00eancia de ventiladores de press\u00e3o e acondicionamento de medicamentos em refrigerador; enfermaria sem aparelhamento necess\u00e1rio (desfibrilador, por exemplo); falta de sala apropriada para atendimento emergencial de pronto socorro,\u00a0 bem como sala para manuten\u00e7\u00e3o de pacientes que estejam a espera de interna\u00e7\u00e3o; n\u00famero insuficiente de enfermeiros, etc..<\/p>\n<p style=\"text-align: justify;\">Na A\u00e7\u00e3o Civil P\u00fablica que apurou a realiza\u00e7\u00e3o das benfeitorias na gest\u00e3o do ex-prefeito Pedretti, processo n\u00ba 1003291-79.2017.8.26.0168 \u2013 2\u00aa Vara Judicial C\u00edvel da Comarca de Dracena, o advogado do ex-prefeito, Vladimir de Mattos, comprovou que foram realizadas todas as exig\u00eancias a respeito das irregularidades apontadas em administra\u00e7\u00f5es anteriores.<\/p>\n<p style=\"text-align: justify;\">O mesmo assunto tamb\u00e9m foi tratado no processo n\u00ba 1000585-94.2015.8.26.0168 \u2013 1\u00aa Vara Judicial C\u00edvel de Dracena, aonde tamb\u00e9m foi reconhecido que o ex-prefeito Jos\u00e9 Antonio Pedretti cumpriu com todas as determina\u00e7\u00f5es judiciais necess\u00e1rias para a melhoria do PAM local.<\/p>\n<p style=\"text-align: justify;\">Procurado pela reportagem, o advogado Vladimir de Mattos elogiou a senten\u00e7a e afirmou que \u201co Minist\u00e9rio P\u00fablico e o Poder Judici\u00e1rio de Dracena est\u00e3o de parab\u00e9ns pela decis\u00e3o, pois o ex-prefeito Pedretti realmente cumpriu com todas as exig\u00eancias legais, trazendo in\u00fameras e importantes melhorias ao PAM local durante o per\u00edodo em que administrou o nosso munic\u00edpio. Justi\u00e7a foi feita!\u201d, completou o advogado.<\/p>\n<p><img loading=\"lazy\" decoding=\"async\" class=\"alignnone size-full wp-image-27517\" src=\"https:\/\/jorgezanoni.com.br\/2019\/wp-content\/uploads\/2020\/06\/pedretti-1.jpg\" alt=\"\" width=\"576\" height=\"828\" srcset=\"https:\/\/jorgezanoni.com.br\/2019\/wp-content\/uploads\/2020\/06\/pedretti-1.jpg 576w, https:\/\/jorgezanoni.com.br\/2019\/wp-content\/uploads\/2020\/06\/pedretti-1-209x300.jpg 209w, https:\/\/jorgezanoni.com.br\/2019\/wp-content\/uploads\/2020\/06\/pedretti-1-292x420.jpg 292w\" sizes=\"auto, (max-width: 576px) 100vw, 576px\" \/>\u00a0 \u00a0 \u00a0 \u00a0 \u00a0 \u00a0 \u00a0 \u00a0 \u00a0 \u00a0 Advogado Vladimir de Mattos. Cr\u00e9dito da foto: Facebook.<\/p>\n","protected":false},"excerpt":{"rendered":"<p>EX-PREFEITO PEDRETTI \u00c9 ABSOLVIDO PELA JUSTI\u00c7A POR TER RESOLVIDO TODOS OS PROBLEMAS DO PAM LOCAL REFERENTES A ADMINISTRA\u00c7\u00d5ES ANTERIORES O ex-prefeito Pedretti, durante a sua gest\u00e3o \u00e0 frente do munic\u00edpio de Dracena (2013-2016), realizou as adequa\u00e7\u00f5es necess\u00e1rias no PAM Dr. Takashi Enokibara, conforme exig\u00eancias judiciais vindas de 2 administra\u00e7\u00f5es anteriores. A defesa do ex-prefeito foi [&hellip;]<\/p>\n","protected":false},"author":1,"featured_media":27518,"comment_status":"closed","ping_status":"open","sticky":false,"template":"","format":"standard","meta":{"footnotes":""},"categories":[120,110],"tags":[],"class_list":["post-27515","post","type-post","status-publish","format-standard","has-post-thumbnail","hentry","category-justicahabitacaotecnologia","category-noticiasdestaque"],"_links":{"self":[{"href":"https:\/\/jorgezanoni.com.br\/2019\/wp-json\/wp\/v2\/posts\/27515","targetHints":{"allow":["GET"]}}],"collection":[{"href":"https:\/\/jorgezanoni.com.br\/2019\/wp-json\/wp\/v2\/posts"}],"about":[{"href":"https:\/\/jorgezanoni.com.br\/2019\/wp-json\/wp\/v2\/types\/post"}],"author":[{"embeddable":true,"href":"https:\/\/jorgezanoni.com.br\/2019\/wp-json\/wp\/v2\/users\/1"}],"replies":[{"embeddable":true,"href":"https:\/\/jorgezanoni.com.br\/2019\/wp-json\/wp\/v2\/comments?post=27515"}],"version-history":[{"count":0,"href":"https:\/\/jorgezanoni.com.br\/2019\/wp-json\/wp\/v2\/posts\/27515\/revisions"}],"wp:featuredmedia":[{"embeddable":true,"href":"https:\/\/jorgezanoni.com.br\/2019\/wp-json\/wp\/v2\/media\/27518"}],"wp:attachment":[{"href":"https:\/\/jorgezanoni.com.br\/2019\/wp-json\/wp\/v2\/media?parent=27515"}],"wp:term":[{"taxonomy":"category","embeddable":true,"href":"https:\/\/jorgezanoni.com.br\/2019\/wp-json\/wp\/v2\/categories?post=27515"},{"taxonomy":"post_tag","embeddable":true,"href":"https:\/\/jorgezanoni.com.br\/2019\/wp-json\/wp\/v2\/tags?post=27515"}],"curies":[{"name":"wp","href":"https:\/\/api.w.org\/{rel}","templated":true}]}}