{"id":27489,"date":"2020-06-03T12:25:54","date_gmt":"2020-06-03T12:25:54","guid":{"rendered":"https:\/\/jorgezanoni.com.br\/2019\/?p=27489"},"modified":"2020-06-03T12:25:54","modified_gmt":"2020-06-03T12:25:54","slug":"centro-academico-e-atletica-de-medicina-da-unifadra-convidam-para-capacitacao-sobre-covid-19-com-infectologista-ricardo-sobhie-diaz","status":"publish","type":"post","link":"https:\/\/jorgezanoni.com.br\/2019\/centro-academico-e-atletica-de-medicina-da-unifadra-convidam-para-capacitacao-sobre-covid-19-com-infectologista-ricardo-sobhie-diaz\/","title":{"rendered":"Centro Acad\u00eamico e Atl\u00e9tica de Medicina da Unifadra convidam para capacita\u00e7\u00e3o sobre Covid-19 com infectologista Ricardo Sobhie Diaz"},"content":{"rendered":"<p dir=\"ltr\" style=\"text-align: justify;\">O Centro Acad\u00eamico e a Atl\u00e9tica do curso de Medicina da Unifadra Dracena promover\u00e3o o web evento &#8220;Capacita\u00e7\u00e3o sobre os aspectos cl\u00ednicos da Covid-19&#8221;, com o renomado infectologista Prof. Dr. Ricardo Sobhie Diaz.<\/p>\n<p dir=\"ltr\" style=\"text-align: justify;\">O evento ser\u00e1 transmitido via Google Meet, no dia 03\/06, \u00e0s 18h, e as inscri\u00e7\u00f5es devem ser feitas diretamente via WhatsApp com os alunos Daniel (18 99770-9539) e Beatriz (18 99658-2998). O evento, organizado pelos alunos, ser\u00e1 em prol do Projeto Amar.<\/p>\n<p dir=\"ltr\" style=\"text-align: justify;\">Ricardo Sobhie Diaz cursou o ensino m\u00e9dio no Anglo-CID (unidade escolar mantida pela Fundec) e \u00e9 formado pela Escola Paulista de Medicina, com resid\u00eancia m\u00e9dica nessa mesma Institui\u00e7\u00e3o, em Cl\u00ednica M\u00e9dica e Infectologia. Realizou o p\u00f3s-doutoramento em Medicina Laboratorial estudando a diversidade gen\u00e9tica do HIV e sua rela\u00e7\u00e3o com a patog\u00eanese no atual Blood System Research Institute (antigo Irwin Memorial Blood Center), em S\u00e3o Francisco, na Calif\u00f3rnia, atrav\u00e9s da Universidade da Calif\u00f3rnia, em Berkeley. Atualmente \u00e9 Professor Associado e Livre Docente da Disciplina de Infectologia na Escola Paulista de Medicina, da Universidade Federal de S\u00e3o Paulo, e Pesquisador 1C. Atua como Diretor do Laborat\u00f3rio de Retrovirologia dessa Institui\u00e7\u00e3o, conduzindo pesquisa nas \u00e1reas de virologia, biologia molecular, pesquisa transicional (translacional) e pesquisa cl\u00ednica relacionada ao HIV e v\u00edrus relacionados. Lidera um grupo de pesquisadores que conduzem pesquisa em \u00e1reas b\u00e1sica e cl\u00ednica, incluindo alunos de p\u00f3s-gradua\u00e7\u00e3o em diversos n\u00edveis. Atua tamb\u00e9m como consultor externo do Programa Nacional de DST\/AIDS na \u00e1rea de Laborat\u00f3rio, e \u00e9 membro do Consenso para o Tratamento Antirretroviral de Adultos e Adolescentes do Minist\u00e9rio da Sa\u00fade do Brasil<\/p>\n<div class=\"gmail_signature\" dir=\"ltr\" style=\"text-align: justify;\">\n<div dir=\"ltr\">Carolina Colnago<br \/>\nAssistente de Comunica\u00e7\u00e3o<br \/>\nFunda\u00e7\u00e3o Dracenense de Educa\u00e7\u00e3o e Cultura<\/div>\n<\/div>\n<div dir=\"ltr\"><img loading=\"lazy\" decoding=\"async\" class=\"alignnone size-full wp-image-27491\" src=\"https:\/\/jorgezanoni.com.br\/2019\/wp-content\/uploads\/2020\/06\/plata.jpg\" alt=\"\" width=\"1280\" height=\"1206\" srcset=\"https:\/\/jorgezanoni.com.br\/2019\/wp-content\/uploads\/2020\/06\/plata.jpg 1280w, https:\/\/jorgezanoni.com.br\/2019\/wp-content\/uploads\/2020\/06\/plata-300x283.jpg 300w, https:\/\/jorgezanoni.com.br\/2019\/wp-content\/uploads\/2020\/06\/plata-1024x965.jpg 1024w, https:\/\/jorgezanoni.com.br\/2019\/wp-content\/uploads\/2020\/06\/plata-768x724.jpg 768w, https:\/\/jorgezanoni.com.br\/2019\/wp-content\/uploads\/2020\/06\/plata-696x656.jpg 696w, https:\/\/jorgezanoni.com.br\/2019\/wp-content\/uploads\/2020\/06\/plata-1068x1006.jpg 1068w, https:\/\/jorgezanoni.com.br\/2019\/wp-content\/uploads\/2020\/06\/plata-446x420.jpg 446w\" sizes=\"auto, (max-width: 1280px) 100vw, 1280px\" \/>meet.google.com\/boe-kjku-pij<\/div>\n<div class=\"gmail_signature\" dir=\"ltr\">\n<div dir=\"ltr\" style=\"text-align: justify;\"><\/div>\n<\/div>\n","protected":false},"excerpt":{"rendered":"<p>O Centro Acad\u00eamico e a Atl\u00e9tica do curso de Medicina da Unifadra Dracena promover\u00e3o o web evento &#8220;Capacita\u00e7\u00e3o sobre os aspectos cl\u00ednicos da Covid-19&#8221;, com o renomado infectologista Prof. Dr. Ricardo Sobhie Diaz. O evento ser\u00e1 transmitido via Google Meet, no dia 03\/06, \u00e0s 18h, e as inscri\u00e7\u00f5es devem ser feitas diretamente via WhatsApp com [&hellip;]<\/p>\n","protected":false},"author":1,"featured_media":27490,"comment_status":"closed","ping_status":"open","sticky":false,"template":"","format":"standard","meta":{"footnotes":""},"categories":[122],"tags":[],"class_list":["post-27489","post","type-post","status-publish","format-standard","has-post-thumbnail","hentry","category-saudeeducacaoeconcurso"],"_links":{"self":[{"href":"https:\/\/jorgezanoni.com.br\/2019\/wp-json\/wp\/v2\/posts\/27489","targetHints":{"allow":["GET"]}}],"collection":[{"href":"https:\/\/jorgezanoni.com.br\/2019\/wp-json\/wp\/v2\/posts"}],"about":[{"href":"https:\/\/jorgezanoni.com.br\/2019\/wp-json\/wp\/v2\/types\/post"}],"author":[{"embeddable":true,"href":"https:\/\/jorgezanoni.com.br\/2019\/wp-json\/wp\/v2\/users\/1"}],"replies":[{"embeddable":true,"href":"https:\/\/jorgezanoni.com.br\/2019\/wp-json\/wp\/v2\/comments?post=27489"}],"version-history":[{"count":0,"href":"https:\/\/jorgezanoni.com.br\/2019\/wp-json\/wp\/v2\/posts\/27489\/revisions"}],"wp:featuredmedia":[{"embeddable":true,"href":"https:\/\/jorgezanoni.com.br\/2019\/wp-json\/wp\/v2\/media\/27490"}],"wp:attachment":[{"href":"https:\/\/jorgezanoni.com.br\/2019\/wp-json\/wp\/v2\/media?parent=27489"}],"wp:term":[{"taxonomy":"category","embeddable":true,"href":"https:\/\/jorgezanoni.com.br\/2019\/wp-json\/wp\/v2\/categories?post=27489"},{"taxonomy":"post_tag","embeddable":true,"href":"https:\/\/jorgezanoni.com.br\/2019\/wp-json\/wp\/v2\/tags?post=27489"}],"curies":[{"name":"wp","href":"https:\/\/api.w.org\/{rel}","templated":true}]}}