{"id":27464,"date":"2020-06-03T00:51:47","date_gmt":"2020-06-03T00:51:47","guid":{"rendered":"https:\/\/jorgezanoni.com.br\/2019\/?p=27464"},"modified":"2020-06-03T00:51:47","modified_gmt":"2020-06-03T00:51:47","slug":"paciente-com-suspeita-de-covid-19-foge-do-hospital-regional-em-presidente-prudente","status":"publish","type":"post","link":"https:\/\/jorgezanoni.com.br\/2019\/paciente-com-suspeita-de-covid-19-foge-do-hospital-regional-em-presidente-prudente\/","title":{"rendered":"Paciente com suspeita de Covid-19 foge do Hospital Regional em Presidente Prudente"},"content":{"rendered":"<h2 class=\"content-head__subtitle\" style=\"text-align: justify;\"><strong>Mulher, de 55 anos, estava internada desde o dia 29 de maio e deixou a unidade na tarde desta ter\u00e7a-feira (2). Caso foi registrado na Delegacia Participativa da Pol\u00edcia Civil.<\/strong><\/h2>\n<div class=\"mc-column content-text active-extra-styles \" data-block-type=\"unstyled\" data-block-weight=\"36\" data-block-id=\"2\">\n<p class=\"content-text__container \" data-track-category=\"Link no Texto\" data-track-links=\"\">Uma mulher de 55 anos que estava internada com suspeita de Covid-19 no Hospital Regional, em\u00a0<a href=\"https:\/\/g1.globo.com\/sp\/presidente-prudente-regiao\/cidade\/presidente-prudente\/\">Presidente Prudente<\/a>, fugiu da unidade na tarde desta ter\u00e7a-feira (2). O caso foi registrado na Delegacia Participativa da Pol\u00edcia Civil.<\/p>\n<\/div>\n<div class=\"wall protected-content\">\n<div class=\"mc-column content-text active-extra-styles \" data-block-type=\"unstyled\" data-block-weight=\"29\" data-block-id=\"3\">\n<p class=\"content-text__container \" data-track-category=\"Link no Texto\" data-track-links=\"\">Segundo as informa\u00e7\u00f5es contidas no Boletim de Ocorr\u00eancia, uma enfermeira do HR compareceu na delegacia para comunicar a fuga da paciente, que \u00e9 natural e moradora de Presidente Prudente.<\/p>\n<\/div>\n<div class=\"mc-column content-text active-extra-styles \" data-block-type=\"unstyled\" data-block-weight=\"24\" data-block-id=\"4\">\n<p class=\"content-text__container \" data-track-category=\"Link no Texto\" data-track-links=\"\">Ela estava internada desde \u00e0s 12h49 do dia 29 de maio e fugiu do hospital sem as devidas autoriza\u00e7\u00f5es, de acordo com o boletim.<\/p>\n<\/div>\n<div class=\"mc-column content-text active-extra-styles \" data-block-type=\"unstyled\" data-block-weight=\"28\" data-block-id=\"5\">\n<p class=\"content-text__container \" data-track-category=\"Link no Texto\" data-track-links=\"\">A enfermeira ainda esclareceu na ocorr\u00eancia que a paciente estava internada com suspeita de Covid-19, sendo feito os exames e at\u00e9 o presente momento n\u00e3o sa\u00edram os resultados.<\/p>\n<\/div>\n<div class=\"mc-column content-text active-extra-styles\" data-block-type=\"raw\" data-block-weight=\"2\" data-block-id=\"6\">\n<div class=\"content-intertitle\">\n<h2>Hospital Regional<\/h2>\n<\/div>\n<\/div>\n<div class=\"mc-column content-text active-extra-styles \" data-block-type=\"unstyled\" data-block-weight=\"51\" data-block-id=\"7\">\n<p class=\"content-text__container \" style=\"text-align: justify;\" data-track-category=\"Link no Texto\" data-track-links=\"\">Em nota \u00e0\u00a0<strong>TV Fronteira<\/strong>, o Hospital Regional informou que a paciente, uma mulher de 55 anos, deu entrada na unidade no dia 29 de maio com suspeita de Covid-19, onde permaneceu internada sob cuidados m\u00e9dicos e multiprofissionais na enfermaria destinada aos pacientes com suspeita da doen\u00e7a causada pelo novo coronav\u00edrus.<\/p>\n<\/div>\n<div class=\"mc-column content-text active-extra-styles \" style=\"text-align: justify;\" data-block-type=\"unstyled\" data-block-weight=\"34\" data-block-id=\"8\">\n<p class=\"content-text__container \" data-track-category=\"Link no Texto\" data-track-links=\"\">Na tarde desta ter\u00e7a-feira (2), \u201ca paciente falou que n\u00e3o gostaria mais de ficar internada, e decidiu retornar \u00e0 sua resid\u00eancia, alegando que a mesma estava sob risco de ser assaltada por estar vazia\u201d.<\/p>\n<\/div>\n<div class=\"mc-column content-text active-extra-styles \" style=\"text-align: justify;\" data-block-type=\"unstyled\" data-block-weight=\"15\" data-block-id=\"10\">\n<p class=\"content-text__container \" data-track-category=\"Link no Texto\" data-track-links=\"\">No momento do ocorrido, o estado de sa\u00fade dela era considerado est\u00e1vel, segundo o hospital.<\/p>\n<\/div>\n<div class=\"mc-column content-text active-extra-styles \" style=\"text-align: justify;\" data-block-type=\"unstyled\" data-block-weight=\"21\" data-block-id=\"11\">\n<p class=\"content-text__container \" data-track-category=\"Link no Texto\" data-track-links=\"\">\u201cNeste momento, estamos em contato com a fam\u00edlia para refor\u00e7ar as orienta\u00e7\u00f5es de isolamento da paciente&#8221;, concluiu a unidade de sa\u00fade.<\/p>\n<\/div>\n<div class=\"mc-column content-text active-extra-styles\" style=\"text-align: justify;\" data-block-type=\"raw\" data-block-weight=\"2\" data-block-id=\"12\">\n<div class=\"content-intertitle\">\n<h2>Boletim epidemiol\u00f3gico<\/h2>\n<\/div>\n<\/div>\n<div class=\"mc-column content-text active-extra-styles \" style=\"text-align: justify;\" data-block-type=\"unstyled\" data-block-weight=\"22\" data-block-id=\"13\">\n<p class=\"content-text__container \" data-track-category=\"Link no Texto\" data-track-links=\"\">Conforme boletim oficial divulgado \u00e0s 17h16 desta ter\u00e7a-feira (2),\u00a0<a href=\"https:\/\/g1.globo.com\/sp\/presidente-prudente-regiao\/noticia\/2020\/06\/02\/apos-flexibilizacao-na-quarentena-presidente-prudente-registra-duas-mortes-suspeitas-e-passa-de-150-casos-positivos-de-covid-19.ghtml\">Presidente Prudente possui 157 casos positivos do novo coronav\u00edrus, com dez mortes confirmadas<\/a>.<\/p>\n<\/div>\n<div class=\"mc-column content-text active-extra-styles \" style=\"text-align: justify;\" data-block-type=\"unstyled\" data-block-weight=\"25\" data-block-id=\"14\">\n<p class=\"content-text__container \" data-track-category=\"Link no Texto\" data-track-links=\"\">O balan\u00e7o aponta que 19 pessoas est\u00e3o hospitalizadas, sete delas em Unidade de Terapia Intensiva (UTI). Entre os pacientes internados h\u00e1 casos suspeitos e confirmados.<\/p>\n<\/div>\n<div class=\"mc-column content-text active-extra-styles \" data-block-type=\"unstyled\" data-block-weight=\"24\" data-block-id=\"15\">\n<p class=\"content-text__container \" style=\"text-align: justify;\" data-track-category=\"Link no Texto\" data-track-links=\"\">A cidade possui 860 notifica\u00e7\u00f5es da doen\u00e7a. Desse total, 667 j\u00e1 foram descartadas e 36 pessoas aguardam resultados de exames, incluindo dois \u00f3bitos suspeitos.<\/p>\n<p style=\"text-align: justify;\" data-track-category=\"Link no Texto\" data-track-links=\"\">Fonte: G1<\/p>\n<\/div>\n<\/div>\n","protected":false},"excerpt":{"rendered":"<p>Mulher, de 55 anos, estava internada desde o dia 29 de maio e deixou a unidade na tarde desta ter\u00e7a-feira (2). Caso foi registrado na Delegacia Participativa da Pol\u00edcia Civil. Uma mulher de 55 anos que estava internada com suspeita de Covid-19 no Hospital Regional, em\u00a0Presidente Prudente, fugiu da unidade na tarde desta ter\u00e7a-feira (2). [&hellip;]<\/p>\n","protected":false},"author":1,"featured_media":27465,"comment_status":"closed","ping_status":"open","sticky":false,"template":"","format":"standard","meta":{"footnotes":""},"categories":[110,2],"tags":[],"class_list":["post-27464","post","type-post","status-publish","format-standard","has-post-thumbnail","hentry","category-noticiasdestaque","category-policial"],"_links":{"self":[{"href":"https:\/\/jorgezanoni.com.br\/2019\/wp-json\/wp\/v2\/posts\/27464","targetHints":{"allow":["GET"]}}],"collection":[{"href":"https:\/\/jorgezanoni.com.br\/2019\/wp-json\/wp\/v2\/posts"}],"about":[{"href":"https:\/\/jorgezanoni.com.br\/2019\/wp-json\/wp\/v2\/types\/post"}],"author":[{"embeddable":true,"href":"https:\/\/jorgezanoni.com.br\/2019\/wp-json\/wp\/v2\/users\/1"}],"replies":[{"embeddable":true,"href":"https:\/\/jorgezanoni.com.br\/2019\/wp-json\/wp\/v2\/comments?post=27464"}],"version-history":[{"count":0,"href":"https:\/\/jorgezanoni.com.br\/2019\/wp-json\/wp\/v2\/posts\/27464\/revisions"}],"wp:featuredmedia":[{"embeddable":true,"href":"https:\/\/jorgezanoni.com.br\/2019\/wp-json\/wp\/v2\/media\/27465"}],"wp:attachment":[{"href":"https:\/\/jorgezanoni.com.br\/2019\/wp-json\/wp\/v2\/media?parent=27464"}],"wp:term":[{"taxonomy":"category","embeddable":true,"href":"https:\/\/jorgezanoni.com.br\/2019\/wp-json\/wp\/v2\/categories?post=27464"},{"taxonomy":"post_tag","embeddable":true,"href":"https:\/\/jorgezanoni.com.br\/2019\/wp-json\/wp\/v2\/tags?post=27464"}],"curies":[{"name":"wp","href":"https:\/\/api.w.org\/{rel}","templated":true}]}}