{"id":27458,"date":"2020-06-03T00:31:23","date_gmt":"2020-06-03T00:31:23","guid":{"rendered":"https:\/\/jorgezanoni.com.br\/2019\/?p=27458"},"modified":"2020-06-03T00:32:15","modified_gmt":"2020-06-03T00:32:15","slug":"casos-de-coronavirus-confirmados-na-regiao-de-presidente-prudente-em-2-de-junho-incluindo-dracena","status":"publish","type":"post","link":"https:\/\/jorgezanoni.com.br\/2019\/casos-de-coronavirus-confirmados-na-regiao-de-presidente-prudente-em-2-de-junho-incluindo-dracena\/","title":{"rendered":"Casos de coronav\u00edrus confirmados na regi\u00e3o de Presidente Prudente em 2 de junho, incluindo Dracena"},"content":{"rendered":"<p style=\"text-align: justify;\"><strong>Cidades da regi\u00e3o de Presidente Prudente divulgaram nesta ter\u00e7a-feira (2) novos casos confirmados de Covid-19, por meio das Secretarias Municipais de Sa\u00fade.<\/strong><\/p>\n<div class=\"mc-column content-text active-extra-styles\" data-block-type=\"raw\" data-block-weight=\"1\" data-block-id=\"2\">\n<div class=\"content-intertitle\">\n<h2 style=\"text-align: justify;\">Adamantina<\/h2>\n<\/div>\n<\/div>\n<div class=\"mc-column content-text active-extra-styles \" style=\"text-align: justify;\" data-block-type=\"unstyled\" data-block-weight=\"21\" data-block-id=\"3\">\n<p class=\"content-text__container \" data-track-category=\"Link no Texto\" data-track-links=\"\">A Secretaria Municipal de Sa\u00fade de\u00a0<a href=\"https:\/\/g1.globo.com\/sp\/presidente-prudente-regiao\/cidade\/adamantina\/\">Adamantina<\/a>\u00a0informou mais um caso confirmado de Covid-19. Agora, a cidade soma 40 casos positivos.<\/p>\n<\/div>\n<div class=\"mc-column content-text active-extra-styles \" style=\"text-align: justify;\" data-block-type=\"unstyled\" data-block-weight=\"22\" data-block-id=\"4\">\n<p class=\"content-text__container \" data-track-category=\"Link no Texto\" data-track-links=\"\">At\u00e9 o momento, Adamantina tem 33 casos curados, 100 negativos, 142 notifica\u00e7\u00f5es, duas pessoas aguardando resultado de exames e tr\u00eas \u00f3bitos confirmados.<\/p>\n<\/div>\n<div class=\"row medium-uncollapsed content-media content-photo\" style=\"text-align: justify;\" data-block-type=\"backstage-photo\" data-block-id=\"5\">\n<div class=\"mc-column content-media__container\">\n<figure><img decoding=\"async\" class=\"i-amphtml-fill-content i-amphtml-replaced-content\" src=\"https:\/\/s2.glbimg.com\/k_sPfsg3LXGEEX5R5KQ0PJkAU0A=\/0x0:1754x1241\/984x0\/smart\/filters:strip_icc()\/i.s3.glbimg.com\/v1\/AUTH_59edd422c0c84a879bd37670ae4f538a\/internal_photos\/bs\/2020\/l\/a\/cY4hOcQ0qBLEJpdC0Q5Q\/covid-0206.jpg\" sizes=\"(max-width: 1242px) 648px, 100vw\" srcset=\"https:\/\/s2.glbimg.com\/XQIeTJE-UyAxHew1UQQqJOdsKZo=\/0x0:1754x1241\/1000x0\/smart\/filters:strip_icc()\/i.s3.glbimg.com\/v1\/AUTH_59edd422c0c84a879bd37670ae4f538a\/internal_photos\/bs\/2020\/l\/a\/cY4hOcQ0qBLEJpdC0Q5Q\/covid-0206.jpg 1000w, https:\/\/s2.glbimg.com\/k_sPfsg3LXGEEX5R5KQ0PJkAU0A=\/0x0:1754x1241\/984x0\/smart\/filters:strip_icc()\/i.s3.glbimg.com\/v1\/AUTH_59edd422c0c84a879bd37670ae4f538a\/internal_photos\/bs\/2020\/l\/a\/cY4hOcQ0qBLEJpdC0Q5Q\/covid-0206.jpg 984w, https:\/\/s2.glbimg.com\/NB2jrBw2WeFXM2n_btFadEToMts=\/0x0:1754x1241\/640x0\/smart\/filters:strip_icc()\/i.s3.glbimg.com\/v1\/AUTH_59edd422c0c84a879bd37670ae4f538a\/internal_photos\/bs\/2020\/l\/a\/cY4hOcQ0qBLEJpdC0Q5Q\/covid-0206.jpg 640w, https:\/\/s2.glbimg.com\/HEHFFYfCu8IGS2zyFqDUM8yI6XI=\/0x0:1754x1241\/600x0\/smart\/filters:strip_icc()\/i.s3.glbimg.com\/v1\/AUTH_59edd422c0c84a879bd37670ae4f538a\/internal_photos\/bs\/2020\/l\/a\/cY4hOcQ0qBLEJpdC0Q5Q\/covid-0206.jpg 600w\" alt=\"Boletim de casos de coronav\u00edrus em Adamantina, em 2 de junho \u2014 Foto: Reprodu\u00e7\u00e3o\" \/><\/figure>\n<p class=\"content-media__description \">Boletim de casos de coronav\u00edrus em Adamantina, em 2 de junho \u2014 Foto: Reprodu\u00e7\u00e3o<\/p>\n<\/div>\n<\/div>\n<div class=\"mc-column content-text active-extra-styles\" style=\"text-align: justify;\" data-block-type=\"raw\" data-block-weight=\"1\" data-block-id=\"6\">\n<div class=\"content-intertitle\">\n<h2>Pacaembu<\/h2>\n<\/div>\n<\/div>\n<div class=\"mc-column content-text active-extra-styles \" style=\"text-align: justify;\" data-block-type=\"unstyled\" data-block-weight=\"24\" data-block-id=\"7\">\n<p class=\"content-text__container \" data-track-category=\"Link no Texto\" data-track-links=\"\">O boletim oficial informa 20 confirma\u00e7\u00f5es de novo coronav\u00edrus. A Prefeitura de\u00a0<a href=\"https:\/\/g1.globo.com\/sp\/presidente-prudente-regiao\/cidade\/pacaembu\/\">Pacaembu<\/a>\u00a0tamb\u00e9m divulgou nove pacientes curados, 22 suspeitos e 45 exames descartados.<\/p>\n<\/div>\n<div class=\"mc-column content-text active-extra-styles\" style=\"text-align: justify;\" data-block-type=\"raw\" data-block-weight=\"2\" data-block-id=\"8\">\n<div class=\"content-intertitle\">\n<h2>Presidente Epit\u00e1cio<\/h2>\n<\/div>\n<\/div>\n<div class=\"mc-column content-text active-extra-styles \" style=\"text-align: justify;\" data-block-type=\"unstyled\" data-block-weight=\"58\" data-block-id=\"9\">\n<p class=\"content-text__container \" data-track-category=\"Link no Texto\" data-track-links=\"\">A Prefeitura de\u00a0<a href=\"https:\/\/g1.globo.com\/sp\/presidente-prudente-regiao\/cidade\/presidente-epitacio\/\">Presidente Epit\u00e1cio<\/a>\u00a0divulgou o oitavo caso positivo de Covid-19. Conforme o Poder Executivo, o homem est\u00e1 hospitalizado em Presidente Prudente. Entre os moradores confirmados com a doen\u00e7a, cinco j\u00e1 est\u00e3o recuperados, um segue em isolamento domiciliar e h\u00e1 uma morte. O munic\u00edpio aguarda o resultado de exames de duas pessoas e 34 resultados deram negativo.<\/p>\n<\/div>\n<div class=\"row medium-uncollapsed content-media content-photo\" style=\"text-align: justify;\" data-block-type=\"backstage-photo\" data-block-id=\"10\">\n<div class=\"mc-column content-media__container\">\n<figure><img decoding=\"async\" class=\"i-amphtml-fill-content i-amphtml-replaced-content\" src=\"https:\/\/s2.glbimg.com\/HShxO1MaPDB6AIn--lRZ4SHCmhI=\/0x0:960x960\/984x0\/smart\/filters:strip_icc()\/i.s3.glbimg.com\/v1\/AUTH_59edd422c0c84a879bd37670ae4f538a\/internal_photos\/bs\/2020\/C\/e\/8xG2CgTXuPPCkPWRF8Ow\/pres-epi.png\" sizes=\"(max-width: 1242px) 648px, 100vw\" srcset=\"https:\/\/s2.glbimg.com\/_D-e1k7lQxEXy7FdG1k6h6PIyaA=\/0x0:960x960\/1000x0\/smart\/filters:strip_icc()\/i.s3.glbimg.com\/v1\/AUTH_59edd422c0c84a879bd37670ae4f538a\/internal_photos\/bs\/2020\/C\/e\/8xG2CgTXuPPCkPWRF8Ow\/pres-epi.png 1000w, https:\/\/s2.glbimg.com\/HShxO1MaPDB6AIn--lRZ4SHCmhI=\/0x0:960x960\/984x0\/smart\/filters:strip_icc()\/i.s3.glbimg.com\/v1\/AUTH_59edd422c0c84a879bd37670ae4f538a\/internal_photos\/bs\/2020\/C\/e\/8xG2CgTXuPPCkPWRF8Ow\/pres-epi.png 984w, https:\/\/s2.glbimg.com\/wIyTwdoijFyXTsWcob2Se1l-KXA=\/0x0:960x960\/640x0\/smart\/filters:strip_icc()\/i.s3.glbimg.com\/v1\/AUTH_59edd422c0c84a879bd37670ae4f538a\/internal_photos\/bs\/2020\/C\/e\/8xG2CgTXuPPCkPWRF8Ow\/pres-epi.png 640w, https:\/\/s2.glbimg.com\/vme8zhWzDWEuye8jNvb5XIXWc7w=\/0x0:960x960\/600x0\/smart\/filters:strip_icc()\/i.s3.glbimg.com\/v1\/AUTH_59edd422c0c84a879bd37670ae4f538a\/internal_photos\/bs\/2020\/C\/e\/8xG2CgTXuPPCkPWRF8Ow\/pres-epi.png 600w\" alt=\"Boletim de casos de coronav\u00edrus em Presidente Epit\u00e1cio, em 2 de junho \u2014 Foto: Reprodu\u00e7\u00e3o\" \/><\/figure>\n<p class=\"content-media__description \">Boletim de casos de coronav\u00edrus em Presidente Epit\u00e1cio, em 2 de junho \u2014 Foto: Reprodu\u00e7\u00e3o<\/p>\n<\/div>\n<\/div>\n<div class=\"mc-column content-text active-extra-styles\" style=\"text-align: justify;\" data-block-type=\"raw\" data-block-weight=\"2\" data-block-id=\"12\">\n<div class=\"content-intertitle\">\n<h2>Regente Feij\u00f3<\/h2>\n<\/div>\n<\/div>\n<div class=\"mc-column content-text active-extra-styles \" style=\"text-align: justify;\" data-block-type=\"unstyled\" data-block-weight=\"31\" data-block-id=\"13\">\n<p class=\"content-text__container \" data-track-category=\"Link no Texto\" data-track-links=\"\"><a href=\"https:\/\/g1.globo.com\/sp\/presidente-prudente-regiao\/cidade\/regente-feijo\/\">Regente Feij\u00f3<\/a>\u00a0conta com oito casos confirmados de Covid-19. Conforme a Vigil\u00e2ncia Epidemiol\u00f3gica, as oito pessoas j\u00e1 est\u00e3o curadas. H\u00e1 tamb\u00e9m 28 notifica\u00e7\u00f5es, 16 exames descartados e quatro pacientes aguardando resultados.<\/p>\n<\/div>\n<div class=\"row medium-uncollapsed content-media content-photo\" style=\"text-align: justify;\" data-block-type=\"backstage-photo\" data-block-id=\"14\">\n<div class=\"mc-column content-media__container\">\n<figure><img decoding=\"async\" class=\"i-amphtml-fill-content i-amphtml-replaced-content\" src=\"https:\/\/s2.glbimg.com\/ty8y1gthcib8cM8eI8IgkFRulAA=\/0x0:1142x771\/984x0\/smart\/filters:strip_icc()\/i.s3.glbimg.com\/v1\/AUTH_59edd422c0c84a879bd37670ae4f538a\/internal_photos\/bs\/2020\/U\/d\/NqbzWyRDe7dfL1jNVRwQ\/regente-feijo-covid.jpg\" sizes=\"(max-width: 1242px) 648px, 100vw\" srcset=\"https:\/\/s2.glbimg.com\/MAzEBL4t1lvl83_AysC3J2AZFlk=\/0x0:1142x771\/1000x0\/smart\/filters:strip_icc()\/i.s3.glbimg.com\/v1\/AUTH_59edd422c0c84a879bd37670ae4f538a\/internal_photos\/bs\/2020\/U\/d\/NqbzWyRDe7dfL1jNVRwQ\/regente-feijo-covid.jpg 1000w, https:\/\/s2.glbimg.com\/ty8y1gthcib8cM8eI8IgkFRulAA=\/0x0:1142x771\/984x0\/smart\/filters:strip_icc()\/i.s3.glbimg.com\/v1\/AUTH_59edd422c0c84a879bd37670ae4f538a\/internal_photos\/bs\/2020\/U\/d\/NqbzWyRDe7dfL1jNVRwQ\/regente-feijo-covid.jpg 984w, https:\/\/s2.glbimg.com\/ntFHVdgGXgb4PbfR5Tla5c9mOO4=\/0x0:1142x771\/640x0\/smart\/filters:strip_icc()\/i.s3.glbimg.com\/v1\/AUTH_59edd422c0c84a879bd37670ae4f538a\/internal_photos\/bs\/2020\/U\/d\/NqbzWyRDe7dfL1jNVRwQ\/regente-feijo-covid.jpg 640w, https:\/\/s2.glbimg.com\/8Znh7agbqNo4jC1B3e_Lgtbetmc=\/0x0:1142x771\/600x0\/smart\/filters:strip_icc()\/i.s3.glbimg.com\/v1\/AUTH_59edd422c0c84a879bd37670ae4f538a\/internal_photos\/bs\/2020\/U\/d\/NqbzWyRDe7dfL1jNVRwQ\/regente-feijo-covid.jpg 600w\" alt=\"Boletim de casos de coronav\u00edrus em Regente Feij\u00f3, em 2 de junho \u2014 Foto: Reprodu\u00e7\u00e3o\" \/><\/figure>\n<p class=\"content-media__description \">Boletim de casos de coronav\u00edrus em Regente Feij\u00f3, em 2 de junho \u2014 Foto: Reprodu\u00e7\u00e3o<\/p>\n<\/div>\n<\/div>\n<div class=\"mc-column content-text active-extra-styles\" style=\"text-align: justify;\" data-block-type=\"raw\" data-block-weight=\"2\" data-block-id=\"15\">\n<div class=\"content-intertitle\">\n<h2>Santo Anast\u00e1cio<\/h2>\n<\/div>\n<\/div>\n<div class=\"mc-column content-text active-extra-styles \" style=\"text-align: justify;\" data-block-type=\"unstyled\" data-block-weight=\"31\" data-block-id=\"16\">\n<p class=\"content-text__container \" data-track-category=\"Link no Texto\" data-track-links=\"\">O munic\u00edpio de\u00a0<a href=\"https:\/\/g1.globo.com\/sp\/presidente-prudente-regiao\/cidade\/santo-anastacio\/\">Santo Anast\u00e1cio<\/a>\u00a0chegou a sete confirma\u00e7\u00f5es de novo coronav\u00edrus. O boletim oficial traz tamb\u00e9m dois suspeitos, 16 exames descartados, tr\u00eas pessoas curadas e uma morte confirmada pela doen\u00e7a.<\/p>\n<\/div>\n<div class=\"row medium-uncollapsed content-media content-photo\" style=\"text-align: justify;\" data-block-type=\"backstage-photo\" data-block-id=\"17\">\n<div class=\"mc-column content-media__container\">\n<figure><img decoding=\"async\" class=\"i-amphtml-fill-content i-amphtml-replaced-content\" src=\"https:\/\/s2.glbimg.com\/Rm6u7zfpLkOH11D37-TqDz0m8qA=\/0x0:1024x576\/984x0\/smart\/filters:strip_icc()\/i.s3.glbimg.com\/v1\/AUTH_59edd422c0c84a879bd37670ae4f538a\/internal_photos\/bs\/2020\/H\/o\/RAIGmbRKiJ2o3vRcN5jA\/santo-anastacio-2.jpg\" sizes=\"(max-width: 1242px) 648px, 100vw\" srcset=\"https:\/\/s2.glbimg.com\/IwR7ty-flcgo8KaYk73oDc_RPdI=\/0x0:1024x576\/1000x0\/smart\/filters:strip_icc()\/i.s3.glbimg.com\/v1\/AUTH_59edd422c0c84a879bd37670ae4f538a\/internal_photos\/bs\/2020\/H\/o\/RAIGmbRKiJ2o3vRcN5jA\/santo-anastacio-2.jpg 1000w, https:\/\/s2.glbimg.com\/Rm6u7zfpLkOH11D37-TqDz0m8qA=\/0x0:1024x576\/984x0\/smart\/filters:strip_icc()\/i.s3.glbimg.com\/v1\/AUTH_59edd422c0c84a879bd37670ae4f538a\/internal_photos\/bs\/2020\/H\/o\/RAIGmbRKiJ2o3vRcN5jA\/santo-anastacio-2.jpg 984w, https:\/\/s2.glbimg.com\/0OLD-Q_JLmcfMcdtSjowTAB3C_w=\/0x0:1024x576\/640x0\/smart\/filters:strip_icc()\/i.s3.glbimg.com\/v1\/AUTH_59edd422c0c84a879bd37670ae4f538a\/internal_photos\/bs\/2020\/H\/o\/RAIGmbRKiJ2o3vRcN5jA\/santo-anastacio-2.jpg 640w, https:\/\/s2.glbimg.com\/Rsco_qdK38gnbd687QxrioI6IVs=\/0x0:1024x576\/600x0\/smart\/filters:strip_icc()\/i.s3.glbimg.com\/v1\/AUTH_59edd422c0c84a879bd37670ae4f538a\/internal_photos\/bs\/2020\/H\/o\/RAIGmbRKiJ2o3vRcN5jA\/santo-anastacio-2.jpg 600w\" alt=\"Boletim de casos de coronav\u00edrus em Santo Anast\u00e1cio, em 2 de junho \u2014 Foto: Reprodu\u00e7\u00e3o\" \/><\/figure>\n<p class=\"content-media__description \">Boletim de casos de coronav\u00edrus em Santo Anast\u00e1cio, em 2 de junho \u2014 Foto: Reprodu\u00e7\u00e3o<\/p>\n<\/div>\n<\/div>\n<div class=\"mc-column content-text active-extra-styles\" style=\"text-align: justify;\" data-block-type=\"raw\" data-block-weight=\"1\" data-block-id=\"18\">\n<div class=\"content-intertitle\">\n<h2>Dracena<\/h2>\n<\/div>\n<\/div>\n<div class=\"mc-column content-text active-extra-styles \" style=\"text-align: justify;\" data-block-type=\"unstyled\" data-block-weight=\"46\" data-block-id=\"19\">\n<p class=\"content-text__container \" data-track-category=\"Link no Texto\" data-track-links=\"\">A Secretaria Municipal de Sa\u00fade de\u00a0<a href=\"https:\/\/g1.globo.com\/sp\/presidente-prudente-regiao\/cidade\/dracena\/\">Dracena<\/a> informou que o munic\u00edpio tem 34 casos confirmados de novo coronav\u00edrus. De acordo com o informativo oficial, entre as confirma\u00e7\u00f5es h\u00e1 27 moradores curados e cinco est\u00e3o em isolamento domiciliar. H\u00e1 duas mortes pela doen\u00e7a. Sete pessoas aguardam resultados.<\/p>\n<\/div>\n<div class=\"row medium-uncollapsed content-media content-photo\" style=\"text-align: justify;\" data-block-type=\"backstage-photo\" data-block-id=\"21\">\n<div class=\"mc-column content-media__container\">\n<figure><img decoding=\"async\" class=\"i-amphtml-fill-content i-amphtml-replaced-content\" src=\"https:\/\/s2.glbimg.com\/5NPQ-a7Pscm7GAswQC-N6dOVoHo=\/0x0:754x960\/984x0\/smart\/filters:strip_icc()\/i.s3.glbimg.com\/v1\/AUTH_59edd422c0c84a879bd37670ae4f538a\/internal_photos\/bs\/2020\/2\/l\/q3Zs2BRr6SY0mVGpnGhA\/dracena-2.jpg\" sizes=\"(max-width: 1242px) 648px, 100vw\" srcset=\"https:\/\/s2.glbimg.com\/Xc633l0N_F-Wd9QXjc9UcvTEZfo=\/0x0:754x960\/1000x0\/smart\/filters:strip_icc()\/i.s3.glbimg.com\/v1\/AUTH_59edd422c0c84a879bd37670ae4f538a\/internal_photos\/bs\/2020\/2\/l\/q3Zs2BRr6SY0mVGpnGhA\/dracena-2.jpg 1000w, https:\/\/s2.glbimg.com\/5NPQ-a7Pscm7GAswQC-N6dOVoHo=\/0x0:754x960\/984x0\/smart\/filters:strip_icc()\/i.s3.glbimg.com\/v1\/AUTH_59edd422c0c84a879bd37670ae4f538a\/internal_photos\/bs\/2020\/2\/l\/q3Zs2BRr6SY0mVGpnGhA\/dracena-2.jpg 984w, https:\/\/s2.glbimg.com\/XGliOfkfSOaHYkvRHzdgXeSg7Ls=\/0x0:754x960\/640x0\/smart\/filters:strip_icc()\/i.s3.glbimg.com\/v1\/AUTH_59edd422c0c84a879bd37670ae4f538a\/internal_photos\/bs\/2020\/2\/l\/q3Zs2BRr6SY0mVGpnGhA\/dracena-2.jpg 640w, https:\/\/s2.glbimg.com\/5EccQGJxdNQ1aRI7zf4LVlzzwM4=\/0x0:754x960\/600x0\/smart\/filters:strip_icc()\/i.s3.glbimg.com\/v1\/AUTH_59edd422c0c84a879bd37670ae4f538a\/internal_photos\/bs\/2020\/2\/l\/q3Zs2BRr6SY0mVGpnGhA\/dracena-2.jpg 600w\" alt=\"Boletim de casos de coronav\u00edrus em Dracena, em 2 de junho \u2014 Foto: Reprodu\u00e7\u00e3o\" \/><\/figure>\n<p class=\"content-media__description \">Boletim de casos de coronav\u00edrus em Dracena, em 2 de junho \u2014 Foto: Reprodu\u00e7\u00e3o<\/p>\n<\/div>\n<\/div>\n<div class=\"mc-column content-text active-extra-styles\" style=\"text-align: justify;\" data-block-type=\"raw\" data-block-weight=\"3\" data-block-id=\"22\">\n<div class=\"content-intertitle\">\n<h2>Mirante do Paranapanema<\/h2>\n<\/div>\n<\/div>\n<div class=\"mc-column content-text active-extra-styles \" style=\"text-align: justify;\" data-block-type=\"unstyled\" data-block-weight=\"51\" data-block-id=\"23\">\n<p class=\"content-text__container \" data-track-category=\"Link no Texto\" data-track-links=\"\">A Prefeitura de\u00a0<a href=\"https:\/\/g1.globo.com\/sp\/presidente-prudente-regiao\/cidade\/mirante-do-paranapanema\/\">Mirante do Paranapanema<\/a>\u00a0divulgou os tr\u00eas primeiros casos positivos de Covid-19. O munic\u00edpio n\u00e3o informou o sexo e idade das v\u00edtimas, disse apenas que h\u00e1 uma pessoa internada e as outras duas cumprem isolamento domiciliar. Todas est\u00e3o bem. A cidade tem ainda um casos suspeito e 19 descartados.<\/p>\n<\/div>\n<div class=\"mc-column content-text active-extra-styles\" style=\"text-align: justify;\" data-block-type=\"raw\" data-block-weight=\"1\" data-block-id=\"24\">\n<div class=\"content-intertitle\">\n<h2>Irapuru<\/h2>\n<\/div>\n<\/div>\n<div class=\"mc-column content-text active-extra-styles \" style=\"text-align: justify;\" data-block-type=\"unstyled\" data-block-weight=\"58\" data-block-id=\"25\">\n<p class=\"content-text__container \" data-track-category=\"Link no Texto\" data-track-links=\"\">A Prefeitura de\u00a0<a href=\"https:\/\/g1.globo.com\/sp\/presidente-prudente-regiao\/cidade\/irapuru\/\">Irapuru<\/a>\u00a0registrou o 11\u00ba caso positivo de Covid-19. Conforme o munic\u00edpio, a v\u00edtima \u00e9 uma mulher, que segue em isolamento domiciliar. Ela teve contato com o marido, um agente penitenci\u00e1rio que tamb\u00e9m contraiu a doen\u00e7a. A idade dessa mulher n\u00e3o foi informada. Al\u00e9m das 11 confirma\u00e7\u00f5es, Irapuru tem um caso suspeito e 24 exames descartados.<\/p>\n<\/div>\n<div class=\"mc-column content-text active-extra-styles\" style=\"text-align: justify;\" data-block-type=\"raw\" data-block-weight=\"2\" data-block-id=\"26\">\n<div class=\"content-intertitle\">\n<h2>Fl\u00f3rida Paulista<\/h2>\n<\/div>\n<\/div>\n<div class=\"mc-column content-text active-extra-styles \" style=\"text-align: justify;\" data-block-type=\"unstyled\" data-block-weight=\"46\" data-block-id=\"27\">\n<p class=\"content-text__container \" data-track-category=\"Link no Texto\" data-track-links=\"\"><a href=\"https:\/\/g1.globo.com\/sp\/presidente-prudente-regiao\/cidade\/florida-paulista\/\">Fl\u00f3rida Paulista<\/a>\u00a0confirmou mais um caso da Covid-19. Paciente \u00e9 um agente penitenci\u00e1rio, de 34 anos, que trabalha na Penitenci\u00e1ria de\u00a0<a href=\"https:\/\/g1.globo.com\/sp\/presidente-prudente-regiao\/cidade\/pacaembu\/\">Pacaembu<\/a>. Com este novo caso, a cidade contabiliza cinco confirma\u00e7\u00f5es. Al\u00e9m disso, o resultado de um exame ainda \u00e9 aguardado e 16 foram descartados.<\/p>\n<\/div>\n<div class=\"mc-column content-text active-extra-styles\" style=\"text-align: justify;\" data-block-type=\"raw\" data-block-weight=\"1\" data-block-id=\"28\">\n<div class=\"content-intertitle\">\n<h2>Indiana<\/h2>\n<\/div>\n<\/div>\n<div class=\"mc-column content-text active-extra-styles \" data-block-type=\"unstyled\" data-block-weight=\"40\" data-block-id=\"29\">\n<p class=\"content-text__container \" style=\"text-align: justify;\" data-track-category=\"Link no Texto\" data-track-links=\"\">A Prefeitura confirmou um novo caso de coronav\u00edrus em\u00a0<a href=\"https:\/\/g1.globo.com\/sp\/presidente-prudente-regiao\/cidade\/indiana\/\">Indiana<\/a>. A v\u00edtima \u00e9 uma mulher que cumpre isolamento domiciliar. Agora, a cidade tem 15 confirma\u00e7\u00f5es. Dessas, nove j\u00e1 est\u00e3o recuperados. O munic\u00edpio ainda aguarda um resultado e j\u00e1 descartou 29.<\/p>\n<p style=\"text-align: justify;\" data-track-category=\"Link no Texto\" data-track-links=\"\">Fonte: G1<\/p>\n<\/div>\n","protected":false},"excerpt":{"rendered":"<p>Cidades da regi\u00e3o de Presidente Prudente divulgaram nesta ter\u00e7a-feira (2) novos casos confirmados de Covid-19, por meio das Secretarias Municipais de Sa\u00fade. Adamantina A Secretaria Municipal de Sa\u00fade de\u00a0Adamantina\u00a0informou mais um caso confirmado de Covid-19. Agora, a cidade soma 40 casos positivos. At\u00e9 o momento, Adamantina tem 33 casos curados, 100 negativos, 142 notifica\u00e7\u00f5es, duas [&hellip;]<\/p>\n","protected":false},"author":1,"featured_media":27461,"comment_status":"closed","ping_status":"open","sticky":false,"template":"","format":"standard","meta":{"footnotes":""},"categories":[110,122],"tags":[],"class_list":["post-27458","post","type-post","status-publish","format-standard","has-post-thumbnail","hentry","category-noticiasdestaque","category-saudeeducacaoeconcurso"],"_links":{"self":[{"href":"https:\/\/jorgezanoni.com.br\/2019\/wp-json\/wp\/v2\/posts\/27458","targetHints":{"allow":["GET"]}}],"collection":[{"href":"https:\/\/jorgezanoni.com.br\/2019\/wp-json\/wp\/v2\/posts"}],"about":[{"href":"https:\/\/jorgezanoni.com.br\/2019\/wp-json\/wp\/v2\/types\/post"}],"author":[{"embeddable":true,"href":"https:\/\/jorgezanoni.com.br\/2019\/wp-json\/wp\/v2\/users\/1"}],"replies":[{"embeddable":true,"href":"https:\/\/jorgezanoni.com.br\/2019\/wp-json\/wp\/v2\/comments?post=27458"}],"version-history":[{"count":0,"href":"https:\/\/jorgezanoni.com.br\/2019\/wp-json\/wp\/v2\/posts\/27458\/revisions"}],"wp:featuredmedia":[{"embeddable":true,"href":"https:\/\/jorgezanoni.com.br\/2019\/wp-json\/wp\/v2\/media\/27461"}],"wp:attachment":[{"href":"https:\/\/jorgezanoni.com.br\/2019\/wp-json\/wp\/v2\/media?parent=27458"}],"wp:term":[{"taxonomy":"category","embeddable":true,"href":"https:\/\/jorgezanoni.com.br\/2019\/wp-json\/wp\/v2\/categories?post=27458"},{"taxonomy":"post_tag","embeddable":true,"href":"https:\/\/jorgezanoni.com.br\/2019\/wp-json\/wp\/v2\/tags?post=27458"}],"curies":[{"name":"wp","href":"https:\/\/api.w.org\/{rel}","templated":true}]}}